{"id":1057,"date":"2014-04-24T07:59:26","date_gmt":"2014-04-24T06:59:26","guid":{"rendered":"http:\/\/www.udc-chablais.ch\/?p=1057"},"modified":"2014-04-14T08:47:21","modified_gmt":"2014-04-14T07:47:21","slug":"yvorne-reequilibre","status":"publish","type":"post","link":"https:\/\/www.udc-chablais.ch\/?p=1057","title":{"rendered":"Yvorne r\u00e9\u00e9quilibr\u00e9 !"},"content":{"rendered":"<p><a href=\"http:\/\/www.udc-chablais.ch.preview02.oxito.com\/wp-content\/uploads\/2014\/04\/stalder_affiche_a3_web.jpg\"><img loading=\"lazy\" decoding=\"async\" class=\"alignright size-medium wp-image-1055\" alt=\"stalder_affiche_a3_web\" src=\"http:\/\/www.udc-chablais.ch.preview02.oxito.com\/wp-content\/uploads\/2014\/04\/stalder_affiche_a3_web-212x300.jpg\" width=\"212\" height=\"300\" srcset=\"https:\/\/www.udc-chablais.ch\/wp-content\/uploads\/2014\/04\/stalder_affiche_a3_web-212x300.jpg 212w, https:\/\/www.udc-chablais.ch\/wp-content\/uploads\/2014\/04\/stalder_affiche_a3_web-723x1024.jpg 723w, https:\/\/www.udc-chablais.ch\/wp-content\/uploads\/2014\/04\/stalder_affiche_a3_web.jpg 842w\" sizes=\"auto, (max-width: 212px) 100vw, 212px\" \/><\/a><strong>Guy Stalder<\/strong> est un homme de la terre. Cet agriculteur de 39 ans si\u00e8ge au comit\u00e9 de Prom\u00e9terre depuis 7 ans et pr\u00e9side l\u2019association pour la d\u00e9fense du sol agricole du Chablais vaudois.<\/p>\n<p>Profond\u00e9ment actif dans la vie locale, il a \u00e9t\u00e9 membre du Conseil communal durant deux l\u00e9gislatures. Il est officier du corps des sapeurs-pompiers.<\/p>\n<p>Il se pr\u00e9sente \u00e0 la Municipalit\u00e9 pour compl\u00e9ter l\u2019\u00e9quipe ex\u00e9cutive tout en offrant un r\u00e9\u00e9quilibrage des forces politiques pr\u00e9sentes dans la commune. Partisan de l\u2019ouverture, il a fait partie du comit\u00e9 d\u2019initiative en faveur de l\u2019introduction du scrutin proportionnel, accept\u00e9e par la population en septembre dernier.<\/p>\n<p>Guy Stalder pr\u00e9sente tous les atouts permettant d\u2019apporter comp\u00e9tences, engagement, coll\u00e9gialit\u00e9 et sang neuf \u00e0 l\u2019\u00e9quipe municipale.<\/p>\n","protected":false},"excerpt":{"rendered":"<p>Guy Stalder est un homme de la terre. Cet agriculteur de 39 ans si\u00e8ge au comit\u00e9 de Prom\u00e9terre depuis 7 ans et pr\u00e9side l\u2019association pour la d\u00e9fense du sol agricole du Chablais vaudois. Profond\u00e9ment actif dans la vie locale, il a \u00e9t\u00e9 membre du Conseil communal durant deux l\u00e9gislatures. Il est officier du corps des [&hellip;]<\/p>\n","protected":false},"author":1,"featured_media":0,"comment_status":"closed","ping_status":"closed","sticky":false,"template":"","format":"standard","meta":{"footnotes":""},"categories":[10],"tags":[36,82],"class_list":["post-1057","post","type-post","status-publish","format-standard","hentry","category-yvorne","tag-elections","tag-municipalite"],"yoast_head":"<!-- This site is optimized with the Yoast SEO plugin v27.4 - https:\/\/yoast.com\/product\/yoast-seo-wordpress\/ -->\n<title>UDC Chablais &#8226; Yvorne r\u00e9\u00e9quilibr\u00e9 !<\/title>\n<meta name=\"robots\" content=\"index, follow, max-snippet:-1, max-image-preview:large, max-video-preview:-1\" \/>\n<link rel=\"canonical\" href=\"https:\/\/www.udc-chablais.ch\/?p=1057\" \/>\n<meta property=\"og:locale\" content=\"fr_FR\" \/>\n<meta property=\"og:type\" content=\"article\" \/>\n<meta property=\"og:title\" content=\"UDC Chablais &#8226; Yvorne r\u00e9\u00e9quilibr\u00e9 !\" \/>\n<meta property=\"og:description\" content=\"Guy Stalder est un homme de la terre. Cet agriculteur de 39 ans si\u00e8ge au comit\u00e9 de Prom\u00e9terre depuis 7 ans et pr\u00e9side l\u2019association pour la d\u00e9fense du sol agricole du Chablais vaudois. Profond\u00e9ment actif dans la vie locale, il a \u00e9t\u00e9 membre du Conseil communal durant deux l\u00e9gislatures. Il est officier du corps des [&hellip;]\" \/>\n<meta property=\"og:url\" content=\"https:\/\/www.udc-chablais.ch\/?p=1057\" \/>\n<meta property=\"og:site_name\" content=\"UDC Chablais\" \/>\n<meta property=\"article:published_time\" content=\"2014-04-24T06:59:26+00:00\" \/>\n<meta property=\"og:image\" content=\"http:\/\/www.udc-chablais.ch.preview02.oxito.com\/wp-content\/uploads\/2014\/04\/stalder_affiche_a3_web-212x300.jpg\" \/>\n<meta name=\"author\" content=\"webmaster\" \/>\n<meta name=\"twitter:card\" content=\"summary_large_image\" \/>\n<meta name=\"twitter:label1\" content=\"\u00c9crit par\" \/>\n\t<meta name=\"twitter:data1\" content=\"webmaster\" \/>\n\t<meta name=\"twitter:label2\" content=\"Dur\u00e9e de lecture estim\u00e9e\" \/>\n\t<meta name=\"twitter:data2\" content=\"1 minute\" \/>\n<script type=\"application\/ld+json\" class=\"yoast-schema-graph\">{\"@context\":\"https:\\\/\\\/schema.org\",\"@graph\":[{\"@type\":\"Article\",\"@id\":\"https:\\\/\\\/www.udc-chablais.ch\\\/?p=1057#article\",\"isPartOf\":{\"@id\":\"https:\\\/\\\/www.udc-chablais.ch\\\/?p=1057\"},\"author\":{\"name\":\"webmaster\",\"@id\":\"https:\\\/\\\/www.udc-chablais.ch\\\/#\\\/schema\\\/person\\\/b62eaf6c7a833297cce77dfb363e9fa3\"},\"headline\":\"Yvorne r\u00e9\u00e9quilibr\u00e9 !\",\"datePublished\":\"2014-04-24T06:59:26+00:00\",\"mainEntityOfPage\":{\"@id\":\"https:\\\/\\\/www.udc-chablais.ch\\\/?p=1057\"},\"wordCount\":140,\"publisher\":{\"@id\":\"https:\\\/\\\/www.udc-chablais.ch\\\/#organization\"},\"image\":{\"@id\":\"https:\\\/\\\/www.udc-chablais.ch\\\/?p=1057#primaryimage\"},\"thumbnailUrl\":\"http:\\\/\\\/www.udc-chablais.ch.preview02.oxito.com\\\/wp-content\\\/uploads\\\/2014\\\/04\\\/stalder_affiche_a3_web-212x300.jpg\",\"keywords\":[\"elections\",\"municipalit\u00e9\"],\"articleSection\":[\"Yvorne\"],\"inLanguage\":\"fr-FR\"},{\"@type\":\"WebPage\",\"@id\":\"https:\\\/\\\/www.udc-chablais.ch\\\/?p=1057\",\"url\":\"https:\\\/\\\/www.udc-chablais.ch\\\/?p=1057\",\"name\":\"UDC Chablais &#8226; Yvorne r\u00e9\u00e9quilibr\u00e9 !\",\"isPartOf\":{\"@id\":\"https:\\\/\\\/www.udc-chablais.ch\\\/#website\"},\"primaryImageOfPage\":{\"@id\":\"https:\\\/\\\/www.udc-chablais.ch\\\/?p=1057#primaryimage\"},\"image\":{\"@id\":\"https:\\\/\\\/www.udc-chablais.ch\\\/?p=1057#primaryimage\"},\"thumbnailUrl\":\"http:\\\/\\\/www.udc-chablais.ch.preview02.oxito.com\\\/wp-content\\\/uploads\\\/2014\\\/04\\\/stalder_affiche_a3_web-212x300.jpg\",\"datePublished\":\"2014-04-24T06:59:26+00:00\",\"breadcrumb\":{\"@id\":\"https:\\\/\\\/www.udc-chablais.ch\\\/?p=1057#breadcrumb\"},\"inLanguage\":\"fr-FR\",\"potentialAction\":[{\"@type\":\"ReadAction\",\"target\":[\"https:\\\/\\\/www.udc-chablais.ch\\\/?p=1057\"]}]},{\"@type\":\"ImageObject\",\"inLanguage\":\"fr-FR\",\"@id\":\"https:\\\/\\\/www.udc-chablais.ch\\\/?p=1057#primaryimage\",\"url\":\"http:\\\/\\\/www.udc-chablais.ch.preview02.oxito.com\\\/wp-content\\\/uploads\\\/2014\\\/04\\\/stalder_affiche_a3_web-212x300.jpg\",\"contentUrl\":\"http:\\\/\\\/www.udc-chablais.ch.preview02.oxito.com\\\/wp-content\\\/uploads\\\/2014\\\/04\\\/stalder_affiche_a3_web-212x300.jpg\"},{\"@type\":\"BreadcrumbList\",\"@id\":\"https:\\\/\\\/www.udc-chablais.ch\\\/?p=1057#breadcrumb\",\"itemListElement\":[{\"@type\":\"ListItem\",\"position\":1,\"name\":\"Accueil\",\"item\":\"https:\\\/\\\/www.udc-chablais.ch\\\/\"},{\"@type\":\"ListItem\",\"position\":2,\"name\":\"Yvorne r\u00e9\u00e9quilibr\u00e9 !\"}]},{\"@type\":\"WebSite\",\"@id\":\"https:\\\/\\\/www.udc-chablais.ch\\\/#website\",\"url\":\"https:\\\/\\\/www.udc-chablais.ch\\\/\",\"name\":\"UDC Chablais\",\"description\":\"Une politique, la r\u00e9gion en plus\",\"publisher\":{\"@id\":\"https:\\\/\\\/www.udc-chablais.ch\\\/#organization\"},\"potentialAction\":[{\"@type\":\"SearchAction\",\"target\":{\"@type\":\"EntryPoint\",\"urlTemplate\":\"https:\\\/\\\/www.udc-chablais.ch\\\/?s={search_term_string}\"},\"query-input\":{\"@type\":\"PropertyValueSpecification\",\"valueRequired\":true,\"valueName\":\"search_term_string\"}}],\"inLanguage\":\"fr-FR\"},{\"@type\":\"Organization\",\"@id\":\"https:\\\/\\\/www.udc-chablais.ch\\\/#organization\",\"name\":\"UDC Chablais\",\"url\":\"https:\\\/\\\/www.udc-chablais.ch\\\/\",\"logo\":{\"@type\":\"ImageObject\",\"inLanguage\":\"fr-FR\",\"@id\":\"https:\\\/\\\/www.udc-chablais.ch\\\/#\\\/schema\\\/logo\\\/image\\\/\",\"url\":\"https:\\\/\\\/www.udc-chablais.ch\\\/wp-content\\\/uploads\\\/udc_chablais_logo_new_travail.jpg\",\"contentUrl\":\"https:\\\/\\\/www.udc-chablais.ch\\\/wp-content\\\/uploads\\\/udc_chablais_logo_new_travail.jpg\",\"width\":150,\"height\":150,\"caption\":\"UDC Chablais\"},\"image\":{\"@id\":\"https:\\\/\\\/www.udc-chablais.ch\\\/#\\\/schema\\\/logo\\\/image\\\/\"}},{\"@type\":\"Person\",\"@id\":\"https:\\\/\\\/www.udc-chablais.ch\\\/#\\\/schema\\\/person\\\/b62eaf6c7a833297cce77dfb363e9fa3\",\"name\":\"webmaster\",\"sameAs\":[\"http:\\\/\\\/www.dylankarlen.ch\"],\"url\":\"https:\\\/\\\/www.udc-chablais.ch\\\/?author=1\"}]}<\/script>\n<!-- \/ Yoast SEO plugin. -->","yoast_head_json":{"title":"UDC Chablais &#8226; Yvorne r\u00e9\u00e9quilibr\u00e9 !","robots":{"index":"index","follow":"follow","max-snippet":"max-snippet:-1","max-image-preview":"max-image-preview:large","max-video-preview":"max-video-preview:-1"},"canonical":"https:\/\/www.udc-chablais.ch\/?p=1057","og_locale":"fr_FR","og_type":"article","og_title":"UDC Chablais &#8226; Yvorne r\u00e9\u00e9quilibr\u00e9 !","og_description":"Guy Stalder est un homme de la terre. Cet agriculteur de 39 ans si\u00e8ge au comit\u00e9 de Prom\u00e9terre depuis 7 ans et pr\u00e9side l\u2019association pour la d\u00e9fense du sol agricole du Chablais vaudois. Profond\u00e9ment actif dans la vie locale, il a \u00e9t\u00e9 membre du Conseil communal durant deux l\u00e9gislatures. Il est officier du corps des [&hellip;]","og_url":"https:\/\/www.udc-chablais.ch\/?p=1057","og_site_name":"UDC Chablais","article_published_time":"2014-04-24T06:59:26+00:00","og_image":[{"url":"http:\/\/www.udc-chablais.ch.preview02.oxito.com\/wp-content\/uploads\/2014\/04\/stalder_affiche_a3_web-212x300.jpg","type":"","width":"","height":""}],"author":"webmaster","twitter_card":"summary_large_image","twitter_misc":{"\u00c9crit par":"webmaster","Dur\u00e9e de lecture estim\u00e9e":"1 minute"},"schema":{"@context":"https:\/\/schema.org","@graph":[{"@type":"Article","@id":"https:\/\/www.udc-chablais.ch\/?p=1057#article","isPartOf":{"@id":"https:\/\/www.udc-chablais.ch\/?p=1057"},"author":{"name":"webmaster","@id":"https:\/\/www.udc-chablais.ch\/#\/schema\/person\/b62eaf6c7a833297cce77dfb363e9fa3"},"headline":"Yvorne r\u00e9\u00e9quilibr\u00e9 !","datePublished":"2014-04-24T06:59:26+00:00","mainEntityOfPage":{"@id":"https:\/\/www.udc-chablais.ch\/?p=1057"},"wordCount":140,"publisher":{"@id":"https:\/\/www.udc-chablais.ch\/#organization"},"image":{"@id":"https:\/\/www.udc-chablais.ch\/?p=1057#primaryimage"},"thumbnailUrl":"http:\/\/www.udc-chablais.ch.preview02.oxito.com\/wp-content\/uploads\/2014\/04\/stalder_affiche_a3_web-212x300.jpg","keywords":["elections","municipalit\u00e9"],"articleSection":["Yvorne"],"inLanguage":"fr-FR"},{"@type":"WebPage","@id":"https:\/\/www.udc-chablais.ch\/?p=1057","url":"https:\/\/www.udc-chablais.ch\/?p=1057","name":"UDC Chablais &#8226; Yvorne r\u00e9\u00e9quilibr\u00e9 !","isPartOf":{"@id":"https:\/\/www.udc-chablais.ch\/#website"},"primaryImageOfPage":{"@id":"https:\/\/www.udc-chablais.ch\/?p=1057#primaryimage"},"image":{"@id":"https:\/\/www.udc-chablais.ch\/?p=1057#primaryimage"},"thumbnailUrl":"http:\/\/www.udc-chablais.ch.preview02.oxito.com\/wp-content\/uploads\/2014\/04\/stalder_affiche_a3_web-212x300.jpg","datePublished":"2014-04-24T06:59:26+00:00","breadcrumb":{"@id":"https:\/\/www.udc-chablais.ch\/?p=1057#breadcrumb"},"inLanguage":"fr-FR","potentialAction":[{"@type":"ReadAction","target":["https:\/\/www.udc-chablais.ch\/?p=1057"]}]},{"@type":"ImageObject","inLanguage":"fr-FR","@id":"https:\/\/www.udc-chablais.ch\/?p=1057#primaryimage","url":"http:\/\/www.udc-chablais.ch.preview02.oxito.com\/wp-content\/uploads\/2014\/04\/stalder_affiche_a3_web-212x300.jpg","contentUrl":"http:\/\/www.udc-chablais.ch.preview02.oxito.com\/wp-content\/uploads\/2014\/04\/stalder_affiche_a3_web-212x300.jpg"},{"@type":"BreadcrumbList","@id":"https:\/\/www.udc-chablais.ch\/?p=1057#breadcrumb","itemListElement":[{"@type":"ListItem","position":1,"name":"Accueil","item":"https:\/\/www.udc-chablais.ch\/"},{"@type":"ListItem","position":2,"name":"Yvorne r\u00e9\u00e9quilibr\u00e9 !"}]},{"@type":"WebSite","@id":"https:\/\/www.udc-chablais.ch\/#website","url":"https:\/\/www.udc-chablais.ch\/","name":"UDC Chablais","description":"Une politique, la r\u00e9gion en plus","publisher":{"@id":"https:\/\/www.udc-chablais.ch\/#organization"},"potentialAction":[{"@type":"SearchAction","target":{"@type":"EntryPoint","urlTemplate":"https:\/\/www.udc-chablais.ch\/?s={search_term_string}"},"query-input":{"@type":"PropertyValueSpecification","valueRequired":true,"valueName":"search_term_string"}}],"inLanguage":"fr-FR"},{"@type":"Organization","@id":"https:\/\/www.udc-chablais.ch\/#organization","name":"UDC Chablais","url":"https:\/\/www.udc-chablais.ch\/","logo":{"@type":"ImageObject","inLanguage":"fr-FR","@id":"https:\/\/www.udc-chablais.ch\/#\/schema\/logo\/image\/","url":"https:\/\/www.udc-chablais.ch\/wp-content\/uploads\/udc_chablais_logo_new_travail.jpg","contentUrl":"https:\/\/www.udc-chablais.ch\/wp-content\/uploads\/udc_chablais_logo_new_travail.jpg","width":150,"height":150,"caption":"UDC Chablais"},"image":{"@id":"https:\/\/www.udc-chablais.ch\/#\/schema\/logo\/image\/"}},{"@type":"Person","@id":"https:\/\/www.udc-chablais.ch\/#\/schema\/person\/b62eaf6c7a833297cce77dfb363e9fa3","name":"webmaster","sameAs":["http:\/\/www.dylankarlen.ch"],"url":"https:\/\/www.udc-chablais.ch\/?author=1"}]}},"_links":{"self":[{"href":"https:\/\/www.udc-chablais.ch\/index.php?rest_route=\/wp\/v2\/posts\/1057","targetHints":{"allow":["GET"]}}],"collection":[{"href":"https:\/\/www.udc-chablais.ch\/index.php?rest_route=\/wp\/v2\/posts"}],"about":[{"href":"https:\/\/www.udc-chablais.ch\/index.php?rest_route=\/wp\/v2\/types\/post"}],"author":[{"embeddable":true,"href":"https:\/\/www.udc-chablais.ch\/index.php?rest_route=\/wp\/v2\/users\/1"}],"replies":[{"embeddable":true,"href":"https:\/\/www.udc-chablais.ch\/index.php?rest_route=%2Fwp%2Fv2%2Fcomments&post=1057"}],"version-history":[{"count":1,"href":"https:\/\/www.udc-chablais.ch\/index.php?rest_route=\/wp\/v2\/posts\/1057\/revisions"}],"predecessor-version":[{"id":1058,"href":"https:\/\/www.udc-chablais.ch\/index.php?rest_route=\/wp\/v2\/posts\/1057\/revisions\/1058"}],"wp:attachment":[{"href":"https:\/\/www.udc-chablais.ch\/index.php?rest_route=%2Fwp%2Fv2%2Fmedia&parent=1057"}],"wp:term":[{"taxonomy":"category","embeddable":true,"href":"https:\/\/www.udc-chablais.ch\/index.php?rest_route=%2Fwp%2Fv2%2Fcategories&post=1057"},{"taxonomy":"post_tag","embeddable":true,"href":"https:\/\/www.udc-chablais.ch\/index.php?rest_route=%2Fwp%2Fv2%2Ftags&post=1057"}],"curies":[{"name":"wp","href":"https:\/\/api.w.org\/{rel}","templated":true}]}}