{"id":1065,"date":"2014-04-17T08:00:02","date_gmt":"2014-04-17T07:00:02","guid":{"rendered":"http:\/\/www.udc-chablais.ch\/?p=1065"},"modified":"2014-04-17T08:00:02","modified_gmt":"2014-04-17T07:00:02","slug":"ludc-villeneuve-a-tenu-son-assemblee-generale","status":"publish","type":"post","link":"https:\/\/www.udc-chablais.ch\/?p=1065","title":{"rendered":"L&rsquo;UDC Villeneuve a tenu son assembl\u00e9e g\u00e9n\u00e9rale"},"content":{"rendered":"<div id='gallery-1' class='gallery galleryid-1065 gallery-columns-3 gallery-size-thumbnail'><figure class='gallery-item'>\n\t\t\t<div class='gallery-icon landscape'>\n\t\t\t\t<a href='https:\/\/www.udc-chablais.ch\/?attachment_id=1066'><img loading=\"lazy\" decoding=\"async\" width=\"150\" height=\"150\" src=\"https:\/\/www.udc-chablais.ch\/wp-content\/uploads\/2014\/04\/20140416_212842-150x150.jpg\" class=\"attachment-thumbnail size-thumbnail\" alt=\"\" \/><\/a>\n\t\t\t<\/div><\/figure><figure class='gallery-item'>\n\t\t\t<div class='gallery-icon landscape'>\n\t\t\t\t<a href='https:\/\/www.udc-chablais.ch\/?attachment_id=1067'><img loading=\"lazy\" decoding=\"async\" width=\"150\" height=\"150\" src=\"https:\/\/www.udc-chablais.ch\/wp-content\/uploads\/2014\/04\/20140416_212854-150x150.jpg\" class=\"attachment-thumbnail size-thumbnail\" alt=\"\" \/><\/a>\n\t\t\t<\/div><\/figure><figure class='gallery-item'>\n\t\t\t<div class='gallery-icon landscape'>\n\t\t\t\t<a href='https:\/\/www.udc-chablais.ch\/?attachment_id=1068'><img loading=\"lazy\" decoding=\"async\" width=\"150\" height=\"150\" src=\"https:\/\/www.udc-chablais.ch\/wp-content\/uploads\/2014\/04\/20140416_212906-150x150.jpg\" class=\"attachment-thumbnail size-thumbnail\" alt=\"\" \/><\/a>\n\t\t\t<\/div><\/figure><figure class='gallery-item'>\n\t\t\t<div class='gallery-icon landscape'>\n\t\t\t\t<a href='https:\/\/www.udc-chablais.ch\/?attachment_id=1069'><img loading=\"lazy\" decoding=\"async\" width=\"150\" height=\"150\" src=\"https:\/\/www.udc-chablais.ch\/wp-content\/uploads\/2014\/04\/20140416_223807-150x150.jpg\" class=\"attachment-thumbnail size-thumbnail\" alt=\"\" \/><\/a>\n\t\t\t<\/div><\/figure><figure class='gallery-item'>\n\t\t\t<div class='gallery-icon landscape'>\n\t\t\t\t<a href='https:\/\/www.udc-chablais.ch\/?attachment_id=1070'><img loading=\"lazy\" decoding=\"async\" width=\"150\" height=\"150\" src=\"https:\/\/www.udc-chablais.ch\/wp-content\/uploads\/2014\/04\/20140416_223818-150x150.jpg\" class=\"attachment-thumbnail size-thumbnail\" alt=\"\" \/><\/a>\n\t\t\t<\/div><\/figure><figure class='gallery-item'>\n\t\t\t<div class='gallery-icon landscape'>\n\t\t\t\t<a href='https:\/\/www.udc-chablais.ch\/?attachment_id=1071'><img loading=\"lazy\" decoding=\"async\" width=\"150\" height=\"150\" src=\"https:\/\/www.udc-chablais.ch\/wp-content\/uploads\/2014\/04\/20140416_223832-150x150.jpg\" class=\"attachment-thumbnail size-thumbnail\" alt=\"\" \/><\/a>\n\t\t\t<\/div><\/figure><figure class='gallery-item'>\n\t\t\t<div class='gallery-icon landscape'>\n\t\t\t\t<a href='https:\/\/www.udc-chablais.ch\/?attachment_id=1072'><img loading=\"lazy\" decoding=\"async\" width=\"150\" height=\"150\" src=\"https:\/\/www.udc-chablais.ch\/wp-content\/uploads\/2014\/04\/20140416_223837-150x150.jpg\" class=\"attachment-thumbnail size-thumbnail\" alt=\"\" \/><\/a>\n\t\t\t<\/div><\/figure>\n\t\t<\/div>\n\n<p>Le 16 avril 2014, l&rsquo;assembl\u00e9e g\u00e9n\u00e9rale ordinaire de la section UDC Villeneuve et environs s&rsquo;est tenue \u00e0 Villeneuve au Coll\u00e8ge du Lac. Les membres ont r\u00e9\u00e9lu leur comit\u00e9, avec notamment un nouveau venu : Karl Brendle a \u00e9t\u00e9 \u00e9lu tr\u00e9sorier. Dylan Karlen a \u00e9t\u00e9 r\u00e9\u00e9lu \u00e0 la pr\u00e9sidence pour la 11\u00e8me ann\u00e9e cons\u00e9cutive, tandis que Thierry Schwitzgu\u00e9bel a \u00e9t\u00e9 r\u00e9\u00e9lu \u00e0 la vice-pr\u00e9sidence.<\/p>\n<p>Au terme de la s\u00e9ance, l&rsquo;invit\u00e9 d&rsquo;honneur, Fabrice Moscheni, ancien pr\u00e9sident de l&rsquo;UDC Vaud, a prononc\u00e9 une excellente allocution m\u00ealant histoire et politique. Il a bien insist\u00e9 sur le fait que l&rsquo;Etat ne produisait aucune valeur, mais ne faisait que redistribuer les richesses g\u00e9n\u00e9r\u00e9es par l&rsquo;\u00e9conomie.<\/p>\n","protected":false},"excerpt":{"rendered":"<p>Le 16 avril 2014, l&rsquo;assembl\u00e9e g\u00e9n\u00e9rale ordinaire de la section UDC Villeneuve et environs s&rsquo;est tenue \u00e0 Villeneuve au Coll\u00e8ge du Lac. Les membres ont r\u00e9\u00e9lu leur comit\u00e9, avec notamment un nouveau venu : Karl Brendle a \u00e9t\u00e9 \u00e9lu tr\u00e9sorier. Dylan Karlen a \u00e9t\u00e9 r\u00e9\u00e9lu \u00e0 la pr\u00e9sidence pour la 11\u00e8me ann\u00e9e cons\u00e9cutive, tandis que [&hellip;]<\/p>\n","protected":false},"author":4,"featured_media":0,"comment_status":"closed","ping_status":"closed","sticky":false,"template":"","format":"standard","meta":{"footnotes":""},"categories":[9],"tags":[23],"class_list":["post-1065","post","type-post","status-publish","format-standard","hentry","category-villeneuve","tag-assemblee"],"yoast_head":"<!-- This site is optimized with the Yoast SEO plugin v27.4 - https:\/\/yoast.com\/product\/yoast-seo-wordpress\/ -->\n<title>UDC Chablais &#8226; L&#039;UDC Villeneuve a tenu son assembl\u00e9e g\u00e9n\u00e9rale<\/title>\n<meta name=\"robots\" content=\"index, follow, max-snippet:-1, max-image-preview:large, max-video-preview:-1\" \/>\n<link rel=\"canonical\" href=\"https:\/\/www.udc-chablais.ch\/?p=1065\" \/>\n<meta property=\"og:locale\" content=\"fr_FR\" \/>\n<meta property=\"og:type\" content=\"article\" \/>\n<meta property=\"og:title\" content=\"UDC Chablais &#8226; L&#039;UDC Villeneuve a tenu son assembl\u00e9e g\u00e9n\u00e9rale\" \/>\n<meta property=\"og:description\" content=\"Le 16 avril 2014, l&rsquo;assembl\u00e9e g\u00e9n\u00e9rale ordinaire de la section UDC Villeneuve et environs s&rsquo;est tenue \u00e0 Villeneuve au Coll\u00e8ge du Lac. Les membres ont r\u00e9\u00e9lu leur comit\u00e9, avec notamment un nouveau venu : Karl Brendle a \u00e9t\u00e9 \u00e9lu tr\u00e9sorier. Dylan Karlen a \u00e9t\u00e9 r\u00e9\u00e9lu \u00e0 la pr\u00e9sidence pour la 11\u00e8me ann\u00e9e cons\u00e9cutive, tandis que [&hellip;]\" \/>\n<meta property=\"og:url\" content=\"https:\/\/www.udc-chablais.ch\/?p=1065\" \/>\n<meta property=\"og:site_name\" content=\"UDC Chablais\" \/>\n<meta property=\"article:published_time\" content=\"2014-04-17T07:00:02+00:00\" \/>\n<meta property=\"og:image\" content=\"https:\/\/www.udc-chablais.ch\/wp-content\/uploads\/2014\/04\/20140416_212842-150x150.jpg\" \/>\n<meta name=\"author\" content=\"dylankarlen\" \/>\n<meta name=\"twitter:card\" content=\"summary_large_image\" \/>\n<meta name=\"twitter:label1\" content=\"\u00c9crit par\" \/>\n\t<meta name=\"twitter:data1\" content=\"dylankarlen\" \/>\n\t<meta name=\"twitter:label2\" content=\"Dur\u00e9e de lecture estim\u00e9e\" \/>\n\t<meta name=\"twitter:data2\" content=\"1 minute\" \/>\n<script type=\"application\/ld+json\" class=\"yoast-schema-graph\">{\"@context\":\"https:\\\/\\\/schema.org\",\"@graph\":[{\"@type\":\"Article\",\"@id\":\"https:\\\/\\\/www.udc-chablais.ch\\\/?p=1065#article\",\"isPartOf\":{\"@id\":\"https:\\\/\\\/www.udc-chablais.ch\\\/?p=1065\"},\"author\":{\"name\":\"dylankarlen\",\"@id\":\"https:\\\/\\\/www.udc-chablais.ch\\\/#\\\/schema\\\/person\\\/9a1331f9d3596d11e69de408ae6bd1b3\"},\"headline\":\"L&rsquo;UDC Villeneuve a tenu son assembl\u00e9e g\u00e9n\u00e9rale\",\"datePublished\":\"2014-04-17T07:00:02+00:00\",\"mainEntityOfPage\":{\"@id\":\"https:\\\/\\\/www.udc-chablais.ch\\\/?p=1065\"},\"wordCount\":142,\"publisher\":{\"@id\":\"https:\\\/\\\/www.udc-chablais.ch\\\/#organization\"},\"keywords\":[\"assembl\u00e9e\"],\"articleSection\":[\"Villeneuve et Environs\"],\"inLanguage\":\"fr-FR\"},{\"@type\":\"WebPage\",\"@id\":\"https:\\\/\\\/www.udc-chablais.ch\\\/?p=1065\",\"url\":\"https:\\\/\\\/www.udc-chablais.ch\\\/?p=1065\",\"name\":\"UDC Chablais &#8226; L'UDC Villeneuve a tenu son assembl\u00e9e g\u00e9n\u00e9rale\",\"isPartOf\":{\"@id\":\"https:\\\/\\\/www.udc-chablais.ch\\\/#website\"},\"datePublished\":\"2014-04-17T07:00:02+00:00\",\"breadcrumb\":{\"@id\":\"https:\\\/\\\/www.udc-chablais.ch\\\/?p=1065#breadcrumb\"},\"inLanguage\":\"fr-FR\",\"potentialAction\":[{\"@type\":\"ReadAction\",\"target\":[\"https:\\\/\\\/www.udc-chablais.ch\\\/?p=1065\"]}]},{\"@type\":\"BreadcrumbList\",\"@id\":\"https:\\\/\\\/www.udc-chablais.ch\\\/?p=1065#breadcrumb\",\"itemListElement\":[{\"@type\":\"ListItem\",\"position\":1,\"name\":\"Accueil\",\"item\":\"https:\\\/\\\/www.udc-chablais.ch\\\/\"},{\"@type\":\"ListItem\",\"position\":2,\"name\":\"L&rsquo;UDC Villeneuve a tenu son assembl\u00e9e g\u00e9n\u00e9rale\"}]},{\"@type\":\"WebSite\",\"@id\":\"https:\\\/\\\/www.udc-chablais.ch\\\/#website\",\"url\":\"https:\\\/\\\/www.udc-chablais.ch\\\/\",\"name\":\"UDC Chablais\",\"description\":\"Une politique, la r\u00e9gion en plus\",\"publisher\":{\"@id\":\"https:\\\/\\\/www.udc-chablais.ch\\\/#organization\"},\"potentialAction\":[{\"@type\":\"SearchAction\",\"target\":{\"@type\":\"EntryPoint\",\"urlTemplate\":\"https:\\\/\\\/www.udc-chablais.ch\\\/?s={search_term_string}\"},\"query-input\":{\"@type\":\"PropertyValueSpecification\",\"valueRequired\":true,\"valueName\":\"search_term_string\"}}],\"inLanguage\":\"fr-FR\"},{\"@type\":\"Organization\",\"@id\":\"https:\\\/\\\/www.udc-chablais.ch\\\/#organization\",\"name\":\"UDC Chablais\",\"url\":\"https:\\\/\\\/www.udc-chablais.ch\\\/\",\"logo\":{\"@type\":\"ImageObject\",\"inLanguage\":\"fr-FR\",\"@id\":\"https:\\\/\\\/www.udc-chablais.ch\\\/#\\\/schema\\\/logo\\\/image\\\/\",\"url\":\"https:\\\/\\\/www.udc-chablais.ch\\\/wp-content\\\/uploads\\\/udc_chablais_logo_new_travail.jpg\",\"contentUrl\":\"https:\\\/\\\/www.udc-chablais.ch\\\/wp-content\\\/uploads\\\/udc_chablais_logo_new_travail.jpg\",\"width\":150,\"height\":150,\"caption\":\"UDC Chablais\"},\"image\":{\"@id\":\"https:\\\/\\\/www.udc-chablais.ch\\\/#\\\/schema\\\/logo\\\/image\\\/\"}},{\"@type\":\"Person\",\"@id\":\"https:\\\/\\\/www.udc-chablais.ch\\\/#\\\/schema\\\/person\\\/9a1331f9d3596d11e69de408ae6bd1b3\",\"name\":\"dylankarlen\",\"sameAs\":[\"http:\\\/\\\/www.dylankarlen.ch\"],\"url\":\"https:\\\/\\\/www.udc-chablais.ch\\\/?author=4\"}]}<\/script>\n<!-- \/ Yoast SEO plugin. -->","yoast_head_json":{"title":"UDC Chablais &#8226; L'UDC Villeneuve a tenu son assembl\u00e9e g\u00e9n\u00e9rale","robots":{"index":"index","follow":"follow","max-snippet":"max-snippet:-1","max-image-preview":"max-image-preview:large","max-video-preview":"max-video-preview:-1"},"canonical":"https:\/\/www.udc-chablais.ch\/?p=1065","og_locale":"fr_FR","og_type":"article","og_title":"UDC Chablais &#8226; L'UDC Villeneuve a tenu son assembl\u00e9e g\u00e9n\u00e9rale","og_description":"Le 16 avril 2014, l&rsquo;assembl\u00e9e g\u00e9n\u00e9rale ordinaire de la section UDC Villeneuve et environs s&rsquo;est tenue \u00e0 Villeneuve au Coll\u00e8ge du Lac. Les membres ont r\u00e9\u00e9lu leur comit\u00e9, avec notamment un nouveau venu : Karl Brendle a \u00e9t\u00e9 \u00e9lu tr\u00e9sorier. Dylan Karlen a \u00e9t\u00e9 r\u00e9\u00e9lu \u00e0 la pr\u00e9sidence pour la 11\u00e8me ann\u00e9e cons\u00e9cutive, tandis que [&hellip;]","og_url":"https:\/\/www.udc-chablais.ch\/?p=1065","og_site_name":"UDC Chablais","article_published_time":"2014-04-17T07:00:02+00:00","og_image":[{"url":"https:\/\/www.udc-chablais.ch\/wp-content\/uploads\/2014\/04\/20140416_212842-150x150.jpg","type":"","width":"","height":""}],"author":"dylankarlen","twitter_card":"summary_large_image","twitter_misc":{"\u00c9crit par":"dylankarlen","Dur\u00e9e de lecture estim\u00e9e":"1 minute"},"schema":{"@context":"https:\/\/schema.org","@graph":[{"@type":"Article","@id":"https:\/\/www.udc-chablais.ch\/?p=1065#article","isPartOf":{"@id":"https:\/\/www.udc-chablais.ch\/?p=1065"},"author":{"name":"dylankarlen","@id":"https:\/\/www.udc-chablais.ch\/#\/schema\/person\/9a1331f9d3596d11e69de408ae6bd1b3"},"headline":"L&rsquo;UDC Villeneuve a tenu son assembl\u00e9e g\u00e9n\u00e9rale","datePublished":"2014-04-17T07:00:02+00:00","mainEntityOfPage":{"@id":"https:\/\/www.udc-chablais.ch\/?p=1065"},"wordCount":142,"publisher":{"@id":"https:\/\/www.udc-chablais.ch\/#organization"},"keywords":["assembl\u00e9e"],"articleSection":["Villeneuve et Environs"],"inLanguage":"fr-FR"},{"@type":"WebPage","@id":"https:\/\/www.udc-chablais.ch\/?p=1065","url":"https:\/\/www.udc-chablais.ch\/?p=1065","name":"UDC Chablais &#8226; L'UDC Villeneuve a tenu son assembl\u00e9e g\u00e9n\u00e9rale","isPartOf":{"@id":"https:\/\/www.udc-chablais.ch\/#website"},"datePublished":"2014-04-17T07:00:02+00:00","breadcrumb":{"@id":"https:\/\/www.udc-chablais.ch\/?p=1065#breadcrumb"},"inLanguage":"fr-FR","potentialAction":[{"@type":"ReadAction","target":["https:\/\/www.udc-chablais.ch\/?p=1065"]}]},{"@type":"BreadcrumbList","@id":"https:\/\/www.udc-chablais.ch\/?p=1065#breadcrumb","itemListElement":[{"@type":"ListItem","position":1,"name":"Accueil","item":"https:\/\/www.udc-chablais.ch\/"},{"@type":"ListItem","position":2,"name":"L&rsquo;UDC Villeneuve a tenu son assembl\u00e9e g\u00e9n\u00e9rale"}]},{"@type":"WebSite","@id":"https:\/\/www.udc-chablais.ch\/#website","url":"https:\/\/www.udc-chablais.ch\/","name":"UDC Chablais","description":"Une politique, la r\u00e9gion en plus","publisher":{"@id":"https:\/\/www.udc-chablais.ch\/#organization"},"potentialAction":[{"@type":"SearchAction","target":{"@type":"EntryPoint","urlTemplate":"https:\/\/www.udc-chablais.ch\/?s={search_term_string}"},"query-input":{"@type":"PropertyValueSpecification","valueRequired":true,"valueName":"search_term_string"}}],"inLanguage":"fr-FR"},{"@type":"Organization","@id":"https:\/\/www.udc-chablais.ch\/#organization","name":"UDC Chablais","url":"https:\/\/www.udc-chablais.ch\/","logo":{"@type":"ImageObject","inLanguage":"fr-FR","@id":"https:\/\/www.udc-chablais.ch\/#\/schema\/logo\/image\/","url":"https:\/\/www.udc-chablais.ch\/wp-content\/uploads\/udc_chablais_logo_new_travail.jpg","contentUrl":"https:\/\/www.udc-chablais.ch\/wp-content\/uploads\/udc_chablais_logo_new_travail.jpg","width":150,"height":150,"caption":"UDC Chablais"},"image":{"@id":"https:\/\/www.udc-chablais.ch\/#\/schema\/logo\/image\/"}},{"@type":"Person","@id":"https:\/\/www.udc-chablais.ch\/#\/schema\/person\/9a1331f9d3596d11e69de408ae6bd1b3","name":"dylankarlen","sameAs":["http:\/\/www.dylankarlen.ch"],"url":"https:\/\/www.udc-chablais.ch\/?author=4"}]}},"_links":{"self":[{"href":"https:\/\/www.udc-chablais.ch\/index.php?rest_route=\/wp\/v2\/posts\/1065","targetHints":{"allow":["GET"]}}],"collection":[{"href":"https:\/\/www.udc-chablais.ch\/index.php?rest_route=\/wp\/v2\/posts"}],"about":[{"href":"https:\/\/www.udc-chablais.ch\/index.php?rest_route=\/wp\/v2\/types\/post"}],"author":[{"embeddable":true,"href":"https:\/\/www.udc-chablais.ch\/index.php?rest_route=\/wp\/v2\/users\/4"}],"replies":[{"embeddable":true,"href":"https:\/\/www.udc-chablais.ch\/index.php?rest_route=%2Fwp%2Fv2%2Fcomments&post=1065"}],"version-history":[{"count":1,"href":"https:\/\/www.udc-chablais.ch\/index.php?rest_route=\/wp\/v2\/posts\/1065\/revisions"}],"predecessor-version":[{"id":1073,"href":"https:\/\/www.udc-chablais.ch\/index.php?rest_route=\/wp\/v2\/posts\/1065\/revisions\/1073"}],"wp:attachment":[{"href":"https:\/\/www.udc-chablais.ch\/index.php?rest_route=%2Fwp%2Fv2%2Fmedia&parent=1065"}],"wp:term":[{"taxonomy":"category","embeddable":true,"href":"https:\/\/www.udc-chablais.ch\/index.php?rest_route=%2Fwp%2Fv2%2Fcategories&post=1065"},{"taxonomy":"post_tag","embeddable":true,"href":"https:\/\/www.udc-chablais.ch\/index.php?rest_route=%2Fwp%2Fv2%2Ftags&post=1065"}],"curies":[{"name":"wp","href":"https:\/\/api.w.org\/{rel}","templated":true}]}}