{"id":1144,"date":"2015-01-07T15:58:11","date_gmt":"2015-01-07T14:58:11","guid":{"rendered":"http:\/\/www.udc-chablais.ch\/?p=1144"},"modified":"2015-01-07T15:58:23","modified_gmt":"2015-01-07T14:58:23","slug":"udc-villeneuve-info-2015-07","status":"publish","type":"post","link":"https:\/\/www.udc-chablais.ch\/?p=1144","title":{"rendered":"UDC VILLENEUVE INFO #2015-07"},"content":{"rendered":"<p><a href=\"http:\/\/www.udc-chablais.ch.preview02.oxito.com\/wp-content\/uploads\/2013\/09\/banner_newsletter.png\"><img loading=\"lazy\" decoding=\"async\" class=\"alignleft wp-image-953 size-full\" src=\"http:\/\/www.udc-chablais.ch.preview02.oxito.com\/wp-content\/uploads\/2013\/09\/banner_newsletter.png\" alt=\"banner_newsletter\" width=\"600\" height=\"142\" srcset=\"https:\/\/www.udc-chablais.ch\/wp-content\/uploads\/2013\/09\/banner_newsletter.png 600w, https:\/\/www.udc-chablais.ch\/wp-content\/uploads\/2013\/09\/banner_newsletter-300x71.png 300w\" sizes=\"auto, (max-width: 600px) 100vw, 600px\" \/><\/a><\/p>\n<p><strong>L&rsquo;UDC Villeneuve et environs vous souhaite une excellente ann\u00e9e<\/strong><\/p>\n<p>Le comit\u00e9 de la section UDC Villeneuve et environs, associ\u00e9 au groupe au conseil communal de Villeneuve, tient \u00e0 vous adresser ses meilleurs voeux pour une nouvelle ann\u00e9e pleine de bonnes surprises, de sant\u00e9, de succ\u00e8s et de bonheur. Sur le plan politique, il s&rsquo;agit d&rsquo;une ann\u00e9e importante qui marque l&rsquo;entr\u00e9e dans un nouveau cycle \u00e9lectoral. Ce dernier commence en 2015 avec les \u00e9lections f\u00e9d\u00e9rales du mois d&rsquo;octobre. Ce scrutin crucial pour notre parti sera imm\u00e9diatement suivi en mars 2016 par les \u00e9lections communales, toutes aussi cruciales pour Villeneuve et ses environs. Le cycle se cl\u00f4turera en mars 2017 avec les \u00e9lections cantonales. L&rsquo;engagement de toutes et tous sera n\u00e9cessaire.<!--more--><\/p>\n<p><strong>CONSEIL COMMUNAL\u00a0: Adoption de la nouvelle salle de gymnastique<\/strong><\/p>\n<p>Malgr\u00e9 deux rapports de minorit\u00e9 et de nombreuses incoh\u00e9rences et exag\u00e9rations mises en avant durant le d\u00e9bat, le conseil communal a accept\u00e9 le projet de nouvelle salle de gymnastique \u00e0 la Tour-Rouge. C&rsquo;est ainsi qu&rsquo;une d\u00e9pense de plus de 6.5 millions qui va \u00eatre faite, ceci pour la construction d&rsquo;une seule petite salle de gymnastique, certes extensible, mais au prix d&rsquo;une salle double (VD4), demand\u00e9e pourtant par tous. Voil\u00e0 le seul grand investissement de la l\u00e9gislature vilipend\u00e9 pour un projet sans ambition, trop cher, d\u00e9j\u00e0 insuffisant et strat\u00e9giquement mal d\u00e9fini.<\/p>\n<p><strong>CONSEIL COMMUNAL : postulat UDC pour la s\u00e9curisation de l&rsquo;Omnia<\/strong><\/p>\n<p>Lors de sa s\u00e9ance du 30 octobre, le conseil communal a pris en consid\u00e9ration le postulat de Boris Nicolet demandant la s\u00e9curisation, voire la d\u00e9construction, imm\u00e9diate du b\u00e2timent du restaurant de l&rsquo;Omnia, sur les quais de Villeneuve. Cette verrue, ais\u00e9ment identifiable comme un v\u00e9ritable blockhaus, est \u00e0 l&rsquo;abandon depuis de tr\u00e8s nombreux mois. Les vitres bris\u00e9es constituant un risque \u00e9vident en termes de s\u00e9curit\u00e9 et de salubrit\u00e9, il \u00e9tait impensable de laisser cette friche en l&rsquo;\u00e9tat. A l&rsquo;unanimit\u00e9, les conseillers communaux ont soutenu ce postulat.<\/p>\n","protected":false},"excerpt":{"rendered":"<p>L&rsquo;UDC Villeneuve et environs vous souhaite une excellente ann\u00e9e Le comit\u00e9 de la section UDC Villeneuve et environs, associ\u00e9 au groupe au conseil communal de Villeneuve, tient \u00e0 vous adresser ses meilleurs voeux pour une nouvelle ann\u00e9e pleine de bonnes surprises, de sant\u00e9, de succ\u00e8s et de bonheur. Sur le plan politique, il s&rsquo;agit d&rsquo;une [&hellip;]<\/p>\n","protected":false},"author":1,"featured_media":0,"comment_status":"closed","ping_status":"closed","sticky":false,"template":"","format":"standard","meta":{"footnotes":""},"categories":[9],"tags":[42,68,81,77],"class_list":["post-1144","post","type-post","status-publish","format-standard","hentry","category-villeneuve","tag-conseil-communal","tag-finances","tag-lettre-dinformation","tag-urbanisme"],"yoast_head":"<!-- This site is optimized with the Yoast SEO plugin v27.4 - https:\/\/yoast.com\/product\/yoast-seo-wordpress\/ -->\n<title>UDC Chablais &#8226; UDC VILLENEUVE INFO #2015-07<\/title>\n<meta name=\"robots\" content=\"index, follow, max-snippet:-1, max-image-preview:large, max-video-preview:-1\" \/>\n<link rel=\"canonical\" href=\"https:\/\/www.udc-chablais.ch\/?p=1144\" \/>\n<meta property=\"og:locale\" content=\"fr_FR\" \/>\n<meta property=\"og:type\" content=\"article\" \/>\n<meta property=\"og:title\" content=\"UDC Chablais &#8226; UDC VILLENEUVE INFO #2015-07\" \/>\n<meta property=\"og:description\" content=\"L&rsquo;UDC Villeneuve et environs vous souhaite une excellente ann\u00e9e Le comit\u00e9 de la section UDC Villeneuve et environs, associ\u00e9 au groupe au conseil communal de Villeneuve, tient \u00e0 vous adresser ses meilleurs voeux pour une nouvelle ann\u00e9e pleine de bonnes surprises, de sant\u00e9, de succ\u00e8s et de bonheur. Sur le plan politique, il s&rsquo;agit d&rsquo;une [&hellip;]\" \/>\n<meta property=\"og:url\" content=\"https:\/\/www.udc-chablais.ch\/?p=1144\" \/>\n<meta property=\"og:site_name\" content=\"UDC Chablais\" \/>\n<meta property=\"article:published_time\" content=\"2015-01-07T14:58:11+00:00\" \/>\n<meta property=\"article:modified_time\" content=\"2015-01-07T14:58:23+00:00\" \/>\n<meta property=\"og:image\" content=\"http:\/\/www.udc-chablais.ch.preview02.oxito.com\/wp-content\/uploads\/2013\/09\/banner_newsletter.png\" \/>\n<meta name=\"author\" content=\"webmaster\" \/>\n<meta name=\"twitter:card\" content=\"summary_large_image\" \/>\n<meta name=\"twitter:label1\" content=\"\u00c9crit par\" \/>\n\t<meta name=\"twitter:data1\" content=\"webmaster\" \/>\n\t<meta name=\"twitter:label2\" content=\"Dur\u00e9e de lecture estim\u00e9e\" \/>\n\t<meta name=\"twitter:data2\" content=\"2 minutes\" \/>\n<script type=\"application\/ld+json\" class=\"yoast-schema-graph\">{\"@context\":\"https:\\\/\\\/schema.org\",\"@graph\":[{\"@type\":\"Article\",\"@id\":\"https:\\\/\\\/www.udc-chablais.ch\\\/?p=1144#article\",\"isPartOf\":{\"@id\":\"https:\\\/\\\/www.udc-chablais.ch\\\/?p=1144\"},\"author\":{\"name\":\"webmaster\",\"@id\":\"https:\\\/\\\/www.udc-chablais.ch\\\/#\\\/schema\\\/person\\\/b62eaf6c7a833297cce77dfb363e9fa3\"},\"headline\":\"UDC VILLENEUVE INFO #2015-07\",\"datePublished\":\"2015-01-07T14:58:11+00:00\",\"dateModified\":\"2015-01-07T14:58:23+00:00\",\"mainEntityOfPage\":{\"@id\":\"https:\\\/\\\/www.udc-chablais.ch\\\/?p=1144\"},\"wordCount\":354,\"publisher\":{\"@id\":\"https:\\\/\\\/www.udc-chablais.ch\\\/#organization\"},\"image\":{\"@id\":\"https:\\\/\\\/www.udc-chablais.ch\\\/?p=1144#primaryimage\"},\"thumbnailUrl\":\"http:\\\/\\\/www.udc-chablais.ch.preview02.oxito.com\\\/wp-content\\\/uploads\\\/2013\\\/09\\\/banner_newsletter.png\",\"keywords\":[\"conseil communal\",\"finances\",\"lettre d'information\",\"urbanisme\"],\"articleSection\":[\"Villeneuve et Environs\"],\"inLanguage\":\"fr-FR\"},{\"@type\":\"WebPage\",\"@id\":\"https:\\\/\\\/www.udc-chablais.ch\\\/?p=1144\",\"url\":\"https:\\\/\\\/www.udc-chablais.ch\\\/?p=1144\",\"name\":\"UDC Chablais &#8226; UDC VILLENEUVE INFO #2015-07\",\"isPartOf\":{\"@id\":\"https:\\\/\\\/www.udc-chablais.ch\\\/#website\"},\"primaryImageOfPage\":{\"@id\":\"https:\\\/\\\/www.udc-chablais.ch\\\/?p=1144#primaryimage\"},\"image\":{\"@id\":\"https:\\\/\\\/www.udc-chablais.ch\\\/?p=1144#primaryimage\"},\"thumbnailUrl\":\"http:\\\/\\\/www.udc-chablais.ch.preview02.oxito.com\\\/wp-content\\\/uploads\\\/2013\\\/09\\\/banner_newsletter.png\",\"datePublished\":\"2015-01-07T14:58:11+00:00\",\"dateModified\":\"2015-01-07T14:58:23+00:00\",\"breadcrumb\":{\"@id\":\"https:\\\/\\\/www.udc-chablais.ch\\\/?p=1144#breadcrumb\"},\"inLanguage\":\"fr-FR\",\"potentialAction\":[{\"@type\":\"ReadAction\",\"target\":[\"https:\\\/\\\/www.udc-chablais.ch\\\/?p=1144\"]}]},{\"@type\":\"ImageObject\",\"inLanguage\":\"fr-FR\",\"@id\":\"https:\\\/\\\/www.udc-chablais.ch\\\/?p=1144#primaryimage\",\"url\":\"http:\\\/\\\/www.udc-chablais.ch.preview02.oxito.com\\\/wp-content\\\/uploads\\\/2013\\\/09\\\/banner_newsletter.png\",\"contentUrl\":\"http:\\\/\\\/www.udc-chablais.ch.preview02.oxito.com\\\/wp-content\\\/uploads\\\/2013\\\/09\\\/banner_newsletter.png\"},{\"@type\":\"BreadcrumbList\",\"@id\":\"https:\\\/\\\/www.udc-chablais.ch\\\/?p=1144#breadcrumb\",\"itemListElement\":[{\"@type\":\"ListItem\",\"position\":1,\"name\":\"Accueil\",\"item\":\"https:\\\/\\\/www.udc-chablais.ch\\\/\"},{\"@type\":\"ListItem\",\"position\":2,\"name\":\"UDC VILLENEUVE INFO #2015-07\"}]},{\"@type\":\"WebSite\",\"@id\":\"https:\\\/\\\/www.udc-chablais.ch\\\/#website\",\"url\":\"https:\\\/\\\/www.udc-chablais.ch\\\/\",\"name\":\"UDC Chablais\",\"description\":\"Une politique, la r\u00e9gion en plus\",\"publisher\":{\"@id\":\"https:\\\/\\\/www.udc-chablais.ch\\\/#organization\"},\"potentialAction\":[{\"@type\":\"SearchAction\",\"target\":{\"@type\":\"EntryPoint\",\"urlTemplate\":\"https:\\\/\\\/www.udc-chablais.ch\\\/?s={search_term_string}\"},\"query-input\":{\"@type\":\"PropertyValueSpecification\",\"valueRequired\":true,\"valueName\":\"search_term_string\"}}],\"inLanguage\":\"fr-FR\"},{\"@type\":\"Organization\",\"@id\":\"https:\\\/\\\/www.udc-chablais.ch\\\/#organization\",\"name\":\"UDC Chablais\",\"url\":\"https:\\\/\\\/www.udc-chablais.ch\\\/\",\"logo\":{\"@type\":\"ImageObject\",\"inLanguage\":\"fr-FR\",\"@id\":\"https:\\\/\\\/www.udc-chablais.ch\\\/#\\\/schema\\\/logo\\\/image\\\/\",\"url\":\"https:\\\/\\\/www.udc-chablais.ch\\\/wp-content\\\/uploads\\\/udc_chablais_logo_new_travail.jpg\",\"contentUrl\":\"https:\\\/\\\/www.udc-chablais.ch\\\/wp-content\\\/uploads\\\/udc_chablais_logo_new_travail.jpg\",\"width\":150,\"height\":150,\"caption\":\"UDC Chablais\"},\"image\":{\"@id\":\"https:\\\/\\\/www.udc-chablais.ch\\\/#\\\/schema\\\/logo\\\/image\\\/\"}},{\"@type\":\"Person\",\"@id\":\"https:\\\/\\\/www.udc-chablais.ch\\\/#\\\/schema\\\/person\\\/b62eaf6c7a833297cce77dfb363e9fa3\",\"name\":\"webmaster\",\"sameAs\":[\"http:\\\/\\\/www.dylankarlen.ch\"],\"url\":\"https:\\\/\\\/www.udc-chablais.ch\\\/?author=1\"}]}<\/script>\n<!-- \/ Yoast SEO plugin. -->","yoast_head_json":{"title":"UDC Chablais &#8226; UDC VILLENEUVE INFO #2015-07","robots":{"index":"index","follow":"follow","max-snippet":"max-snippet:-1","max-image-preview":"max-image-preview:large","max-video-preview":"max-video-preview:-1"},"canonical":"https:\/\/www.udc-chablais.ch\/?p=1144","og_locale":"fr_FR","og_type":"article","og_title":"UDC Chablais &#8226; UDC VILLENEUVE INFO #2015-07","og_description":"L&rsquo;UDC Villeneuve et environs vous souhaite une excellente ann\u00e9e Le comit\u00e9 de la section UDC Villeneuve et environs, associ\u00e9 au groupe au conseil communal de Villeneuve, tient \u00e0 vous adresser ses meilleurs voeux pour une nouvelle ann\u00e9e pleine de bonnes surprises, de sant\u00e9, de succ\u00e8s et de bonheur. Sur le plan politique, il s&rsquo;agit d&rsquo;une [&hellip;]","og_url":"https:\/\/www.udc-chablais.ch\/?p=1144","og_site_name":"UDC Chablais","article_published_time":"2015-01-07T14:58:11+00:00","article_modified_time":"2015-01-07T14:58:23+00:00","og_image":[{"url":"http:\/\/www.udc-chablais.ch.preview02.oxito.com\/wp-content\/uploads\/2013\/09\/banner_newsletter.png","type":"","width":"","height":""}],"author":"webmaster","twitter_card":"summary_large_image","twitter_misc":{"\u00c9crit par":"webmaster","Dur\u00e9e de lecture estim\u00e9e":"2 minutes"},"schema":{"@context":"https:\/\/schema.org","@graph":[{"@type":"Article","@id":"https:\/\/www.udc-chablais.ch\/?p=1144#article","isPartOf":{"@id":"https:\/\/www.udc-chablais.ch\/?p=1144"},"author":{"name":"webmaster","@id":"https:\/\/www.udc-chablais.ch\/#\/schema\/person\/b62eaf6c7a833297cce77dfb363e9fa3"},"headline":"UDC VILLENEUVE INFO #2015-07","datePublished":"2015-01-07T14:58:11+00:00","dateModified":"2015-01-07T14:58:23+00:00","mainEntityOfPage":{"@id":"https:\/\/www.udc-chablais.ch\/?p=1144"},"wordCount":354,"publisher":{"@id":"https:\/\/www.udc-chablais.ch\/#organization"},"image":{"@id":"https:\/\/www.udc-chablais.ch\/?p=1144#primaryimage"},"thumbnailUrl":"http:\/\/www.udc-chablais.ch.preview02.oxito.com\/wp-content\/uploads\/2013\/09\/banner_newsletter.png","keywords":["conseil communal","finances","lettre d'information","urbanisme"],"articleSection":["Villeneuve et Environs"],"inLanguage":"fr-FR"},{"@type":"WebPage","@id":"https:\/\/www.udc-chablais.ch\/?p=1144","url":"https:\/\/www.udc-chablais.ch\/?p=1144","name":"UDC Chablais &#8226; UDC VILLENEUVE INFO #2015-07","isPartOf":{"@id":"https:\/\/www.udc-chablais.ch\/#website"},"primaryImageOfPage":{"@id":"https:\/\/www.udc-chablais.ch\/?p=1144#primaryimage"},"image":{"@id":"https:\/\/www.udc-chablais.ch\/?p=1144#primaryimage"},"thumbnailUrl":"http:\/\/www.udc-chablais.ch.preview02.oxito.com\/wp-content\/uploads\/2013\/09\/banner_newsletter.png","datePublished":"2015-01-07T14:58:11+00:00","dateModified":"2015-01-07T14:58:23+00:00","breadcrumb":{"@id":"https:\/\/www.udc-chablais.ch\/?p=1144#breadcrumb"},"inLanguage":"fr-FR","potentialAction":[{"@type":"ReadAction","target":["https:\/\/www.udc-chablais.ch\/?p=1144"]}]},{"@type":"ImageObject","inLanguage":"fr-FR","@id":"https:\/\/www.udc-chablais.ch\/?p=1144#primaryimage","url":"http:\/\/www.udc-chablais.ch.preview02.oxito.com\/wp-content\/uploads\/2013\/09\/banner_newsletter.png","contentUrl":"http:\/\/www.udc-chablais.ch.preview02.oxito.com\/wp-content\/uploads\/2013\/09\/banner_newsletter.png"},{"@type":"BreadcrumbList","@id":"https:\/\/www.udc-chablais.ch\/?p=1144#breadcrumb","itemListElement":[{"@type":"ListItem","position":1,"name":"Accueil","item":"https:\/\/www.udc-chablais.ch\/"},{"@type":"ListItem","position":2,"name":"UDC VILLENEUVE INFO #2015-07"}]},{"@type":"WebSite","@id":"https:\/\/www.udc-chablais.ch\/#website","url":"https:\/\/www.udc-chablais.ch\/","name":"UDC Chablais","description":"Une politique, la r\u00e9gion en plus","publisher":{"@id":"https:\/\/www.udc-chablais.ch\/#organization"},"potentialAction":[{"@type":"SearchAction","target":{"@type":"EntryPoint","urlTemplate":"https:\/\/www.udc-chablais.ch\/?s={search_term_string}"},"query-input":{"@type":"PropertyValueSpecification","valueRequired":true,"valueName":"search_term_string"}}],"inLanguage":"fr-FR"},{"@type":"Organization","@id":"https:\/\/www.udc-chablais.ch\/#organization","name":"UDC Chablais","url":"https:\/\/www.udc-chablais.ch\/","logo":{"@type":"ImageObject","inLanguage":"fr-FR","@id":"https:\/\/www.udc-chablais.ch\/#\/schema\/logo\/image\/","url":"https:\/\/www.udc-chablais.ch\/wp-content\/uploads\/udc_chablais_logo_new_travail.jpg","contentUrl":"https:\/\/www.udc-chablais.ch\/wp-content\/uploads\/udc_chablais_logo_new_travail.jpg","width":150,"height":150,"caption":"UDC Chablais"},"image":{"@id":"https:\/\/www.udc-chablais.ch\/#\/schema\/logo\/image\/"}},{"@type":"Person","@id":"https:\/\/www.udc-chablais.ch\/#\/schema\/person\/b62eaf6c7a833297cce77dfb363e9fa3","name":"webmaster","sameAs":["http:\/\/www.dylankarlen.ch"],"url":"https:\/\/www.udc-chablais.ch\/?author=1"}]}},"_links":{"self":[{"href":"https:\/\/www.udc-chablais.ch\/index.php?rest_route=\/wp\/v2\/posts\/1144","targetHints":{"allow":["GET"]}}],"collection":[{"href":"https:\/\/www.udc-chablais.ch\/index.php?rest_route=\/wp\/v2\/posts"}],"about":[{"href":"https:\/\/www.udc-chablais.ch\/index.php?rest_route=\/wp\/v2\/types\/post"}],"author":[{"embeddable":true,"href":"https:\/\/www.udc-chablais.ch\/index.php?rest_route=\/wp\/v2\/users\/1"}],"replies":[{"embeddable":true,"href":"https:\/\/www.udc-chablais.ch\/index.php?rest_route=%2Fwp%2Fv2%2Fcomments&post=1144"}],"version-history":[{"count":2,"href":"https:\/\/www.udc-chablais.ch\/index.php?rest_route=\/wp\/v2\/posts\/1144\/revisions"}],"predecessor-version":[{"id":1146,"href":"https:\/\/www.udc-chablais.ch\/index.php?rest_route=\/wp\/v2\/posts\/1144\/revisions\/1146"}],"wp:attachment":[{"href":"https:\/\/www.udc-chablais.ch\/index.php?rest_route=%2Fwp%2Fv2%2Fmedia&parent=1144"}],"wp:term":[{"taxonomy":"category","embeddable":true,"href":"https:\/\/www.udc-chablais.ch\/index.php?rest_route=%2Fwp%2Fv2%2Fcategories&post=1144"},{"taxonomy":"post_tag","embeddable":true,"href":"https:\/\/www.udc-chablais.ch\/index.php?rest_route=%2Fwp%2Fv2%2Ftags&post=1144"}],"curies":[{"name":"wp","href":"https:\/\/api.w.org\/{rel}","templated":true}]}}