{"id":1190,"date":"2015-04-13T10:38:38","date_gmt":"2015-04-13T09:38:38","guid":{"rendered":"http:\/\/www.udc-chablais.ch\/?p=1190"},"modified":"2015-04-13T10:39:17","modified_gmt":"2015-04-13T09:39:17","slug":"perte-de-souverainete-des-communes","status":"publish","type":"post","link":"https:\/\/www.udc-chablais.ch\/?p=1190","title":{"rendered":"Perte de souverainet\u00e9 des communes"},"content":{"rendered":"<p><a href=\"http:\/\/www.udc-chablais.ch.preview02.oxito.com\/wp-content\/uploads\/2012\/01\/favrod.jpg\"><img loading=\"lazy\" decoding=\"async\" class=\"alignright size-medium wp-image-32\" src=\"http:\/\/www.udc-chablais.ch.preview02.oxito.com\/wp-content\/uploads\/2012\/01\/favrod-199x300.jpg\" alt=\"favrod\" width=\"199\" height=\"300\" srcset=\"https:\/\/www.udc-chablais.ch\/wp-content\/uploads\/2012\/01\/favrod-199x300.jpg 199w, https:\/\/www.udc-chablais.ch\/wp-content\/uploads\/2012\/01\/favrod-681x1024.jpg 681w\" sizes=\"auto, (max-width: 199px) 100vw, 199px\" \/><\/a>La municipalit\u00e9 de Noville a revu son r\u00e8glement communal sur l\u2019entretien des chemins communaux, et s\u2019est servi d\u2019un r\u00e8glement type d\u2019une commune voisine, l\u2019a adapt\u00e9 \u00e0 sa topographie et aux derni\u00e8res pratiques modernes en mati\u00e8re d\u2019entretien. Ce r\u00e8glement a \u00e9t\u00e9 soumis \u00e0 une commission du Conseil g\u00e9n\u00e9ral, qui l\u2019a \u00e9tudi\u00e9. Lors du Conseil g\u00e9n\u00e9ral, des amendements ont \u00e9t\u00e9 apport\u00e9s et accept\u00e9s en toute d\u00e9mocratie. Ensuite la Municipalit\u00e9 l\u2019a soumis au Canton pour approbation, et c\u2019est l\u00e0 que les choses se corsent.<\/p>\n<p>Une r\u00e9ponse du service concern\u00e9 nous impose de respecter le r\u00e8glement type \u00e0 la lettre. Donc ne rien changer.<\/p>\n<p>D\u2019embl\u00e9e, il s\u2019av\u00e8re que ce r\u00e8glement est partiellement obsol\u00e8te et pas vraiment adapt\u00e9 \u00e0 une commune de plaine. Avec des articles surann\u00e9s comme interdire de faire pa\u00eetre le b\u00e9tail sur les talus et banquettes des chemins\u00a0: cette pratique n\u2019a plus cours depuis la fin de la Seconde Guerre mondiale. D\u2019autres exemples\u00a0:<!--more--><\/p>\n<p>Interdire de faire d\u00e9valer les bois sur les chemins\u00a0: la pente moyenne de notre territoire communal est d\u2019environ 0,6\u00b0\/oo, soit 60 cm pour 1 km. Que cet article soit pris en consid\u00e9ration dans la commune de Corcelles-le-Jorat oui, mais pas \u00e0 Noville.<\/p>\n<p>Le service a aussi refus\u00e9 le rajout du terme fauch\u00e9s ou broy\u00e9s dans l\u2019entretien des talus ou berges\u00a0: terme qui est actualis\u00e9 avec les m\u00e9thodes modernes actuelles.<\/p>\n<p>Je pourrai vous citer encore d\u2019autres exemples mais je pense que vous avez saisi le sens de la d\u00e9marche.<\/p>\n<p>La Municipalit\u00e9, la commission et le Conseil g\u00e9n\u00e9ral ont fait un \u00e9norme travail de lecture et de mise \u00e0 jour de certaines terminologies qui rel\u00e8vent d\u2019une pratique r\u00e9aliste, applicable et surtout sens\u00e9e.<\/p>\n<p>Le probl\u00e8me dans tout \u00e7a, n\u2019est pas d\u2019avoir un r\u00e8glement type d\u00e9pass\u00e9 mais c\u2019est les heures de travail qu\u2019ont pass\u00e9 tout ce monde \u00e0 \u00e9tudier un r\u00e8glement dans le cadre de leurs attributions pour qu\u2019au final nous n\u2019ayons surtout pas le droit de modifier quoi que se soit.<\/p>\n<p>Au vu de ce qui pr\u00e9c\u00e8de, je me permets de poser quelques questions au Conseil d\u2019Etat\u00a0:<\/p>\n<ul>\n<li>Pourquoi ne pouvons-nous pas modifier ce r\u00e8glement de mani\u00e8re logique et sens\u00e9e\u00a0?<\/li>\n<li>Si nous devons respecter \u00e0 la lettre un r\u00e8glement type pourquoi le faire passer devant une commission et devant le l\u00e9gislatif de la commune\u00a0? On pourrait ainsi s\u2019\u00e9pargner un temps pr\u00e9cieux.<\/li>\n<li>Que propose le Conseil d\u2019Etat afin d\u2019\u00e9viter ce sentiment de frustration pour toutes les \u00a0personnes qui s\u2019investissent pour le bon fonctionnement des communes et d\u2019\u00e9viter des r\u00e9ponses aussi peu r\u00e9fl\u00e9chies et qui manquent de bon sens\u00a0?<\/li>\n<li>Y-a-t-il d\u2019autre r\u00e8glements qui posent probl\u00e8me et que les communes ne peuvent modifier\u00a0?<\/li>\n<li>Le Conseil d\u2019Etat ne trouve-t-il pas que c\u2019est une perte de souverainet\u00e9 des communes que cette fa\u00e7on de proc\u00e9der\u00a0?<\/li>\n<\/ul>\n<p>D\u2019avance je remercie le Conseil d\u2019Etat de ces r\u00e9ponses.<\/p>\n<p><em>Interpellation de Pierre-Alain Favrod, d\u00e9put\u00e9, au Conseil d&rsquo;Etat<\/em><\/p>\n","protected":false},"excerpt":{"rendered":"<p>La municipalit\u00e9 de Noville a revu son r\u00e8glement communal sur l\u2019entretien des chemins communaux, et s\u2019est servi d\u2019un r\u00e8glement type d\u2019une commune voisine, l\u2019a adapt\u00e9 \u00e0 sa topographie et aux derni\u00e8res pratiques modernes en mati\u00e8re d\u2019entretien. Ce r\u00e8glement a \u00e9t\u00e9 soumis \u00e0 une commission du Conseil g\u00e9n\u00e9ral, qui l\u2019a \u00e9tudi\u00e9. Lors du Conseil g\u00e9n\u00e9ral, des [&hellip;]<\/p>\n","protected":false},"author":1,"featured_media":0,"comment_status":"closed","ping_status":"closed","sticky":false,"template":"","format":"standard","meta":{"footnotes":""},"categories":[13,9],"tags":[87,86,37,46],"class_list":["post-1190","post","type-post","status-publish","format-standard","hentry","category-chablais","category-villeneuve","tag-autonomie","tag-communes","tag-conseil-detat","tag-routes"],"yoast_head":"<!-- This site is optimized with the Yoast SEO plugin v27.4 - https:\/\/yoast.com\/product\/yoast-seo-wordpress\/ -->\n<title>UDC Chablais &#8226; Perte de souverainet\u00e9 des communes<\/title>\n<meta name=\"robots\" content=\"index, follow, max-snippet:-1, max-image-preview:large, max-video-preview:-1\" \/>\n<link rel=\"canonical\" href=\"https:\/\/www.udc-chablais.ch\/?p=1190\" \/>\n<meta property=\"og:locale\" content=\"fr_FR\" \/>\n<meta property=\"og:type\" content=\"article\" \/>\n<meta property=\"og:title\" content=\"UDC Chablais &#8226; Perte de souverainet\u00e9 des communes\" \/>\n<meta property=\"og:description\" content=\"La municipalit\u00e9 de Noville a revu son r\u00e8glement communal sur l\u2019entretien des chemins communaux, et s\u2019est servi d\u2019un r\u00e8glement type d\u2019une commune voisine, l\u2019a adapt\u00e9 \u00e0 sa topographie et aux derni\u00e8res pratiques modernes en mati\u00e8re d\u2019entretien. Ce r\u00e8glement a \u00e9t\u00e9 soumis \u00e0 une commission du Conseil g\u00e9n\u00e9ral, qui l\u2019a \u00e9tudi\u00e9. Lors du Conseil g\u00e9n\u00e9ral, des [&hellip;]\" \/>\n<meta property=\"og:url\" content=\"https:\/\/www.udc-chablais.ch\/?p=1190\" \/>\n<meta property=\"og:site_name\" content=\"UDC Chablais\" \/>\n<meta property=\"article:published_time\" content=\"2015-04-13T09:38:38+00:00\" \/>\n<meta property=\"article:modified_time\" content=\"2015-04-13T09:39:17+00:00\" \/>\n<meta property=\"og:image\" content=\"http:\/\/www.udc-chablais.ch.preview02.oxito.com\/wp-content\/uploads\/2012\/01\/favrod-199x300.jpg\" \/>\n<meta name=\"author\" content=\"webmaster\" \/>\n<meta name=\"twitter:card\" content=\"summary_large_image\" \/>\n<meta name=\"twitter:label1\" content=\"\u00c9crit par\" \/>\n\t<meta name=\"twitter:data1\" content=\"webmaster\" \/>\n\t<meta name=\"twitter:label2\" content=\"Dur\u00e9e de lecture estim\u00e9e\" \/>\n\t<meta name=\"twitter:data2\" content=\"3 minutes\" \/>\n<script type=\"application\/ld+json\" class=\"yoast-schema-graph\">{\"@context\":\"https:\\\/\\\/schema.org\",\"@graph\":[{\"@type\":\"Article\",\"@id\":\"https:\\\/\\\/www.udc-chablais.ch\\\/?p=1190#article\",\"isPartOf\":{\"@id\":\"https:\\\/\\\/www.udc-chablais.ch\\\/?p=1190\"},\"author\":{\"name\":\"webmaster\",\"@id\":\"https:\\\/\\\/www.udc-chablais.ch\\\/#\\\/schema\\\/person\\\/b62eaf6c7a833297cce77dfb363e9fa3\"},\"headline\":\"Perte de souverainet\u00e9 des communes\",\"datePublished\":\"2015-04-13T09:38:38+00:00\",\"dateModified\":\"2015-04-13T09:39:17+00:00\",\"mainEntityOfPage\":{\"@id\":\"https:\\\/\\\/www.udc-chablais.ch\\\/?p=1190\"},\"wordCount\":546,\"publisher\":{\"@id\":\"https:\\\/\\\/www.udc-chablais.ch\\\/#organization\"},\"image\":{\"@id\":\"https:\\\/\\\/www.udc-chablais.ch\\\/?p=1190#primaryimage\"},\"thumbnailUrl\":\"http:\\\/\\\/www.udc-chablais.ch.preview02.oxito.com\\\/wp-content\\\/uploads\\\/2012\\\/01\\\/favrod-199x300.jpg\",\"keywords\":[\"autonomie\",\"communes\",\"conseil d'etat\",\"routes\"],\"articleSection\":[\"Chablais\",\"Villeneuve et Environs\"],\"inLanguage\":\"fr-FR\"},{\"@type\":\"WebPage\",\"@id\":\"https:\\\/\\\/www.udc-chablais.ch\\\/?p=1190\",\"url\":\"https:\\\/\\\/www.udc-chablais.ch\\\/?p=1190\",\"name\":\"UDC Chablais &#8226; Perte de souverainet\u00e9 des communes\",\"isPartOf\":{\"@id\":\"https:\\\/\\\/www.udc-chablais.ch\\\/#website\"},\"primaryImageOfPage\":{\"@id\":\"https:\\\/\\\/www.udc-chablais.ch\\\/?p=1190#primaryimage\"},\"image\":{\"@id\":\"https:\\\/\\\/www.udc-chablais.ch\\\/?p=1190#primaryimage\"},\"thumbnailUrl\":\"http:\\\/\\\/www.udc-chablais.ch.preview02.oxito.com\\\/wp-content\\\/uploads\\\/2012\\\/01\\\/favrod-199x300.jpg\",\"datePublished\":\"2015-04-13T09:38:38+00:00\",\"dateModified\":\"2015-04-13T09:39:17+00:00\",\"breadcrumb\":{\"@id\":\"https:\\\/\\\/www.udc-chablais.ch\\\/?p=1190#breadcrumb\"},\"inLanguage\":\"fr-FR\",\"potentialAction\":[{\"@type\":\"ReadAction\",\"target\":[\"https:\\\/\\\/www.udc-chablais.ch\\\/?p=1190\"]}]},{\"@type\":\"ImageObject\",\"inLanguage\":\"fr-FR\",\"@id\":\"https:\\\/\\\/www.udc-chablais.ch\\\/?p=1190#primaryimage\",\"url\":\"http:\\\/\\\/www.udc-chablais.ch.preview02.oxito.com\\\/wp-content\\\/uploads\\\/2012\\\/01\\\/favrod-199x300.jpg\",\"contentUrl\":\"http:\\\/\\\/www.udc-chablais.ch.preview02.oxito.com\\\/wp-content\\\/uploads\\\/2012\\\/01\\\/favrod-199x300.jpg\"},{\"@type\":\"BreadcrumbList\",\"@id\":\"https:\\\/\\\/www.udc-chablais.ch\\\/?p=1190#breadcrumb\",\"itemListElement\":[{\"@type\":\"ListItem\",\"position\":1,\"name\":\"Accueil\",\"item\":\"https:\\\/\\\/www.udc-chablais.ch\\\/\"},{\"@type\":\"ListItem\",\"position\":2,\"name\":\"Perte de souverainet\u00e9 des communes\"}]},{\"@type\":\"WebSite\",\"@id\":\"https:\\\/\\\/www.udc-chablais.ch\\\/#website\",\"url\":\"https:\\\/\\\/www.udc-chablais.ch\\\/\",\"name\":\"UDC Chablais\",\"description\":\"Une politique, la r\u00e9gion en plus\",\"publisher\":{\"@id\":\"https:\\\/\\\/www.udc-chablais.ch\\\/#organization\"},\"potentialAction\":[{\"@type\":\"SearchAction\",\"target\":{\"@type\":\"EntryPoint\",\"urlTemplate\":\"https:\\\/\\\/www.udc-chablais.ch\\\/?s={search_term_string}\"},\"query-input\":{\"@type\":\"PropertyValueSpecification\",\"valueRequired\":true,\"valueName\":\"search_term_string\"}}],\"inLanguage\":\"fr-FR\"},{\"@type\":\"Organization\",\"@id\":\"https:\\\/\\\/www.udc-chablais.ch\\\/#organization\",\"name\":\"UDC Chablais\",\"url\":\"https:\\\/\\\/www.udc-chablais.ch\\\/\",\"logo\":{\"@type\":\"ImageObject\",\"inLanguage\":\"fr-FR\",\"@id\":\"https:\\\/\\\/www.udc-chablais.ch\\\/#\\\/schema\\\/logo\\\/image\\\/\",\"url\":\"https:\\\/\\\/www.udc-chablais.ch\\\/wp-content\\\/uploads\\\/udc_chablais_logo_new_travail.jpg\",\"contentUrl\":\"https:\\\/\\\/www.udc-chablais.ch\\\/wp-content\\\/uploads\\\/udc_chablais_logo_new_travail.jpg\",\"width\":150,\"height\":150,\"caption\":\"UDC Chablais\"},\"image\":{\"@id\":\"https:\\\/\\\/www.udc-chablais.ch\\\/#\\\/schema\\\/logo\\\/image\\\/\"}},{\"@type\":\"Person\",\"@id\":\"https:\\\/\\\/www.udc-chablais.ch\\\/#\\\/schema\\\/person\\\/b62eaf6c7a833297cce77dfb363e9fa3\",\"name\":\"webmaster\",\"sameAs\":[\"http:\\\/\\\/www.dylankarlen.ch\"],\"url\":\"https:\\\/\\\/www.udc-chablais.ch\\\/?author=1\"}]}<\/script>\n<!-- \/ Yoast SEO plugin. -->","yoast_head_json":{"title":"UDC Chablais &#8226; Perte de souverainet\u00e9 des communes","robots":{"index":"index","follow":"follow","max-snippet":"max-snippet:-1","max-image-preview":"max-image-preview:large","max-video-preview":"max-video-preview:-1"},"canonical":"https:\/\/www.udc-chablais.ch\/?p=1190","og_locale":"fr_FR","og_type":"article","og_title":"UDC Chablais &#8226; Perte de souverainet\u00e9 des communes","og_description":"La municipalit\u00e9 de Noville a revu son r\u00e8glement communal sur l\u2019entretien des chemins communaux, et s\u2019est servi d\u2019un r\u00e8glement type d\u2019une commune voisine, l\u2019a adapt\u00e9 \u00e0 sa topographie et aux derni\u00e8res pratiques modernes en mati\u00e8re d\u2019entretien. Ce r\u00e8glement a \u00e9t\u00e9 soumis \u00e0 une commission du Conseil g\u00e9n\u00e9ral, qui l\u2019a \u00e9tudi\u00e9. Lors du Conseil g\u00e9n\u00e9ral, des [&hellip;]","og_url":"https:\/\/www.udc-chablais.ch\/?p=1190","og_site_name":"UDC Chablais","article_published_time":"2015-04-13T09:38:38+00:00","article_modified_time":"2015-04-13T09:39:17+00:00","og_image":[{"url":"http:\/\/www.udc-chablais.ch.preview02.oxito.com\/wp-content\/uploads\/2012\/01\/favrod-199x300.jpg","type":"","width":"","height":""}],"author":"webmaster","twitter_card":"summary_large_image","twitter_misc":{"\u00c9crit par":"webmaster","Dur\u00e9e de lecture estim\u00e9e":"3 minutes"},"schema":{"@context":"https:\/\/schema.org","@graph":[{"@type":"Article","@id":"https:\/\/www.udc-chablais.ch\/?p=1190#article","isPartOf":{"@id":"https:\/\/www.udc-chablais.ch\/?p=1190"},"author":{"name":"webmaster","@id":"https:\/\/www.udc-chablais.ch\/#\/schema\/person\/b62eaf6c7a833297cce77dfb363e9fa3"},"headline":"Perte de souverainet\u00e9 des communes","datePublished":"2015-04-13T09:38:38+00:00","dateModified":"2015-04-13T09:39:17+00:00","mainEntityOfPage":{"@id":"https:\/\/www.udc-chablais.ch\/?p=1190"},"wordCount":546,"publisher":{"@id":"https:\/\/www.udc-chablais.ch\/#organization"},"image":{"@id":"https:\/\/www.udc-chablais.ch\/?p=1190#primaryimage"},"thumbnailUrl":"http:\/\/www.udc-chablais.ch.preview02.oxito.com\/wp-content\/uploads\/2012\/01\/favrod-199x300.jpg","keywords":["autonomie","communes","conseil d'etat","routes"],"articleSection":["Chablais","Villeneuve et Environs"],"inLanguage":"fr-FR"},{"@type":"WebPage","@id":"https:\/\/www.udc-chablais.ch\/?p=1190","url":"https:\/\/www.udc-chablais.ch\/?p=1190","name":"UDC Chablais &#8226; Perte de souverainet\u00e9 des communes","isPartOf":{"@id":"https:\/\/www.udc-chablais.ch\/#website"},"primaryImageOfPage":{"@id":"https:\/\/www.udc-chablais.ch\/?p=1190#primaryimage"},"image":{"@id":"https:\/\/www.udc-chablais.ch\/?p=1190#primaryimage"},"thumbnailUrl":"http:\/\/www.udc-chablais.ch.preview02.oxito.com\/wp-content\/uploads\/2012\/01\/favrod-199x300.jpg","datePublished":"2015-04-13T09:38:38+00:00","dateModified":"2015-04-13T09:39:17+00:00","breadcrumb":{"@id":"https:\/\/www.udc-chablais.ch\/?p=1190#breadcrumb"},"inLanguage":"fr-FR","potentialAction":[{"@type":"ReadAction","target":["https:\/\/www.udc-chablais.ch\/?p=1190"]}]},{"@type":"ImageObject","inLanguage":"fr-FR","@id":"https:\/\/www.udc-chablais.ch\/?p=1190#primaryimage","url":"http:\/\/www.udc-chablais.ch.preview02.oxito.com\/wp-content\/uploads\/2012\/01\/favrod-199x300.jpg","contentUrl":"http:\/\/www.udc-chablais.ch.preview02.oxito.com\/wp-content\/uploads\/2012\/01\/favrod-199x300.jpg"},{"@type":"BreadcrumbList","@id":"https:\/\/www.udc-chablais.ch\/?p=1190#breadcrumb","itemListElement":[{"@type":"ListItem","position":1,"name":"Accueil","item":"https:\/\/www.udc-chablais.ch\/"},{"@type":"ListItem","position":2,"name":"Perte de souverainet\u00e9 des communes"}]},{"@type":"WebSite","@id":"https:\/\/www.udc-chablais.ch\/#website","url":"https:\/\/www.udc-chablais.ch\/","name":"UDC Chablais","description":"Une politique, la r\u00e9gion en plus","publisher":{"@id":"https:\/\/www.udc-chablais.ch\/#organization"},"potentialAction":[{"@type":"SearchAction","target":{"@type":"EntryPoint","urlTemplate":"https:\/\/www.udc-chablais.ch\/?s={search_term_string}"},"query-input":{"@type":"PropertyValueSpecification","valueRequired":true,"valueName":"search_term_string"}}],"inLanguage":"fr-FR"},{"@type":"Organization","@id":"https:\/\/www.udc-chablais.ch\/#organization","name":"UDC Chablais","url":"https:\/\/www.udc-chablais.ch\/","logo":{"@type":"ImageObject","inLanguage":"fr-FR","@id":"https:\/\/www.udc-chablais.ch\/#\/schema\/logo\/image\/","url":"https:\/\/www.udc-chablais.ch\/wp-content\/uploads\/udc_chablais_logo_new_travail.jpg","contentUrl":"https:\/\/www.udc-chablais.ch\/wp-content\/uploads\/udc_chablais_logo_new_travail.jpg","width":150,"height":150,"caption":"UDC Chablais"},"image":{"@id":"https:\/\/www.udc-chablais.ch\/#\/schema\/logo\/image\/"}},{"@type":"Person","@id":"https:\/\/www.udc-chablais.ch\/#\/schema\/person\/b62eaf6c7a833297cce77dfb363e9fa3","name":"webmaster","sameAs":["http:\/\/www.dylankarlen.ch"],"url":"https:\/\/www.udc-chablais.ch\/?author=1"}]}},"_links":{"self":[{"href":"https:\/\/www.udc-chablais.ch\/index.php?rest_route=\/wp\/v2\/posts\/1190","targetHints":{"allow":["GET"]}}],"collection":[{"href":"https:\/\/www.udc-chablais.ch\/index.php?rest_route=\/wp\/v2\/posts"}],"about":[{"href":"https:\/\/www.udc-chablais.ch\/index.php?rest_route=\/wp\/v2\/types\/post"}],"author":[{"embeddable":true,"href":"https:\/\/www.udc-chablais.ch\/index.php?rest_route=\/wp\/v2\/users\/1"}],"replies":[{"embeddable":true,"href":"https:\/\/www.udc-chablais.ch\/index.php?rest_route=%2Fwp%2Fv2%2Fcomments&post=1190"}],"version-history":[{"count":3,"href":"https:\/\/www.udc-chablais.ch\/index.php?rest_route=\/wp\/v2\/posts\/1190\/revisions"}],"predecessor-version":[{"id":1193,"href":"https:\/\/www.udc-chablais.ch\/index.php?rest_route=\/wp\/v2\/posts\/1190\/revisions\/1193"}],"wp:attachment":[{"href":"https:\/\/www.udc-chablais.ch\/index.php?rest_route=%2Fwp%2Fv2%2Fmedia&parent=1190"}],"wp:term":[{"taxonomy":"category","embeddable":true,"href":"https:\/\/www.udc-chablais.ch\/index.php?rest_route=%2Fwp%2Fv2%2Fcategories&post=1190"},{"taxonomy":"post_tag","embeddable":true,"href":"https:\/\/www.udc-chablais.ch\/index.php?rest_route=%2Fwp%2Fv2%2Ftags&post=1190"}],"curies":[{"name":"wp","href":"https:\/\/api.w.org\/{rel}","templated":true}]}}