{"id":1298,"date":"2015-11-02T17:41:48","date_gmt":"2015-11-02T16:41:48","guid":{"rendered":"http:\/\/www.udc-chablais.ch\/?p=1298"},"modified":"2015-11-02T17:42:29","modified_gmt":"2015-11-02T16:42:29","slug":"1298","status":"publish","type":"post","link":"https:\/\/www.udc-chablais.ch\/?p=1298","title":{"rendered":"UDC VILLENEUVE INFO N\u00b09"},"content":{"rendered":"<p><a href=\"http:\/\/www.udc-chablais.ch.preview02.oxito.com\/wp-content\/uploads\/2013\/09\/banner_newsletter.png\"><img loading=\"lazy\" decoding=\"async\" class=\"size-full wp-image-953 alignleft\" src=\"http:\/\/www.udc-chablais.ch.preview02.oxito.com\/wp-content\/uploads\/2013\/09\/banner_newsletter.png\" alt=\"banner_newsletter\" width=\"600\" height=\"142\" srcset=\"https:\/\/www.udc-chablais.ch\/wp-content\/uploads\/2013\/09\/banner_newsletter.png 600w, https:\/\/www.udc-chablais.ch\/wp-content\/uploads\/2013\/09\/banner_newsletter-300x71.png 300w\" sizes=\"auto, (max-width: 600px) 100vw, 600px\" \/><\/a><\/p>\n<p>N\u00b0 9 | Villeneuve, le 2 novembre 2015<\/p>\n<p><strong>\u00c9V\u00c9NEMENT : Villeneuve a accueilli les d\u00e9l\u00e9gu\u00e9s de l&rsquo;UDC Suisse le 31 octobre dernier !<\/strong><strong><br \/>\n<\/strong>Le 31 octobre dernier, la Halle de la Tronchenaz \u00e0 Villeneuve a \u00e9t\u00e9 le th\u00e9\u00e2tre de l&rsquo;assembl\u00e9e des d\u00e9l\u00e9gu\u00e9s de l&rsquo;UDC Suisse. 500 d\u00e9l\u00e9gu\u00e9s \u00e9taient pr\u00e9sents \u00e0 cette s\u00e9ance, o\u00f9 notre parti a affirm\u00e9 sa volont\u00e9 d&rsquo;obtenir un second si\u00e8ge au Conseil f\u00e9d\u00e9ral. On grand moment donc pour notre section ! Les photos sont visibles sur notre site internet : <a href=\"http:\/\/www.udc-chablais.ch\/?p=1296\">http:\/\/www.udc-chablais.ch\/?p=1296<\/a><!--more--><\/p>\n<p><strong>S\u00c9CURIT\u00c9 : Quand les radicaux ouvrent les yeux&#8230;<\/strong><br \/>\nLors de la s\u00e9ance du Conseil communal du 29 octobre dernier, le groupe radical a d\u00e9pos\u00e9 un surprenant postulat. Il propose d&rsquo;installer des cam\u00e9ras de vid\u00e9osurveillance \u00e0 la place de la gare. Offre \u00e9tonnante de la part d&rsquo;un parti qui a estim\u00e9 pendant les 4 derni\u00e8res ann\u00e9es que tout \u00e9tait au mieux dans le meilleur des mondes et que l&rsquo;UDC n&rsquo;agitait le th\u00e8me de l&rsquo;ins\u00e9curit\u00e9 que par populisme&#8230; Il est d&rsquo;autant plus amusant de constater qu&rsquo;\u00e0 quelques mois des \u00e9lections, il est bien commode de d\u00e9poser un postulat au Conseil communal alors que le PLR dispose depuis toujours d&rsquo;une majorit\u00e9 \u00e0 la Municipalit\u00e9. Pourquoi rien n&rsquo;a-t-il \u00e9t\u00e9 fait depuis tout ce temps ? Enfin, la vid\u00e9osurveillance peut avoir quelques effets positifs, mais elle ne remplacera jamais la pr\u00e9sence de l&rsquo;autorit\u00e9 sur le terrain, pour pr\u00e9venir les actes de vandalisme et les incivilit\u00e9s qui minent notre commune.<\/p>\n<p><strong>ASILE : &#8230;Et quand les socialistes ferment les leurs&#8230;<\/strong><br \/>\nDurant la m\u00eame s\u00e9ance, approche des \u00e9lections oblige, le groupe socialiste s&rsquo;est \u00e9galement lanc\u00e9 dans la d\u00e9mesure en d\u00e9posant un postulat visant \u00e0 obliger la commune \u00e0 mettre un appartement \u00e0 disposition d&rsquo;une famille de r\u00e9fugi\u00e9s syriens. Il a fallu leur r\u00e9pondre que la population villeneuvoise a d\u00e9j\u00e0 pay\u00e9 un lourd tribu \u00e0 la politique d&rsquo;asile, notamment \u00e0 cause de l&rsquo;expulsion de citoyens suisses de leur appartement devenu propri\u00e9t\u00e9 de l&rsquo;EVAM, l&rsquo;organisme d&rsquo;accueil des r\u00e9fugi\u00e9s. Par curiosit\u00e9, il sera bon de demander aux \u00e9lus socialistes combien d&rsquo;entre-eux seraient pr\u00eats \u00e0 offrir leur logement \u00e0 des migrants. On conna\u00eet d\u00e9j\u00e0 la r\u00e9ponse&#8230;<\/p>\n<p><strong>\u00c9LECTIONS : Nous recherchons des candidats<\/strong><br \/>\nLes prochaines \u00e9lections communales se d\u00e9rouleront le dimanche 28 f\u00e9vrier 2016, soit dans moins de 4 mois. L&rsquo;UDC a bien l&rsquo;intention de renforcer sa pr\u00e9sence au sein des autorit\u00e9s communales. Nous voulons augmenter le nombre de nos \u00e9lus au Conseil communal et faire notre entr\u00e9e dans la Municipalit\u00e9. Nous avons besoin de candidats sur nos listes pour porter haut les couleurs de l&rsquo;UDC. N&rsquo;h\u00e9sitez pas \u00e0 nous contacter en cas d&rsquo;int\u00e9r\u00eat ou simplement \u00e0 transf\u00e9rer cet e-mail \u00e0 vos connaissances. Plus nos listes seront fortes, plus facile sera l&rsquo;atteinte de nos objectifs. Nous comptons sur vous !<\/p>\n<p><strong>INITIATIVE POPULAIRE : Signez l&rsquo;initiative pour l&rsquo;autod\u00e9termination !<\/strong><strong><br \/>\n<\/strong>L&rsquo;initiative populaire pour l&rsquo;autod\u00e9termination pr\u00e9voit que le peuple puisse garder le dernier mot dans notre pays et que le droit suisse d\u00e9fini par le peuple et les cantons doive rester notre source de droit supr\u00eame. Il s&rsquo;agit aussi de dire non aux juges \u00e9trangers de Luxembourg et de Strasbourg qui d\u00e9cident du r\u00e9gime l\u00e9gal suisse \u00e0 la place du peuple et des cantons. Enfin, il s&rsquo;agit d&#8217;emp\u00eacher la reprise automatique du droit UE et du droit international dans notre ordre juridique. Signez et faites signer l&rsquo;initiative pour l&rsquo;autod\u00e9termination ! : <a href=\"http:\/\/www.initiative-autodetermination.ch\">www.initiative-autodetermination.ch<\/a><\/p>\n","protected":false},"excerpt":{"rendered":"<p>N\u00b0 9 | Villeneuve, le 2 novembre 2015 \u00c9V\u00c9NEMENT : Villeneuve a accueilli les d\u00e9l\u00e9gu\u00e9s de l&rsquo;UDC Suisse le 31 octobre dernier ! Le 31 octobre dernier, la Halle de la Tronchenaz \u00e0 Villeneuve a \u00e9t\u00e9 le th\u00e9\u00e2tre de l&rsquo;assembl\u00e9e des d\u00e9l\u00e9gu\u00e9s de l&rsquo;UDC Suisse. 500 d\u00e9l\u00e9gu\u00e9s \u00e9taient pr\u00e9sents \u00e0 cette s\u00e9ance, o\u00f9 notre parti [&hellip;]<\/p>\n","protected":false},"author":1,"featured_media":0,"comment_status":"closed","ping_status":"closed","sticky":false,"template":"","format":"standard","meta":{"footnotes":""},"categories":[9],"tags":[64,42,36,62,81],"class_list":["post-1298","post","type-post","status-publish","format-standard","hentry","category-villeneuve","tag-congres","tag-conseil-communal","tag-elections","tag-insecurite","tag-lettre-dinformation"],"yoast_head":"<!-- This site is optimized with the Yoast SEO plugin v27.4 - https:\/\/yoast.com\/product\/yoast-seo-wordpress\/ -->\n<title>UDC Chablais &#8226; UDC VILLENEUVE INFO N\u00b09<\/title>\n<meta name=\"robots\" content=\"index, follow, max-snippet:-1, max-image-preview:large, max-video-preview:-1\" \/>\n<link rel=\"canonical\" href=\"https:\/\/www.udc-chablais.ch\/?p=1298\" \/>\n<meta property=\"og:locale\" content=\"fr_FR\" \/>\n<meta property=\"og:type\" content=\"article\" \/>\n<meta property=\"og:title\" content=\"UDC Chablais &#8226; UDC VILLENEUVE INFO N\u00b09\" \/>\n<meta property=\"og:description\" content=\"N\u00b0 9 | Villeneuve, le 2 novembre 2015 \u00c9V\u00c9NEMENT : Villeneuve a accueilli les d\u00e9l\u00e9gu\u00e9s de l&rsquo;UDC Suisse le 31 octobre dernier ! Le 31 octobre dernier, la Halle de la Tronchenaz \u00e0 Villeneuve a \u00e9t\u00e9 le th\u00e9\u00e2tre de l&rsquo;assembl\u00e9e des d\u00e9l\u00e9gu\u00e9s de l&rsquo;UDC Suisse. 500 d\u00e9l\u00e9gu\u00e9s \u00e9taient pr\u00e9sents \u00e0 cette s\u00e9ance, o\u00f9 notre parti [&hellip;]\" \/>\n<meta property=\"og:url\" content=\"https:\/\/www.udc-chablais.ch\/?p=1298\" \/>\n<meta property=\"og:site_name\" content=\"UDC Chablais\" \/>\n<meta property=\"article:published_time\" content=\"2015-11-02T16:41:48+00:00\" \/>\n<meta property=\"article:modified_time\" content=\"2015-11-02T16:42:29+00:00\" \/>\n<meta property=\"og:image\" content=\"http:\/\/www.udc-chablais.ch.preview02.oxito.com\/wp-content\/uploads\/2013\/09\/banner_newsletter.png\" \/>\n<meta name=\"author\" content=\"webmaster\" \/>\n<meta name=\"twitter:card\" content=\"summary_large_image\" \/>\n<meta name=\"twitter:label1\" content=\"\u00c9crit par\" \/>\n\t<meta name=\"twitter:data1\" content=\"webmaster\" \/>\n\t<meta name=\"twitter:label2\" content=\"Dur\u00e9e de lecture estim\u00e9e\" \/>\n\t<meta name=\"twitter:data2\" content=\"3 minutes\" \/>\n<script type=\"application\/ld+json\" class=\"yoast-schema-graph\">{\"@context\":\"https:\\\/\\\/schema.org\",\"@graph\":[{\"@type\":\"Article\",\"@id\":\"https:\\\/\\\/www.udc-chablais.ch\\\/?p=1298#article\",\"isPartOf\":{\"@id\":\"https:\\\/\\\/www.udc-chablais.ch\\\/?p=1298\"},\"author\":{\"name\":\"webmaster\",\"@id\":\"https:\\\/\\\/www.udc-chablais.ch\\\/#\\\/schema\\\/person\\\/b62eaf6c7a833297cce77dfb363e9fa3\"},\"headline\":\"UDC VILLENEUVE INFO N\u00b09\",\"datePublished\":\"2015-11-02T16:41:48+00:00\",\"dateModified\":\"2015-11-02T16:42:29+00:00\",\"mainEntityOfPage\":{\"@id\":\"https:\\\/\\\/www.udc-chablais.ch\\\/?p=1298\"},\"wordCount\":621,\"publisher\":{\"@id\":\"https:\\\/\\\/www.udc-chablais.ch\\\/#organization\"},\"image\":{\"@id\":\"https:\\\/\\\/www.udc-chablais.ch\\\/?p=1298#primaryimage\"},\"thumbnailUrl\":\"http:\\\/\\\/www.udc-chablais.ch.preview02.oxito.com\\\/wp-content\\\/uploads\\\/2013\\\/09\\\/banner_newsletter.png\",\"keywords\":[\"congr\u00e8s\",\"conseil communal\",\"elections\",\"ins\u00e9curit\u00e9\",\"lettre d'information\"],\"articleSection\":[\"Villeneuve et Environs\"],\"inLanguage\":\"fr-FR\"},{\"@type\":\"WebPage\",\"@id\":\"https:\\\/\\\/www.udc-chablais.ch\\\/?p=1298\",\"url\":\"https:\\\/\\\/www.udc-chablais.ch\\\/?p=1298\",\"name\":\"UDC Chablais &#8226; UDC VILLENEUVE INFO N\u00b09\",\"isPartOf\":{\"@id\":\"https:\\\/\\\/www.udc-chablais.ch\\\/#website\"},\"primaryImageOfPage\":{\"@id\":\"https:\\\/\\\/www.udc-chablais.ch\\\/?p=1298#primaryimage\"},\"image\":{\"@id\":\"https:\\\/\\\/www.udc-chablais.ch\\\/?p=1298#primaryimage\"},\"thumbnailUrl\":\"http:\\\/\\\/www.udc-chablais.ch.preview02.oxito.com\\\/wp-content\\\/uploads\\\/2013\\\/09\\\/banner_newsletter.png\",\"datePublished\":\"2015-11-02T16:41:48+00:00\",\"dateModified\":\"2015-11-02T16:42:29+00:00\",\"breadcrumb\":{\"@id\":\"https:\\\/\\\/www.udc-chablais.ch\\\/?p=1298#breadcrumb\"},\"inLanguage\":\"fr-FR\",\"potentialAction\":[{\"@type\":\"ReadAction\",\"target\":[\"https:\\\/\\\/www.udc-chablais.ch\\\/?p=1298\"]}]},{\"@type\":\"ImageObject\",\"inLanguage\":\"fr-FR\",\"@id\":\"https:\\\/\\\/www.udc-chablais.ch\\\/?p=1298#primaryimage\",\"url\":\"http:\\\/\\\/www.udc-chablais.ch.preview02.oxito.com\\\/wp-content\\\/uploads\\\/2013\\\/09\\\/banner_newsletter.png\",\"contentUrl\":\"http:\\\/\\\/www.udc-chablais.ch.preview02.oxito.com\\\/wp-content\\\/uploads\\\/2013\\\/09\\\/banner_newsletter.png\"},{\"@type\":\"BreadcrumbList\",\"@id\":\"https:\\\/\\\/www.udc-chablais.ch\\\/?p=1298#breadcrumb\",\"itemListElement\":[{\"@type\":\"ListItem\",\"position\":1,\"name\":\"Accueil\",\"item\":\"https:\\\/\\\/www.udc-chablais.ch\\\/\"},{\"@type\":\"ListItem\",\"position\":2,\"name\":\"UDC VILLENEUVE INFO N\u00b09\"}]},{\"@type\":\"WebSite\",\"@id\":\"https:\\\/\\\/www.udc-chablais.ch\\\/#website\",\"url\":\"https:\\\/\\\/www.udc-chablais.ch\\\/\",\"name\":\"UDC Chablais\",\"description\":\"Une politique, la r\u00e9gion en plus\",\"publisher\":{\"@id\":\"https:\\\/\\\/www.udc-chablais.ch\\\/#organization\"},\"potentialAction\":[{\"@type\":\"SearchAction\",\"target\":{\"@type\":\"EntryPoint\",\"urlTemplate\":\"https:\\\/\\\/www.udc-chablais.ch\\\/?s={search_term_string}\"},\"query-input\":{\"@type\":\"PropertyValueSpecification\",\"valueRequired\":true,\"valueName\":\"search_term_string\"}}],\"inLanguage\":\"fr-FR\"},{\"@type\":\"Organization\",\"@id\":\"https:\\\/\\\/www.udc-chablais.ch\\\/#organization\",\"name\":\"UDC Chablais\",\"url\":\"https:\\\/\\\/www.udc-chablais.ch\\\/\",\"logo\":{\"@type\":\"ImageObject\",\"inLanguage\":\"fr-FR\",\"@id\":\"https:\\\/\\\/www.udc-chablais.ch\\\/#\\\/schema\\\/logo\\\/image\\\/\",\"url\":\"https:\\\/\\\/www.udc-chablais.ch\\\/wp-content\\\/uploads\\\/udc_chablais_logo_new_travail.jpg\",\"contentUrl\":\"https:\\\/\\\/www.udc-chablais.ch\\\/wp-content\\\/uploads\\\/udc_chablais_logo_new_travail.jpg\",\"width\":150,\"height\":150,\"caption\":\"UDC Chablais\"},\"image\":{\"@id\":\"https:\\\/\\\/www.udc-chablais.ch\\\/#\\\/schema\\\/logo\\\/image\\\/\"}},{\"@type\":\"Person\",\"@id\":\"https:\\\/\\\/www.udc-chablais.ch\\\/#\\\/schema\\\/person\\\/b62eaf6c7a833297cce77dfb363e9fa3\",\"name\":\"webmaster\",\"sameAs\":[\"http:\\\/\\\/www.dylankarlen.ch\"],\"url\":\"https:\\\/\\\/www.udc-chablais.ch\\\/?author=1\"}]}<\/script>\n<!-- \/ Yoast SEO plugin. -->","yoast_head_json":{"title":"UDC Chablais &#8226; UDC VILLENEUVE INFO N\u00b09","robots":{"index":"index","follow":"follow","max-snippet":"max-snippet:-1","max-image-preview":"max-image-preview:large","max-video-preview":"max-video-preview:-1"},"canonical":"https:\/\/www.udc-chablais.ch\/?p=1298","og_locale":"fr_FR","og_type":"article","og_title":"UDC Chablais &#8226; UDC VILLENEUVE INFO N\u00b09","og_description":"N\u00b0 9 | Villeneuve, le 2 novembre 2015 \u00c9V\u00c9NEMENT : Villeneuve a accueilli les d\u00e9l\u00e9gu\u00e9s de l&rsquo;UDC Suisse le 31 octobre dernier ! Le 31 octobre dernier, la Halle de la Tronchenaz \u00e0 Villeneuve a \u00e9t\u00e9 le th\u00e9\u00e2tre de l&rsquo;assembl\u00e9e des d\u00e9l\u00e9gu\u00e9s de l&rsquo;UDC Suisse. 500 d\u00e9l\u00e9gu\u00e9s \u00e9taient pr\u00e9sents \u00e0 cette s\u00e9ance, o\u00f9 notre parti [&hellip;]","og_url":"https:\/\/www.udc-chablais.ch\/?p=1298","og_site_name":"UDC Chablais","article_published_time":"2015-11-02T16:41:48+00:00","article_modified_time":"2015-11-02T16:42:29+00:00","og_image":[{"url":"http:\/\/www.udc-chablais.ch.preview02.oxito.com\/wp-content\/uploads\/2013\/09\/banner_newsletter.png","type":"","width":"","height":""}],"author":"webmaster","twitter_card":"summary_large_image","twitter_misc":{"\u00c9crit par":"webmaster","Dur\u00e9e de lecture estim\u00e9e":"3 minutes"},"schema":{"@context":"https:\/\/schema.org","@graph":[{"@type":"Article","@id":"https:\/\/www.udc-chablais.ch\/?p=1298#article","isPartOf":{"@id":"https:\/\/www.udc-chablais.ch\/?p=1298"},"author":{"name":"webmaster","@id":"https:\/\/www.udc-chablais.ch\/#\/schema\/person\/b62eaf6c7a833297cce77dfb363e9fa3"},"headline":"UDC VILLENEUVE INFO N\u00b09","datePublished":"2015-11-02T16:41:48+00:00","dateModified":"2015-11-02T16:42:29+00:00","mainEntityOfPage":{"@id":"https:\/\/www.udc-chablais.ch\/?p=1298"},"wordCount":621,"publisher":{"@id":"https:\/\/www.udc-chablais.ch\/#organization"},"image":{"@id":"https:\/\/www.udc-chablais.ch\/?p=1298#primaryimage"},"thumbnailUrl":"http:\/\/www.udc-chablais.ch.preview02.oxito.com\/wp-content\/uploads\/2013\/09\/banner_newsletter.png","keywords":["congr\u00e8s","conseil communal","elections","ins\u00e9curit\u00e9","lettre d'information"],"articleSection":["Villeneuve et Environs"],"inLanguage":"fr-FR"},{"@type":"WebPage","@id":"https:\/\/www.udc-chablais.ch\/?p=1298","url":"https:\/\/www.udc-chablais.ch\/?p=1298","name":"UDC Chablais &#8226; UDC VILLENEUVE INFO N\u00b09","isPartOf":{"@id":"https:\/\/www.udc-chablais.ch\/#website"},"primaryImageOfPage":{"@id":"https:\/\/www.udc-chablais.ch\/?p=1298#primaryimage"},"image":{"@id":"https:\/\/www.udc-chablais.ch\/?p=1298#primaryimage"},"thumbnailUrl":"http:\/\/www.udc-chablais.ch.preview02.oxito.com\/wp-content\/uploads\/2013\/09\/banner_newsletter.png","datePublished":"2015-11-02T16:41:48+00:00","dateModified":"2015-11-02T16:42:29+00:00","breadcrumb":{"@id":"https:\/\/www.udc-chablais.ch\/?p=1298#breadcrumb"},"inLanguage":"fr-FR","potentialAction":[{"@type":"ReadAction","target":["https:\/\/www.udc-chablais.ch\/?p=1298"]}]},{"@type":"ImageObject","inLanguage":"fr-FR","@id":"https:\/\/www.udc-chablais.ch\/?p=1298#primaryimage","url":"http:\/\/www.udc-chablais.ch.preview02.oxito.com\/wp-content\/uploads\/2013\/09\/banner_newsletter.png","contentUrl":"http:\/\/www.udc-chablais.ch.preview02.oxito.com\/wp-content\/uploads\/2013\/09\/banner_newsletter.png"},{"@type":"BreadcrumbList","@id":"https:\/\/www.udc-chablais.ch\/?p=1298#breadcrumb","itemListElement":[{"@type":"ListItem","position":1,"name":"Accueil","item":"https:\/\/www.udc-chablais.ch\/"},{"@type":"ListItem","position":2,"name":"UDC VILLENEUVE INFO N\u00b09"}]},{"@type":"WebSite","@id":"https:\/\/www.udc-chablais.ch\/#website","url":"https:\/\/www.udc-chablais.ch\/","name":"UDC Chablais","description":"Une politique, la r\u00e9gion en plus","publisher":{"@id":"https:\/\/www.udc-chablais.ch\/#organization"},"potentialAction":[{"@type":"SearchAction","target":{"@type":"EntryPoint","urlTemplate":"https:\/\/www.udc-chablais.ch\/?s={search_term_string}"},"query-input":{"@type":"PropertyValueSpecification","valueRequired":true,"valueName":"search_term_string"}}],"inLanguage":"fr-FR"},{"@type":"Organization","@id":"https:\/\/www.udc-chablais.ch\/#organization","name":"UDC Chablais","url":"https:\/\/www.udc-chablais.ch\/","logo":{"@type":"ImageObject","inLanguage":"fr-FR","@id":"https:\/\/www.udc-chablais.ch\/#\/schema\/logo\/image\/","url":"https:\/\/www.udc-chablais.ch\/wp-content\/uploads\/udc_chablais_logo_new_travail.jpg","contentUrl":"https:\/\/www.udc-chablais.ch\/wp-content\/uploads\/udc_chablais_logo_new_travail.jpg","width":150,"height":150,"caption":"UDC Chablais"},"image":{"@id":"https:\/\/www.udc-chablais.ch\/#\/schema\/logo\/image\/"}},{"@type":"Person","@id":"https:\/\/www.udc-chablais.ch\/#\/schema\/person\/b62eaf6c7a833297cce77dfb363e9fa3","name":"webmaster","sameAs":["http:\/\/www.dylankarlen.ch"],"url":"https:\/\/www.udc-chablais.ch\/?author=1"}]}},"_links":{"self":[{"href":"https:\/\/www.udc-chablais.ch\/index.php?rest_route=\/wp\/v2\/posts\/1298","targetHints":{"allow":["GET"]}}],"collection":[{"href":"https:\/\/www.udc-chablais.ch\/index.php?rest_route=\/wp\/v2\/posts"}],"about":[{"href":"https:\/\/www.udc-chablais.ch\/index.php?rest_route=\/wp\/v2\/types\/post"}],"author":[{"embeddable":true,"href":"https:\/\/www.udc-chablais.ch\/index.php?rest_route=\/wp\/v2\/users\/1"}],"replies":[{"embeddable":true,"href":"https:\/\/www.udc-chablais.ch\/index.php?rest_route=%2Fwp%2Fv2%2Fcomments&post=1298"}],"version-history":[{"count":2,"href":"https:\/\/www.udc-chablais.ch\/index.php?rest_route=\/wp\/v2\/posts\/1298\/revisions"}],"predecessor-version":[{"id":1300,"href":"https:\/\/www.udc-chablais.ch\/index.php?rest_route=\/wp\/v2\/posts\/1298\/revisions\/1300"}],"wp:attachment":[{"href":"https:\/\/www.udc-chablais.ch\/index.php?rest_route=%2Fwp%2Fv2%2Fmedia&parent=1298"}],"wp:term":[{"taxonomy":"category","embeddable":true,"href":"https:\/\/www.udc-chablais.ch\/index.php?rest_route=%2Fwp%2Fv2%2Fcategories&post=1298"},{"taxonomy":"post_tag","embeddable":true,"href":"https:\/\/www.udc-chablais.ch\/index.php?rest_route=%2Fwp%2Fv2%2Ftags&post=1298"}],"curies":[{"name":"wp","href":"https:\/\/api.w.org\/{rel}","templated":true}]}}