{"id":1317,"date":"2016-01-06T09:40:12","date_gmt":"2016-01-06T08:40:12","guid":{"rendered":"http:\/\/www.udc-chablais.ch\/?p=1317"},"modified":"2016-01-06T15:44:08","modified_gmt":"2016-01-06T14:44:08","slug":"publication-de-vox-populi-n2","status":"publish","type":"post","link":"https:\/\/www.udc-chablais.ch\/?p=1317","title":{"rendered":"Publication de Vox Populi N\u00b02"},"content":{"rendered":"<p><a href=\"http:\/\/www.udc-chablais.ch.preview02.oxito.com\/wp-content\/uploads\/2015\/12\/vox_populi_02_web.pdf\" target=\"_blank\" rel=\"attachment wp-att-1318\"><img loading=\"lazy\" decoding=\"async\" class=\"alignleft size-full wp-image-1318\" src=\"http:\/\/www.udc-chablais.ch.preview02.oxito.com\/wp-content\/uploads\/2015\/12\/vox_populi_02_web.jpg\" alt=\"vox_populi_02_web\" width=\"420\" height=\"595\" srcset=\"https:\/\/www.udc-chablais.ch\/wp-content\/uploads\/2015\/12\/vox_populi_02_web.jpg 420w, https:\/\/www.udc-chablais.ch\/wp-content\/uploads\/2015\/12\/vox_populi_02_web-212x300.jpg 212w\" sizes=\"auto, (max-width: 420px) 100vw, 420px\" \/><\/a><\/p>\n","protected":false},"excerpt":{"rendered":"","protected":false},"author":1,"featured_media":0,"comment_status":"closed","ping_status":"closed","sticky":false,"template":"","format":"standard","meta":{"footnotes":""},"categories":[6],"tags":[76,62,77,83],"class_list":["post-1317","post","type-post","status-publish","format-standard","hentry","category-aigle","tag-ecoles","tag-insecurite","tag-urbanisme","tag-vox-populi"],"yoast_head":"<!-- This site is optimized with the Yoast SEO plugin v27.4 - https:\/\/yoast.com\/product\/yoast-seo-wordpress\/ -->\n<title>UDC Chablais &#8226; Publication de Vox Populi N\u00b02<\/title>\n<meta name=\"robots\" content=\"index, follow, max-snippet:-1, max-image-preview:large, max-video-preview:-1\" \/>\n<link rel=\"canonical\" href=\"https:\/\/www.udc-chablais.ch\/?p=1317\" \/>\n<meta property=\"og:locale\" content=\"fr_FR\" \/>\n<meta property=\"og:type\" content=\"article\" \/>\n<meta property=\"og:title\" content=\"UDC Chablais &#8226; Publication de Vox Populi N\u00b02\" \/>\n<meta property=\"og:url\" content=\"https:\/\/www.udc-chablais.ch\/?p=1317\" \/>\n<meta property=\"og:site_name\" content=\"UDC Chablais\" \/>\n<meta property=\"article:published_time\" content=\"2016-01-06T08:40:12+00:00\" \/>\n<meta property=\"article:modified_time\" content=\"2016-01-06T14:44:08+00:00\" \/>\n<meta property=\"og:image\" content=\"http:\/\/www.udc-chablais.ch.preview02.oxito.com\/wp-content\/uploads\/2015\/12\/vox_populi_02_web.jpg\" \/>\n<meta name=\"author\" content=\"webmaster\" \/>\n<meta name=\"twitter:card\" content=\"summary_large_image\" \/>\n<meta name=\"twitter:label1\" content=\"\u00c9crit par\" \/>\n\t<meta name=\"twitter:data1\" content=\"webmaster\" \/>\n<script type=\"application\/ld+json\" class=\"yoast-schema-graph\">{\"@context\":\"https:\\\/\\\/schema.org\",\"@graph\":[{\"@type\":\"Article\",\"@id\":\"https:\\\/\\\/www.udc-chablais.ch\\\/?p=1317#article\",\"isPartOf\":{\"@id\":\"https:\\\/\\\/www.udc-chablais.ch\\\/?p=1317\"},\"author\":{\"name\":\"webmaster\",\"@id\":\"https:\\\/\\\/www.udc-chablais.ch\\\/#\\\/schema\\\/person\\\/b62eaf6c7a833297cce77dfb363e9fa3\"},\"headline\":\"Publication de Vox Populi N\u00b02\",\"datePublished\":\"2016-01-06T08:40:12+00:00\",\"dateModified\":\"2016-01-06T14:44:08+00:00\",\"mainEntityOfPage\":{\"@id\":\"https:\\\/\\\/www.udc-chablais.ch\\\/?p=1317\"},\"wordCount\":5,\"publisher\":{\"@id\":\"https:\\\/\\\/www.udc-chablais.ch\\\/#organization\"},\"image\":{\"@id\":\"https:\\\/\\\/www.udc-chablais.ch\\\/?p=1317#primaryimage\"},\"thumbnailUrl\":\"http:\\\/\\\/www.udc-chablais.ch.preview02.oxito.com\\\/wp-content\\\/uploads\\\/2015\\\/12\\\/vox_populi_02_web.jpg\",\"keywords\":[\"\u00e9coles\",\"ins\u00e9curit\u00e9\",\"urbanisme\",\"vox populi\"],\"articleSection\":[\"Aigle\"],\"inLanguage\":\"fr-FR\"},{\"@type\":\"WebPage\",\"@id\":\"https:\\\/\\\/www.udc-chablais.ch\\\/?p=1317\",\"url\":\"https:\\\/\\\/www.udc-chablais.ch\\\/?p=1317\",\"name\":\"UDC Chablais &#8226; Publication de Vox Populi N\u00b02\",\"isPartOf\":{\"@id\":\"https:\\\/\\\/www.udc-chablais.ch\\\/#website\"},\"primaryImageOfPage\":{\"@id\":\"https:\\\/\\\/www.udc-chablais.ch\\\/?p=1317#primaryimage\"},\"image\":{\"@id\":\"https:\\\/\\\/www.udc-chablais.ch\\\/?p=1317#primaryimage\"},\"thumbnailUrl\":\"http:\\\/\\\/www.udc-chablais.ch.preview02.oxito.com\\\/wp-content\\\/uploads\\\/2015\\\/12\\\/vox_populi_02_web.jpg\",\"datePublished\":\"2016-01-06T08:40:12+00:00\",\"dateModified\":\"2016-01-06T14:44:08+00:00\",\"breadcrumb\":{\"@id\":\"https:\\\/\\\/www.udc-chablais.ch\\\/?p=1317#breadcrumb\"},\"inLanguage\":\"fr-FR\",\"potentialAction\":[{\"@type\":\"ReadAction\",\"target\":[\"https:\\\/\\\/www.udc-chablais.ch\\\/?p=1317\"]}]},{\"@type\":\"ImageObject\",\"inLanguage\":\"fr-FR\",\"@id\":\"https:\\\/\\\/www.udc-chablais.ch\\\/?p=1317#primaryimage\",\"url\":\"http:\\\/\\\/www.udc-chablais.ch.preview02.oxito.com\\\/wp-content\\\/uploads\\\/2015\\\/12\\\/vox_populi_02_web.jpg\",\"contentUrl\":\"http:\\\/\\\/www.udc-chablais.ch.preview02.oxito.com\\\/wp-content\\\/uploads\\\/2015\\\/12\\\/vox_populi_02_web.jpg\"},{\"@type\":\"BreadcrumbList\",\"@id\":\"https:\\\/\\\/www.udc-chablais.ch\\\/?p=1317#breadcrumb\",\"itemListElement\":[{\"@type\":\"ListItem\",\"position\":1,\"name\":\"Accueil\",\"item\":\"https:\\\/\\\/www.udc-chablais.ch\\\/\"},{\"@type\":\"ListItem\",\"position\":2,\"name\":\"Publication de Vox Populi N\u00b02\"}]},{\"@type\":\"WebSite\",\"@id\":\"https:\\\/\\\/www.udc-chablais.ch\\\/#website\",\"url\":\"https:\\\/\\\/www.udc-chablais.ch\\\/\",\"name\":\"UDC Chablais\",\"description\":\"Une politique, la r\u00e9gion en plus\",\"publisher\":{\"@id\":\"https:\\\/\\\/www.udc-chablais.ch\\\/#organization\"},\"potentialAction\":[{\"@type\":\"SearchAction\",\"target\":{\"@type\":\"EntryPoint\",\"urlTemplate\":\"https:\\\/\\\/www.udc-chablais.ch\\\/?s={search_term_string}\"},\"query-input\":{\"@type\":\"PropertyValueSpecification\",\"valueRequired\":true,\"valueName\":\"search_term_string\"}}],\"inLanguage\":\"fr-FR\"},{\"@type\":\"Organization\",\"@id\":\"https:\\\/\\\/www.udc-chablais.ch\\\/#organization\",\"name\":\"UDC Chablais\",\"url\":\"https:\\\/\\\/www.udc-chablais.ch\\\/\",\"logo\":{\"@type\":\"ImageObject\",\"inLanguage\":\"fr-FR\",\"@id\":\"https:\\\/\\\/www.udc-chablais.ch\\\/#\\\/schema\\\/logo\\\/image\\\/\",\"url\":\"https:\\\/\\\/www.udc-chablais.ch\\\/wp-content\\\/uploads\\\/udc_chablais_logo_new_travail.jpg\",\"contentUrl\":\"https:\\\/\\\/www.udc-chablais.ch\\\/wp-content\\\/uploads\\\/udc_chablais_logo_new_travail.jpg\",\"width\":150,\"height\":150,\"caption\":\"UDC Chablais\"},\"image\":{\"@id\":\"https:\\\/\\\/www.udc-chablais.ch\\\/#\\\/schema\\\/logo\\\/image\\\/\"}},{\"@type\":\"Person\",\"@id\":\"https:\\\/\\\/www.udc-chablais.ch\\\/#\\\/schema\\\/person\\\/b62eaf6c7a833297cce77dfb363e9fa3\",\"name\":\"webmaster\",\"sameAs\":[\"http:\\\/\\\/www.dylankarlen.ch\"],\"url\":\"https:\\\/\\\/www.udc-chablais.ch\\\/?author=1\"}]}<\/script>\n<!-- \/ Yoast SEO plugin. -->","yoast_head_json":{"title":"UDC Chablais &#8226; Publication de Vox Populi N\u00b02","robots":{"index":"index","follow":"follow","max-snippet":"max-snippet:-1","max-image-preview":"max-image-preview:large","max-video-preview":"max-video-preview:-1"},"canonical":"https:\/\/www.udc-chablais.ch\/?p=1317","og_locale":"fr_FR","og_type":"article","og_title":"UDC Chablais &#8226; Publication de Vox Populi N\u00b02","og_url":"https:\/\/www.udc-chablais.ch\/?p=1317","og_site_name":"UDC Chablais","article_published_time":"2016-01-06T08:40:12+00:00","article_modified_time":"2016-01-06T14:44:08+00:00","og_image":[{"url":"http:\/\/www.udc-chablais.ch.preview02.oxito.com\/wp-content\/uploads\/2015\/12\/vox_populi_02_web.jpg","type":"","width":"","height":""}],"author":"webmaster","twitter_card":"summary_large_image","twitter_misc":{"\u00c9crit par":"webmaster"},"schema":{"@context":"https:\/\/schema.org","@graph":[{"@type":"Article","@id":"https:\/\/www.udc-chablais.ch\/?p=1317#article","isPartOf":{"@id":"https:\/\/www.udc-chablais.ch\/?p=1317"},"author":{"name":"webmaster","@id":"https:\/\/www.udc-chablais.ch\/#\/schema\/person\/b62eaf6c7a833297cce77dfb363e9fa3"},"headline":"Publication de Vox Populi N\u00b02","datePublished":"2016-01-06T08:40:12+00:00","dateModified":"2016-01-06T14:44:08+00:00","mainEntityOfPage":{"@id":"https:\/\/www.udc-chablais.ch\/?p=1317"},"wordCount":5,"publisher":{"@id":"https:\/\/www.udc-chablais.ch\/#organization"},"image":{"@id":"https:\/\/www.udc-chablais.ch\/?p=1317#primaryimage"},"thumbnailUrl":"http:\/\/www.udc-chablais.ch.preview02.oxito.com\/wp-content\/uploads\/2015\/12\/vox_populi_02_web.jpg","keywords":["\u00e9coles","ins\u00e9curit\u00e9","urbanisme","vox populi"],"articleSection":["Aigle"],"inLanguage":"fr-FR"},{"@type":"WebPage","@id":"https:\/\/www.udc-chablais.ch\/?p=1317","url":"https:\/\/www.udc-chablais.ch\/?p=1317","name":"UDC Chablais &#8226; Publication de Vox Populi N\u00b02","isPartOf":{"@id":"https:\/\/www.udc-chablais.ch\/#website"},"primaryImageOfPage":{"@id":"https:\/\/www.udc-chablais.ch\/?p=1317#primaryimage"},"image":{"@id":"https:\/\/www.udc-chablais.ch\/?p=1317#primaryimage"},"thumbnailUrl":"http:\/\/www.udc-chablais.ch.preview02.oxito.com\/wp-content\/uploads\/2015\/12\/vox_populi_02_web.jpg","datePublished":"2016-01-06T08:40:12+00:00","dateModified":"2016-01-06T14:44:08+00:00","breadcrumb":{"@id":"https:\/\/www.udc-chablais.ch\/?p=1317#breadcrumb"},"inLanguage":"fr-FR","potentialAction":[{"@type":"ReadAction","target":["https:\/\/www.udc-chablais.ch\/?p=1317"]}]},{"@type":"ImageObject","inLanguage":"fr-FR","@id":"https:\/\/www.udc-chablais.ch\/?p=1317#primaryimage","url":"http:\/\/www.udc-chablais.ch.preview02.oxito.com\/wp-content\/uploads\/2015\/12\/vox_populi_02_web.jpg","contentUrl":"http:\/\/www.udc-chablais.ch.preview02.oxito.com\/wp-content\/uploads\/2015\/12\/vox_populi_02_web.jpg"},{"@type":"BreadcrumbList","@id":"https:\/\/www.udc-chablais.ch\/?p=1317#breadcrumb","itemListElement":[{"@type":"ListItem","position":1,"name":"Accueil","item":"https:\/\/www.udc-chablais.ch\/"},{"@type":"ListItem","position":2,"name":"Publication de Vox Populi N\u00b02"}]},{"@type":"WebSite","@id":"https:\/\/www.udc-chablais.ch\/#website","url":"https:\/\/www.udc-chablais.ch\/","name":"UDC Chablais","description":"Une politique, la r\u00e9gion en plus","publisher":{"@id":"https:\/\/www.udc-chablais.ch\/#organization"},"potentialAction":[{"@type":"SearchAction","target":{"@type":"EntryPoint","urlTemplate":"https:\/\/www.udc-chablais.ch\/?s={search_term_string}"},"query-input":{"@type":"PropertyValueSpecification","valueRequired":true,"valueName":"search_term_string"}}],"inLanguage":"fr-FR"},{"@type":"Organization","@id":"https:\/\/www.udc-chablais.ch\/#organization","name":"UDC Chablais","url":"https:\/\/www.udc-chablais.ch\/","logo":{"@type":"ImageObject","inLanguage":"fr-FR","@id":"https:\/\/www.udc-chablais.ch\/#\/schema\/logo\/image\/","url":"https:\/\/www.udc-chablais.ch\/wp-content\/uploads\/udc_chablais_logo_new_travail.jpg","contentUrl":"https:\/\/www.udc-chablais.ch\/wp-content\/uploads\/udc_chablais_logo_new_travail.jpg","width":150,"height":150,"caption":"UDC Chablais"},"image":{"@id":"https:\/\/www.udc-chablais.ch\/#\/schema\/logo\/image\/"}},{"@type":"Person","@id":"https:\/\/www.udc-chablais.ch\/#\/schema\/person\/b62eaf6c7a833297cce77dfb363e9fa3","name":"webmaster","sameAs":["http:\/\/www.dylankarlen.ch"],"url":"https:\/\/www.udc-chablais.ch\/?author=1"}]}},"_links":{"self":[{"href":"https:\/\/www.udc-chablais.ch\/index.php?rest_route=\/wp\/v2\/posts\/1317","targetHints":{"allow":["GET"]}}],"collection":[{"href":"https:\/\/www.udc-chablais.ch\/index.php?rest_route=\/wp\/v2\/posts"}],"about":[{"href":"https:\/\/www.udc-chablais.ch\/index.php?rest_route=\/wp\/v2\/types\/post"}],"author":[{"embeddable":true,"href":"https:\/\/www.udc-chablais.ch\/index.php?rest_route=\/wp\/v2\/users\/1"}],"replies":[{"embeddable":true,"href":"https:\/\/www.udc-chablais.ch\/index.php?rest_route=%2Fwp%2Fv2%2Fcomments&post=1317"}],"version-history":[{"count":2,"href":"https:\/\/www.udc-chablais.ch\/index.php?rest_route=\/wp\/v2\/posts\/1317\/revisions"}],"predecessor-version":[{"id":1321,"href":"https:\/\/www.udc-chablais.ch\/index.php?rest_route=\/wp\/v2\/posts\/1317\/revisions\/1321"}],"wp:attachment":[{"href":"https:\/\/www.udc-chablais.ch\/index.php?rest_route=%2Fwp%2Fv2%2Fmedia&parent=1317"}],"wp:term":[{"taxonomy":"category","embeddable":true,"href":"https:\/\/www.udc-chablais.ch\/index.php?rest_route=%2Fwp%2Fv2%2Fcategories&post=1317"},{"taxonomy":"post_tag","embeddable":true,"href":"https:\/\/www.udc-chablais.ch\/index.php?rest_route=%2Fwp%2Fv2%2Ftags&post=1317"}],"curies":[{"name":"wp","href":"https:\/\/api.w.org\/{rel}","templated":true}]}}