{"id":1333,"date":"2016-01-12T14:20:54","date_gmt":"2016-01-12T13:20:54","guid":{"rendered":"http:\/\/www.udc-chablais.ch\/?p=1333"},"modified":"2016-01-12T14:20:54","modified_gmt":"2016-01-12T13:20:54","slug":"ludc-presente-499-candidats-aux-elections-communales","status":"publish","type":"post","link":"https:\/\/www.udc-chablais.ch\/?p=1333","title":{"rendered":"L&rsquo;UDC pr\u00e9sente 499 candidats aux \u00e9lections communales"},"content":{"rendered":"<p>L\u2019UDC Vaud a d\u00e9pos\u00e9 ses listes \u00e9lectorales au l\u00e9gislatif de 37 communes vaudoises, soit 8 de plus qu\u2019en 2011. 499 candidates et candidats d\u00e9fendent les couleurs de notre parti lors de ces \u00e9lections. L\u2019objectif est de l\u2019UDC est d\u2019augmenter notre repr\u00e9sentation globale d\u2019au moins 10% et d\u2019obtenir 5 \u00e9lus dans les communes o\u00f9 notre parti se pr\u00e9sente pour la premi\u00e8re fois. Si nos objectifs sont atteints, notre parti comptera pr\u00e8s de 350 conseillers communaux pour la prochaine l\u00e9gislature.<!--more--><\/p>\n<p><strong>Elections au Conseil communal<\/strong><\/p>\n<p>499 candidates et candidats se pr\u00e9sentent dans 37 communes diff\u00e9rentes, dont 128 femmes. A l\u2019exception notable de la commune de Moudon o\u00f9 notre parti ne sera plus repr\u00e9sent\u00e9 au Conseil communal sous sa d\u00e9nomination suite \u00e0 la cr\u00e9ation d\u2019une entente locale int\u00e9grant les membres UDC, notre parti a d\u00e9pos\u00e9 sa liste pour la premi\u00e8re fois \u00e0 Yvorne, Blonay, Echallens, Chardonne, Chavannes-pr\u00e8s-Renens, Savigny, Oron et Le Mont-sur-Lausanne.<\/p>\n<p>A Lausanne, l\u2019UDC a d\u00e9pos\u00e9 un nombre record de 51 candidates et candidats au Conseil communal, il s\u2019agit de la commune dans laquelle notre parti a d\u00e9pos\u00e9 le plus grand nombre de candidatures.<\/p>\n<p><strong>Elections \u00e0 la Municipalit\u00e9<\/strong><\/p>\n<p>53 candidates et candidats se pr\u00e9sentent en tant que candidats UDC dans 32 communes diff\u00e9rentes. 6 femmes repr\u00e9sentent l\u2019UDC \u00e0 ces \u00e9lections municipales, notamment Mme Catherine Buchet \u00e0 Montreux, Mme Janique Bonzon \u00e0 Ollon, Mme Patricia da Rocha et Lucie Rochat \u00e0 Morges, Mme Jacqueline Rosset \u00e0 Bussigny, Mme Nicole Helfer \u00e0 Grandson, Mme Anita Messere \u00e0 Lausanne. A Moudon, contrairement \u00e0 la situation qui pr\u00e9vaut au Conseil communal, l\u2019UDC pr\u00e9sente un candidat \u00e0 la Municipalit\u00e9.<\/p>\n<p><strong>Liste des communes avec nombre de candidats au Conseil communal (CC) et \u00e0 la Municipalit\u00e9 (M)<\/strong><\/p>\n<p><strong>Aigle (21 CC, 1 M)<\/strong>, Avenches (16 CC, 2 M), <strong>Bex (16 CC, 2 M)<\/strong>, Blonay (3 CC, 1 M), Bussigny (12 CC, 2 M), Chardonne (2 CC), Ch\u00e2teau d\u2019Oex (20 CC, 1 M), Chavannes-pr\u00e8s-Renens (5 CC), Echallens (6 CC, 1 M), Ecublens (14 CC, 1 M), Epalinges (11 CC, 2 M), Gland (9 CC, 1 M), Grandson (14 CC, 2 M), La Tour-de-Peilz (10 CC, 1 M), Lausanne (51 CC, 2 M), Le Mont-sur-Lausanne (8 CC, 1 M), <strong>Leysin (4 CC)<\/strong>, Lutry (11 CC, 1 M), Montreux (10 C, 1 M), Morges (10 CC, 3 M), Moudon (1 M), Nyon (23 CC, 1 M), <strong>Ollon (20 CC, 2 M)<\/strong>, Orbe (5 CC), Oron (33 CC, 3 M), Payerne (17 CC, 1 M), Pully (13 CC, 1 M), Prilly (9 CC, 4 M), Renens (10 CC, 2 M), Rolle (10 CC, 1 M), Savigny (9 CC), Ste-Croix (14 CC, 3 M), Vallorbe (21 CC, 3 M), Vevey (14 CC, 1 M), <strong>Villeneuve (16 CC, 1 M)<\/strong>, Yverdon-les-Bains (19 CC, 1 M), Yvonand (21 CC, 2 M), <strong>Yvorne (3 CC, 1 M)<\/strong>.<\/p>\n","protected":false},"excerpt":{"rendered":"<p>L\u2019UDC Vaud a d\u00e9pos\u00e9 ses listes \u00e9lectorales au l\u00e9gislatif de 37 communes vaudoises, soit 8 de plus qu\u2019en 2011. 499 candidates et candidats d\u00e9fendent les couleurs de notre parti lors de ces \u00e9lections. L\u2019objectif est de l\u2019UDC est d\u2019augmenter notre repr\u00e9sentation globale d\u2019au moins 10% et d\u2019obtenir 5 \u00e9lus dans les communes o\u00f9 notre parti [&hellip;]<\/p>\n","protected":false},"author":1,"featured_media":0,"comment_status":"closed","ping_status":"closed","sticky":false,"template":"","format":"standard","meta":{"footnotes":""},"categories":[13],"tags":[42,36,82],"class_list":["post-1333","post","type-post","status-publish","format-standard","hentry","category-chablais","tag-conseil-communal","tag-elections","tag-municipalite"],"yoast_head":"<!-- This site is optimized with the Yoast SEO plugin v27.4 - https:\/\/yoast.com\/product\/yoast-seo-wordpress\/ -->\n<title>UDC Chablais &#8226; L&#039;UDC pr\u00e9sente 499 candidats aux \u00e9lections communales<\/title>\n<meta name=\"robots\" content=\"index, follow, max-snippet:-1, max-image-preview:large, max-video-preview:-1\" \/>\n<link rel=\"canonical\" href=\"https:\/\/www.udc-chablais.ch\/?p=1333\" \/>\n<meta property=\"og:locale\" content=\"fr_FR\" \/>\n<meta property=\"og:type\" content=\"article\" \/>\n<meta property=\"og:title\" content=\"UDC Chablais &#8226; L&#039;UDC pr\u00e9sente 499 candidats aux \u00e9lections communales\" \/>\n<meta property=\"og:description\" content=\"L\u2019UDC Vaud a d\u00e9pos\u00e9 ses listes \u00e9lectorales au l\u00e9gislatif de 37 communes vaudoises, soit 8 de plus qu\u2019en 2011. 499 candidates et candidats d\u00e9fendent les couleurs de notre parti lors de ces \u00e9lections. L\u2019objectif est de l\u2019UDC est d\u2019augmenter notre repr\u00e9sentation globale d\u2019au moins 10% et d\u2019obtenir 5 \u00e9lus dans les communes o\u00f9 notre parti [&hellip;]\" \/>\n<meta property=\"og:url\" content=\"https:\/\/www.udc-chablais.ch\/?p=1333\" \/>\n<meta property=\"og:site_name\" content=\"UDC Chablais\" \/>\n<meta property=\"article:published_time\" content=\"2016-01-12T13:20:54+00:00\" \/>\n<meta name=\"author\" content=\"webmaster\" \/>\n<meta name=\"twitter:card\" content=\"summary_large_image\" \/>\n<meta name=\"twitter:label1\" content=\"\u00c9crit par\" \/>\n\t<meta name=\"twitter:data1\" content=\"webmaster\" \/>\n\t<meta name=\"twitter:label2\" content=\"Dur\u00e9e de lecture estim\u00e9e\" \/>\n\t<meta name=\"twitter:data2\" content=\"2 minutes\" \/>\n<script type=\"application\/ld+json\" class=\"yoast-schema-graph\">{\"@context\":\"https:\\\/\\\/schema.org\",\"@graph\":[{\"@type\":\"Article\",\"@id\":\"https:\\\/\\\/www.udc-chablais.ch\\\/?p=1333#article\",\"isPartOf\":{\"@id\":\"https:\\\/\\\/www.udc-chablais.ch\\\/?p=1333\"},\"author\":{\"name\":\"webmaster\",\"@id\":\"https:\\\/\\\/www.udc-chablais.ch\\\/#\\\/schema\\\/person\\\/b62eaf6c7a833297cce77dfb363e9fa3\"},\"headline\":\"L&rsquo;UDC pr\u00e9sente 499 candidats aux \u00e9lections communales\",\"datePublished\":\"2016-01-12T13:20:54+00:00\",\"mainEntityOfPage\":{\"@id\":\"https:\\\/\\\/www.udc-chablais.ch\\\/?p=1333\"},\"wordCount\":409,\"publisher\":{\"@id\":\"https:\\\/\\\/www.udc-chablais.ch\\\/#organization\"},\"keywords\":[\"conseil communal\",\"elections\",\"municipalit\u00e9\"],\"articleSection\":[\"Chablais\"],\"inLanguage\":\"fr-FR\"},{\"@type\":\"WebPage\",\"@id\":\"https:\\\/\\\/www.udc-chablais.ch\\\/?p=1333\",\"url\":\"https:\\\/\\\/www.udc-chablais.ch\\\/?p=1333\",\"name\":\"UDC Chablais &#8226; L'UDC pr\u00e9sente 499 candidats aux \u00e9lections communales\",\"isPartOf\":{\"@id\":\"https:\\\/\\\/www.udc-chablais.ch\\\/#website\"},\"datePublished\":\"2016-01-12T13:20:54+00:00\",\"breadcrumb\":{\"@id\":\"https:\\\/\\\/www.udc-chablais.ch\\\/?p=1333#breadcrumb\"},\"inLanguage\":\"fr-FR\",\"potentialAction\":[{\"@type\":\"ReadAction\",\"target\":[\"https:\\\/\\\/www.udc-chablais.ch\\\/?p=1333\"]}]},{\"@type\":\"BreadcrumbList\",\"@id\":\"https:\\\/\\\/www.udc-chablais.ch\\\/?p=1333#breadcrumb\",\"itemListElement\":[{\"@type\":\"ListItem\",\"position\":1,\"name\":\"Accueil\",\"item\":\"https:\\\/\\\/www.udc-chablais.ch\\\/\"},{\"@type\":\"ListItem\",\"position\":2,\"name\":\"L&rsquo;UDC pr\u00e9sente 499 candidats aux \u00e9lections communales\"}]},{\"@type\":\"WebSite\",\"@id\":\"https:\\\/\\\/www.udc-chablais.ch\\\/#website\",\"url\":\"https:\\\/\\\/www.udc-chablais.ch\\\/\",\"name\":\"UDC Chablais\",\"description\":\"Une politique, la r\u00e9gion en plus\",\"publisher\":{\"@id\":\"https:\\\/\\\/www.udc-chablais.ch\\\/#organization\"},\"potentialAction\":[{\"@type\":\"SearchAction\",\"target\":{\"@type\":\"EntryPoint\",\"urlTemplate\":\"https:\\\/\\\/www.udc-chablais.ch\\\/?s={search_term_string}\"},\"query-input\":{\"@type\":\"PropertyValueSpecification\",\"valueRequired\":true,\"valueName\":\"search_term_string\"}}],\"inLanguage\":\"fr-FR\"},{\"@type\":\"Organization\",\"@id\":\"https:\\\/\\\/www.udc-chablais.ch\\\/#organization\",\"name\":\"UDC Chablais\",\"url\":\"https:\\\/\\\/www.udc-chablais.ch\\\/\",\"logo\":{\"@type\":\"ImageObject\",\"inLanguage\":\"fr-FR\",\"@id\":\"https:\\\/\\\/www.udc-chablais.ch\\\/#\\\/schema\\\/logo\\\/image\\\/\",\"url\":\"https:\\\/\\\/www.udc-chablais.ch\\\/wp-content\\\/uploads\\\/udc_chablais_logo_new_travail.jpg\",\"contentUrl\":\"https:\\\/\\\/www.udc-chablais.ch\\\/wp-content\\\/uploads\\\/udc_chablais_logo_new_travail.jpg\",\"width\":150,\"height\":150,\"caption\":\"UDC Chablais\"},\"image\":{\"@id\":\"https:\\\/\\\/www.udc-chablais.ch\\\/#\\\/schema\\\/logo\\\/image\\\/\"}},{\"@type\":\"Person\",\"@id\":\"https:\\\/\\\/www.udc-chablais.ch\\\/#\\\/schema\\\/person\\\/b62eaf6c7a833297cce77dfb363e9fa3\",\"name\":\"webmaster\",\"sameAs\":[\"http:\\\/\\\/www.dylankarlen.ch\"],\"url\":\"https:\\\/\\\/www.udc-chablais.ch\\\/?author=1\"}]}<\/script>\n<!-- \/ Yoast SEO plugin. -->","yoast_head_json":{"title":"UDC Chablais &#8226; L'UDC pr\u00e9sente 499 candidats aux \u00e9lections communales","robots":{"index":"index","follow":"follow","max-snippet":"max-snippet:-1","max-image-preview":"max-image-preview:large","max-video-preview":"max-video-preview:-1"},"canonical":"https:\/\/www.udc-chablais.ch\/?p=1333","og_locale":"fr_FR","og_type":"article","og_title":"UDC Chablais &#8226; L'UDC pr\u00e9sente 499 candidats aux \u00e9lections communales","og_description":"L\u2019UDC Vaud a d\u00e9pos\u00e9 ses listes \u00e9lectorales au l\u00e9gislatif de 37 communes vaudoises, soit 8 de plus qu\u2019en 2011. 499 candidates et candidats d\u00e9fendent les couleurs de notre parti lors de ces \u00e9lections. L\u2019objectif est de l\u2019UDC est d\u2019augmenter notre repr\u00e9sentation globale d\u2019au moins 10% et d\u2019obtenir 5 \u00e9lus dans les communes o\u00f9 notre parti [&hellip;]","og_url":"https:\/\/www.udc-chablais.ch\/?p=1333","og_site_name":"UDC Chablais","article_published_time":"2016-01-12T13:20:54+00:00","author":"webmaster","twitter_card":"summary_large_image","twitter_misc":{"\u00c9crit par":"webmaster","Dur\u00e9e de lecture estim\u00e9e":"2 minutes"},"schema":{"@context":"https:\/\/schema.org","@graph":[{"@type":"Article","@id":"https:\/\/www.udc-chablais.ch\/?p=1333#article","isPartOf":{"@id":"https:\/\/www.udc-chablais.ch\/?p=1333"},"author":{"name":"webmaster","@id":"https:\/\/www.udc-chablais.ch\/#\/schema\/person\/b62eaf6c7a833297cce77dfb363e9fa3"},"headline":"L&rsquo;UDC pr\u00e9sente 499 candidats aux \u00e9lections communales","datePublished":"2016-01-12T13:20:54+00:00","mainEntityOfPage":{"@id":"https:\/\/www.udc-chablais.ch\/?p=1333"},"wordCount":409,"publisher":{"@id":"https:\/\/www.udc-chablais.ch\/#organization"},"keywords":["conseil communal","elections","municipalit\u00e9"],"articleSection":["Chablais"],"inLanguage":"fr-FR"},{"@type":"WebPage","@id":"https:\/\/www.udc-chablais.ch\/?p=1333","url":"https:\/\/www.udc-chablais.ch\/?p=1333","name":"UDC Chablais &#8226; L'UDC pr\u00e9sente 499 candidats aux \u00e9lections communales","isPartOf":{"@id":"https:\/\/www.udc-chablais.ch\/#website"},"datePublished":"2016-01-12T13:20:54+00:00","breadcrumb":{"@id":"https:\/\/www.udc-chablais.ch\/?p=1333#breadcrumb"},"inLanguage":"fr-FR","potentialAction":[{"@type":"ReadAction","target":["https:\/\/www.udc-chablais.ch\/?p=1333"]}]},{"@type":"BreadcrumbList","@id":"https:\/\/www.udc-chablais.ch\/?p=1333#breadcrumb","itemListElement":[{"@type":"ListItem","position":1,"name":"Accueil","item":"https:\/\/www.udc-chablais.ch\/"},{"@type":"ListItem","position":2,"name":"L&rsquo;UDC pr\u00e9sente 499 candidats aux \u00e9lections communales"}]},{"@type":"WebSite","@id":"https:\/\/www.udc-chablais.ch\/#website","url":"https:\/\/www.udc-chablais.ch\/","name":"UDC Chablais","description":"Une politique, la r\u00e9gion en plus","publisher":{"@id":"https:\/\/www.udc-chablais.ch\/#organization"},"potentialAction":[{"@type":"SearchAction","target":{"@type":"EntryPoint","urlTemplate":"https:\/\/www.udc-chablais.ch\/?s={search_term_string}"},"query-input":{"@type":"PropertyValueSpecification","valueRequired":true,"valueName":"search_term_string"}}],"inLanguage":"fr-FR"},{"@type":"Organization","@id":"https:\/\/www.udc-chablais.ch\/#organization","name":"UDC Chablais","url":"https:\/\/www.udc-chablais.ch\/","logo":{"@type":"ImageObject","inLanguage":"fr-FR","@id":"https:\/\/www.udc-chablais.ch\/#\/schema\/logo\/image\/","url":"https:\/\/www.udc-chablais.ch\/wp-content\/uploads\/udc_chablais_logo_new_travail.jpg","contentUrl":"https:\/\/www.udc-chablais.ch\/wp-content\/uploads\/udc_chablais_logo_new_travail.jpg","width":150,"height":150,"caption":"UDC Chablais"},"image":{"@id":"https:\/\/www.udc-chablais.ch\/#\/schema\/logo\/image\/"}},{"@type":"Person","@id":"https:\/\/www.udc-chablais.ch\/#\/schema\/person\/b62eaf6c7a833297cce77dfb363e9fa3","name":"webmaster","sameAs":["http:\/\/www.dylankarlen.ch"],"url":"https:\/\/www.udc-chablais.ch\/?author=1"}]}},"_links":{"self":[{"href":"https:\/\/www.udc-chablais.ch\/index.php?rest_route=\/wp\/v2\/posts\/1333","targetHints":{"allow":["GET"]}}],"collection":[{"href":"https:\/\/www.udc-chablais.ch\/index.php?rest_route=\/wp\/v2\/posts"}],"about":[{"href":"https:\/\/www.udc-chablais.ch\/index.php?rest_route=\/wp\/v2\/types\/post"}],"author":[{"embeddable":true,"href":"https:\/\/www.udc-chablais.ch\/index.php?rest_route=\/wp\/v2\/users\/1"}],"replies":[{"embeddable":true,"href":"https:\/\/www.udc-chablais.ch\/index.php?rest_route=%2Fwp%2Fv2%2Fcomments&post=1333"}],"version-history":[{"count":1,"href":"https:\/\/www.udc-chablais.ch\/index.php?rest_route=\/wp\/v2\/posts\/1333\/revisions"}],"predecessor-version":[{"id":1334,"href":"https:\/\/www.udc-chablais.ch\/index.php?rest_route=\/wp\/v2\/posts\/1333\/revisions\/1334"}],"wp:attachment":[{"href":"https:\/\/www.udc-chablais.ch\/index.php?rest_route=%2Fwp%2Fv2%2Fmedia&parent=1333"}],"wp:term":[{"taxonomy":"category","embeddable":true,"href":"https:\/\/www.udc-chablais.ch\/index.php?rest_route=%2Fwp%2Fv2%2Fcategories&post=1333"},{"taxonomy":"post_tag","embeddable":true,"href":"https:\/\/www.udc-chablais.ch\/index.php?rest_route=%2Fwp%2Fv2%2Ftags&post=1333"}],"curies":[{"name":"wp","href":"https:\/\/api.w.org\/{rel}","templated":true}]}}