{"id":1424,"date":"2016-04-19T16:37:00","date_gmt":"2016-04-19T15:37:00","guid":{"rendered":"http:\/\/www.udc-chablais.ch\/?p=1424"},"modified":"2016-04-19T16:37:13","modified_gmt":"2016-04-19T15:37:13","slug":"ludc-soppose-a-lexpropriation-des-vaudois","status":"publish","type":"post","link":"https:\/\/www.udc-chablais.ch\/?p=1424","title":{"rendered":"L&rsquo;UDC s&rsquo;oppose \u00e0 l&rsquo;expropriation des Vaudois !"},"content":{"rendered":"<p>Aujourd\u2019hui, le Grand Conseil s\u2019est \u00e0 nouveau pench\u00e9 sur le projet de loi cens\u00e9 servir de contre-projet indirect \u00e0 l\u2019initiative de l\u2019ASLOCA qui pr\u00e9voit le droit d\u2019expropriation. Malgr\u00e9 les nombreux va-et-vient entre le Conseil d\u2019Etat, le Grand Conseil et la commission, le compromis finalement propos\u00e9 a \u00e9t\u00e9 refus\u00e9 par le groupe UDC. Loin de combattre le droit de pr\u00e9emption pr\u00e9vu dans le projet de loi, le Parlement semble accepter ce principe qui permet aux communes de se substituer \u00e0 l\u2019acheteur au m\u00e9pris des libert\u00e9s commerciales.<\/p>\n<p>Pour m\u00e9moire, l\u2019UDC d\u00e9nonce le pilotage d\u00e9sastreux de ce projet de loi par la conseill\u00e8re d\u2019Etat B\u00e9atrice M\u00e9traux, qui a concoct\u00e9 un contre-projet indirect align\u00e9 sur l\u2019initiative de l\u2019ASLOCA, ce qui trahit ses v\u00e9ritables convictions politiques. Ind\u00e9pendamment du sort de cette loi, la repr\u00e9sentante du Conseil d\u2019Etat ne laissera pas le souvenir d\u2019une conduite exemplaire de ce dossier. Quel g\u00e2chis !<!--more--><\/p>\n<p>Aux yeux de l\u2019UDC, la majorit\u00e9 de la commission charg\u00e9e de ce nouveau projet de loi n\u2019a pas eu le courage de s\u2019opposer fermement au droit de pr\u00e9emption et a donc tol\u00e9r\u00e9 que ce principe soit appliqu\u00e9 en terres vaudoises. Tel qu\u2019il est, ce droit permet donc \u00e0 une commune de se substituer \u00e0 l\u2019acheteur pour l\u2019acquisition d\u2019un bien-fonds, au prix de vente fix\u00e9 entre l\u2019acheteur et le vendeur. Etant donn\u00e9 qu\u2019une partie importante des transactions de biens immobiliers ou de terrains se font au sein d\u2019une m\u00eame famille, le vendeur fixe un prix avantageux en faveur de son parent. Les collectivit\u00e9s publiques vont donc pouvoir acqu\u00e9rir des biens-fonds bon march\u00e9 sur le dos des propri\u00e9taires. L\u2019UDC aurait pu accepter un compromis qui limite le droit de pr\u00e9emption \u00e0 des biens-fonds non b\u00e2tis, ce que la commission a\u00a0rejet\u00e9.<\/p>\n<p>Enfin, un tel droit va consid\u00e9rablement alourdir le travail administratif des autorit\u00e9s et donc les charges pay\u00e9es par les contribuables car, pour chaque vente pass\u00e9e dans le canton, les communes devront d\u00e9terminer si elles veulent user de leur droit de pr\u00e9empter ou non.<\/p>\n<p>L\u2019UDC d\u00e9nonce une manie syst\u00e9matique des pouvoirs de gauche \u00e0 s\u2019en prendre \u00e0 la propri\u00e9t\u00e9 priv\u00e9e. En plus de l\u2019introduction du droit de pr\u00e9emption pr\u00e9vu dans la loi, notre parti rappelle qu\u2019en juin prochain, le peuple se prononcera sur un projet de r\u00e9forme de la loi sur l\u2019asile qui pr\u00e9voit un droit d\u2019expropriation en faveur de la Conf\u00e9d\u00e9ration. 2016 sera-t-elle l\u2019ann\u00e9e o\u00f9 les Vaudois seront expropri\u00e9s de leurs biens ? \u00c7a en a tout l\u2019air\u2026<\/p>\n","protected":false},"excerpt":{"rendered":"<p>Aujourd\u2019hui, le Grand Conseil s\u2019est \u00e0 nouveau pench\u00e9 sur le projet de loi cens\u00e9 servir de contre-projet indirect \u00e0 l\u2019initiative de l\u2019ASLOCA qui pr\u00e9voit le droit d\u2019expropriation. Malgr\u00e9 les nombreux va-et-vient entre le Conseil d\u2019Etat, le Grand Conseil et la commission, le compromis finalement propos\u00e9 a \u00e9t\u00e9 refus\u00e9 par le groupe UDC. Loin de combattre [&hellip;]<\/p>\n","protected":false},"author":1,"featured_media":0,"comment_status":"closed","ping_status":"closed","sticky":false,"template":"","format":"standard","meta":{"footnotes":""},"categories":[14],"tags":[95,77],"class_list":["post-1424","post","type-post","status-publish","format-standard","hentry","category-grandconseil","tag-propriete","tag-urbanisme"],"yoast_head":"<!-- This site is optimized with the Yoast SEO plugin v27.4 - https:\/\/yoast.com\/product\/yoast-seo-wordpress\/ -->\n<title>UDC Chablais &#8226; L&#039;UDC s&#039;oppose \u00e0 l&#039;expropriation des Vaudois !<\/title>\n<meta name=\"robots\" content=\"index, follow, max-snippet:-1, max-image-preview:large, max-video-preview:-1\" \/>\n<link rel=\"canonical\" href=\"https:\/\/www.udc-chablais.ch\/?p=1424\" \/>\n<meta property=\"og:locale\" content=\"fr_FR\" \/>\n<meta property=\"og:type\" content=\"article\" \/>\n<meta property=\"og:title\" content=\"UDC Chablais &#8226; L&#039;UDC s&#039;oppose \u00e0 l&#039;expropriation des Vaudois !\" \/>\n<meta property=\"og:description\" content=\"Aujourd\u2019hui, le Grand Conseil s\u2019est \u00e0 nouveau pench\u00e9 sur le projet de loi cens\u00e9 servir de contre-projet indirect \u00e0 l\u2019initiative de l\u2019ASLOCA qui pr\u00e9voit le droit d\u2019expropriation. Malgr\u00e9 les nombreux va-et-vient entre le Conseil d\u2019Etat, le Grand Conseil et la commission, le compromis finalement propos\u00e9 a \u00e9t\u00e9 refus\u00e9 par le groupe UDC. Loin de combattre [&hellip;]\" \/>\n<meta property=\"og:url\" content=\"https:\/\/www.udc-chablais.ch\/?p=1424\" \/>\n<meta property=\"og:site_name\" content=\"UDC Chablais\" \/>\n<meta property=\"article:published_time\" content=\"2016-04-19T15:37:00+00:00\" \/>\n<meta property=\"article:modified_time\" content=\"2016-04-19T15:37:13+00:00\" \/>\n<meta name=\"author\" content=\"webmaster\" \/>\n<meta name=\"twitter:card\" content=\"summary_large_image\" \/>\n<meta name=\"twitter:label1\" content=\"\u00c9crit par\" \/>\n\t<meta name=\"twitter:data1\" content=\"webmaster\" \/>\n\t<meta name=\"twitter:label2\" content=\"Dur\u00e9e de lecture estim\u00e9e\" \/>\n\t<meta name=\"twitter:data2\" content=\"2 minutes\" \/>\n<script type=\"application\/ld+json\" class=\"yoast-schema-graph\">{\"@context\":\"https:\\\/\\\/schema.org\",\"@graph\":[{\"@type\":\"Article\",\"@id\":\"https:\\\/\\\/www.udc-chablais.ch\\\/?p=1424#article\",\"isPartOf\":{\"@id\":\"https:\\\/\\\/www.udc-chablais.ch\\\/?p=1424\"},\"author\":{\"name\":\"webmaster\",\"@id\":\"https:\\\/\\\/www.udc-chablais.ch\\\/#\\\/schema\\\/person\\\/b62eaf6c7a833297cce77dfb363e9fa3\"},\"headline\":\"L&rsquo;UDC s&rsquo;oppose \u00e0 l&rsquo;expropriation des Vaudois !\",\"datePublished\":\"2016-04-19T15:37:00+00:00\",\"dateModified\":\"2016-04-19T15:37:13+00:00\",\"mainEntityOfPage\":{\"@id\":\"https:\\\/\\\/www.udc-chablais.ch\\\/?p=1424\"},\"wordCount\":474,\"publisher\":{\"@id\":\"https:\\\/\\\/www.udc-chablais.ch\\\/#organization\"},\"keywords\":[\"propri\u00e9t\u00e9\",\"urbanisme\"],\"articleSection\":[\"Grand Conseil\"],\"inLanguage\":\"fr-FR\"},{\"@type\":\"WebPage\",\"@id\":\"https:\\\/\\\/www.udc-chablais.ch\\\/?p=1424\",\"url\":\"https:\\\/\\\/www.udc-chablais.ch\\\/?p=1424\",\"name\":\"UDC Chablais &#8226; L'UDC s'oppose \u00e0 l'expropriation des Vaudois !\",\"isPartOf\":{\"@id\":\"https:\\\/\\\/www.udc-chablais.ch\\\/#website\"},\"datePublished\":\"2016-04-19T15:37:00+00:00\",\"dateModified\":\"2016-04-19T15:37:13+00:00\",\"breadcrumb\":{\"@id\":\"https:\\\/\\\/www.udc-chablais.ch\\\/?p=1424#breadcrumb\"},\"inLanguage\":\"fr-FR\",\"potentialAction\":[{\"@type\":\"ReadAction\",\"target\":[\"https:\\\/\\\/www.udc-chablais.ch\\\/?p=1424\"]}]},{\"@type\":\"BreadcrumbList\",\"@id\":\"https:\\\/\\\/www.udc-chablais.ch\\\/?p=1424#breadcrumb\",\"itemListElement\":[{\"@type\":\"ListItem\",\"position\":1,\"name\":\"Accueil\",\"item\":\"https:\\\/\\\/www.udc-chablais.ch\\\/\"},{\"@type\":\"ListItem\",\"position\":2,\"name\":\"L&rsquo;UDC s&rsquo;oppose \u00e0 l&rsquo;expropriation des Vaudois !\"}]},{\"@type\":\"WebSite\",\"@id\":\"https:\\\/\\\/www.udc-chablais.ch\\\/#website\",\"url\":\"https:\\\/\\\/www.udc-chablais.ch\\\/\",\"name\":\"UDC Chablais\",\"description\":\"Une politique, la r\u00e9gion en plus\",\"publisher\":{\"@id\":\"https:\\\/\\\/www.udc-chablais.ch\\\/#organization\"},\"potentialAction\":[{\"@type\":\"SearchAction\",\"target\":{\"@type\":\"EntryPoint\",\"urlTemplate\":\"https:\\\/\\\/www.udc-chablais.ch\\\/?s={search_term_string}\"},\"query-input\":{\"@type\":\"PropertyValueSpecification\",\"valueRequired\":true,\"valueName\":\"search_term_string\"}}],\"inLanguage\":\"fr-FR\"},{\"@type\":\"Organization\",\"@id\":\"https:\\\/\\\/www.udc-chablais.ch\\\/#organization\",\"name\":\"UDC Chablais\",\"url\":\"https:\\\/\\\/www.udc-chablais.ch\\\/\",\"logo\":{\"@type\":\"ImageObject\",\"inLanguage\":\"fr-FR\",\"@id\":\"https:\\\/\\\/www.udc-chablais.ch\\\/#\\\/schema\\\/logo\\\/image\\\/\",\"url\":\"https:\\\/\\\/www.udc-chablais.ch\\\/wp-content\\\/uploads\\\/udc_chablais_logo_new_travail.jpg\",\"contentUrl\":\"https:\\\/\\\/www.udc-chablais.ch\\\/wp-content\\\/uploads\\\/udc_chablais_logo_new_travail.jpg\",\"width\":150,\"height\":150,\"caption\":\"UDC Chablais\"},\"image\":{\"@id\":\"https:\\\/\\\/www.udc-chablais.ch\\\/#\\\/schema\\\/logo\\\/image\\\/\"}},{\"@type\":\"Person\",\"@id\":\"https:\\\/\\\/www.udc-chablais.ch\\\/#\\\/schema\\\/person\\\/b62eaf6c7a833297cce77dfb363e9fa3\",\"name\":\"webmaster\",\"sameAs\":[\"http:\\\/\\\/www.dylankarlen.ch\"],\"url\":\"https:\\\/\\\/www.udc-chablais.ch\\\/?author=1\"}]}<\/script>\n<!-- \/ Yoast SEO plugin. -->","yoast_head_json":{"title":"UDC Chablais &#8226; L'UDC s'oppose \u00e0 l'expropriation des Vaudois !","robots":{"index":"index","follow":"follow","max-snippet":"max-snippet:-1","max-image-preview":"max-image-preview:large","max-video-preview":"max-video-preview:-1"},"canonical":"https:\/\/www.udc-chablais.ch\/?p=1424","og_locale":"fr_FR","og_type":"article","og_title":"UDC Chablais &#8226; L'UDC s'oppose \u00e0 l'expropriation des Vaudois !","og_description":"Aujourd\u2019hui, le Grand Conseil s\u2019est \u00e0 nouveau pench\u00e9 sur le projet de loi cens\u00e9 servir de contre-projet indirect \u00e0 l\u2019initiative de l\u2019ASLOCA qui pr\u00e9voit le droit d\u2019expropriation. Malgr\u00e9 les nombreux va-et-vient entre le Conseil d\u2019Etat, le Grand Conseil et la commission, le compromis finalement propos\u00e9 a \u00e9t\u00e9 refus\u00e9 par le groupe UDC. Loin de combattre [&hellip;]","og_url":"https:\/\/www.udc-chablais.ch\/?p=1424","og_site_name":"UDC Chablais","article_published_time":"2016-04-19T15:37:00+00:00","article_modified_time":"2016-04-19T15:37:13+00:00","author":"webmaster","twitter_card":"summary_large_image","twitter_misc":{"\u00c9crit par":"webmaster","Dur\u00e9e de lecture estim\u00e9e":"2 minutes"},"schema":{"@context":"https:\/\/schema.org","@graph":[{"@type":"Article","@id":"https:\/\/www.udc-chablais.ch\/?p=1424#article","isPartOf":{"@id":"https:\/\/www.udc-chablais.ch\/?p=1424"},"author":{"name":"webmaster","@id":"https:\/\/www.udc-chablais.ch\/#\/schema\/person\/b62eaf6c7a833297cce77dfb363e9fa3"},"headline":"L&rsquo;UDC s&rsquo;oppose \u00e0 l&rsquo;expropriation des Vaudois !","datePublished":"2016-04-19T15:37:00+00:00","dateModified":"2016-04-19T15:37:13+00:00","mainEntityOfPage":{"@id":"https:\/\/www.udc-chablais.ch\/?p=1424"},"wordCount":474,"publisher":{"@id":"https:\/\/www.udc-chablais.ch\/#organization"},"keywords":["propri\u00e9t\u00e9","urbanisme"],"articleSection":["Grand Conseil"],"inLanguage":"fr-FR"},{"@type":"WebPage","@id":"https:\/\/www.udc-chablais.ch\/?p=1424","url":"https:\/\/www.udc-chablais.ch\/?p=1424","name":"UDC Chablais &#8226; L'UDC s'oppose \u00e0 l'expropriation des Vaudois !","isPartOf":{"@id":"https:\/\/www.udc-chablais.ch\/#website"},"datePublished":"2016-04-19T15:37:00+00:00","dateModified":"2016-04-19T15:37:13+00:00","breadcrumb":{"@id":"https:\/\/www.udc-chablais.ch\/?p=1424#breadcrumb"},"inLanguage":"fr-FR","potentialAction":[{"@type":"ReadAction","target":["https:\/\/www.udc-chablais.ch\/?p=1424"]}]},{"@type":"BreadcrumbList","@id":"https:\/\/www.udc-chablais.ch\/?p=1424#breadcrumb","itemListElement":[{"@type":"ListItem","position":1,"name":"Accueil","item":"https:\/\/www.udc-chablais.ch\/"},{"@type":"ListItem","position":2,"name":"L&rsquo;UDC s&rsquo;oppose \u00e0 l&rsquo;expropriation des Vaudois !"}]},{"@type":"WebSite","@id":"https:\/\/www.udc-chablais.ch\/#website","url":"https:\/\/www.udc-chablais.ch\/","name":"UDC Chablais","description":"Une politique, la r\u00e9gion en plus","publisher":{"@id":"https:\/\/www.udc-chablais.ch\/#organization"},"potentialAction":[{"@type":"SearchAction","target":{"@type":"EntryPoint","urlTemplate":"https:\/\/www.udc-chablais.ch\/?s={search_term_string}"},"query-input":{"@type":"PropertyValueSpecification","valueRequired":true,"valueName":"search_term_string"}}],"inLanguage":"fr-FR"},{"@type":"Organization","@id":"https:\/\/www.udc-chablais.ch\/#organization","name":"UDC Chablais","url":"https:\/\/www.udc-chablais.ch\/","logo":{"@type":"ImageObject","inLanguage":"fr-FR","@id":"https:\/\/www.udc-chablais.ch\/#\/schema\/logo\/image\/","url":"https:\/\/www.udc-chablais.ch\/wp-content\/uploads\/udc_chablais_logo_new_travail.jpg","contentUrl":"https:\/\/www.udc-chablais.ch\/wp-content\/uploads\/udc_chablais_logo_new_travail.jpg","width":150,"height":150,"caption":"UDC Chablais"},"image":{"@id":"https:\/\/www.udc-chablais.ch\/#\/schema\/logo\/image\/"}},{"@type":"Person","@id":"https:\/\/www.udc-chablais.ch\/#\/schema\/person\/b62eaf6c7a833297cce77dfb363e9fa3","name":"webmaster","sameAs":["http:\/\/www.dylankarlen.ch"],"url":"https:\/\/www.udc-chablais.ch\/?author=1"}]}},"_links":{"self":[{"href":"https:\/\/www.udc-chablais.ch\/index.php?rest_route=\/wp\/v2\/posts\/1424","targetHints":{"allow":["GET"]}}],"collection":[{"href":"https:\/\/www.udc-chablais.ch\/index.php?rest_route=\/wp\/v2\/posts"}],"about":[{"href":"https:\/\/www.udc-chablais.ch\/index.php?rest_route=\/wp\/v2\/types\/post"}],"author":[{"embeddable":true,"href":"https:\/\/www.udc-chablais.ch\/index.php?rest_route=\/wp\/v2\/users\/1"}],"replies":[{"embeddable":true,"href":"https:\/\/www.udc-chablais.ch\/index.php?rest_route=%2Fwp%2Fv2%2Fcomments&post=1424"}],"version-history":[{"count":2,"href":"https:\/\/www.udc-chablais.ch\/index.php?rest_route=\/wp\/v2\/posts\/1424\/revisions"}],"predecessor-version":[{"id":1426,"href":"https:\/\/www.udc-chablais.ch\/index.php?rest_route=\/wp\/v2\/posts\/1424\/revisions\/1426"}],"wp:attachment":[{"href":"https:\/\/www.udc-chablais.ch\/index.php?rest_route=%2Fwp%2Fv2%2Fmedia&parent=1424"}],"wp:term":[{"taxonomy":"category","embeddable":true,"href":"https:\/\/www.udc-chablais.ch\/index.php?rest_route=%2Fwp%2Fv2%2Fcategories&post=1424"},{"taxonomy":"post_tag","embeddable":true,"href":"https:\/\/www.udc-chablais.ch\/index.php?rest_route=%2Fwp%2Fv2%2Ftags&post=1424"}],"curies":[{"name":"wp","href":"https:\/\/api.w.org\/{rel}","templated":true}]}}