{"id":1428,"date":"2016-05-08T18:58:16","date_gmt":"2016-05-08T17:58:16","guid":{"rendered":"http:\/\/www.udc-chablais.ch\/?p=1428"},"modified":"2016-05-25T07:11:24","modified_gmt":"2016-05-25T06:11:24","slug":"ludc-sinquiete-des-derives-dirigistes-du-conseil-detat-en-matiere-de-permis-de-construire","status":"publish","type":"post","link":"https:\/\/www.udc-chablais.ch\/?p=1428","title":{"rendered":"L&rsquo;UDC s&rsquo;inqui\u00e8te des d\u00e9rives dirigistes du Conseil d&rsquo;Etat en mati\u00e8re de permis de construire"},"content":{"rendered":"<p>Le d\u00e9put\u00e9 de Froideville, Jean-Fran\u00e7ois Thuillard, a d\u00e9pos\u00e9 une interpellation visant \u00e0 mettre en lumi\u00e8re le dirigisme du Service cantonal du d\u00e9veloppement territorial (SDT) qui s\u2019oppose \u00e0 de nombreuses demandes de permis de construire, ce qui inqui\u00e8te de nombreuses communes.<\/p>\n<p>Dans son interpellation, l\u2019UDC d\u00e9nonce le dirigisme du SDT qui, depuis janvier 2016, s\u2019est oppos\u00e9 \u00e0 pr\u00e8s de 50 demandes. L\u2019action des autorit\u00e9s communales est ainsi gravement handicap\u00e9e de mani\u00e8re arbitraire sur plusieurs ann\u00e9es car, en l\u2019absence d\u2019un Plan g\u00e9n\u00e9ral d\u2019affection (PGA) approuv\u00e9, plus ou alors peu de constructions sont autoris\u00e9es dans la commune concern\u00e9e.<!--more--><\/p>\n<p>Par son interpellation, Jean-Fran\u00e7ois Thuillard vise \u00e0 clarifier le comportement du SDT dans l\u2019application des directives du Conseil d\u2019Etat et de r\u00e9tablir d\u00e8s que possible une pratique adapt\u00e9e et respectueuse de l\u2019autonomie des communes.<\/p>\n<p>Egalement sous traitement au Grand Conseil, le groupe UDC tient \u00e0 rappeler qu\u2019il apporte, \u00e0 l\u2019unanimit\u00e9, son soutien \u00e0 la r\u00e9solution \u00ab Pour la sauvegarde de la recherche agronomique suisse \u00bb qui vise \u00e0 garantir le maintien du savoir-faire en mati\u00e8re de recherche agronomique sur le sol vaudois, sur le site de Changins.<\/p>\n<p>Enfin, l\u2019UDC d\u00e9nonce le parasitisme politique dont se rendent coupables Les Verts en ayant d\u00e9cid\u00e9 d\u2019interpeller le Conseil d\u2019Etat suite \u00e0 la d\u00e9cision des autorit\u00e9s de Noville d\u2019avoir interdit la tenue d\u2019une marche protestataire sur son territoire.<\/p>\n<p>En effet, un petit groupe d\u2019activistes, motiv\u00e9s par des questions d\u2019ordre \u00e9cologique, avait souhait\u00e9 pouvoir d\u00e9filer de Villeneuve \u00e0 Noville, par les routes cantonales, le dimanche de l\u2019Ascension alors que cet axe est fr\u00e9quent\u00e9 par plus de 22&rsquo;000 v\u00e9hicules\/jour. Suite au pr\u00e9avis n\u00e9gatif de la gendarmerie, et par principe de pr\u00e9caution, la Municipalit\u00e9 de Noville a d\u00e9cid\u00e9 de privil\u00e9gier la s\u00e9curit\u00e9 et n\u2019a pas d\u00e9livr\u00e9 l\u2019autorisation bruyamment r\u00e9clam\u00e9e. Il convient de regretter cette agitation, motiv\u00e9e par le besoin de reconnaissance m\u00e9diatique d\u2019un mouvement en mal de publicit\u00e9.<\/p>\n","protected":false},"excerpt":{"rendered":"<p>Le d\u00e9put\u00e9 de Froideville, Jean-Fran\u00e7ois Thuillard, a d\u00e9pos\u00e9 une interpellation visant \u00e0 mettre en lumi\u00e8re le dirigisme du Service cantonal du d\u00e9veloppement territorial (SDT) qui s\u2019oppose \u00e0 de nombreuses demandes de permis de construire, ce qui inqui\u00e8te de nombreuses communes. Dans son interpellation, l\u2019UDC d\u00e9nonce le dirigisme du SDT qui, depuis janvier 2016, s\u2019est oppos\u00e9 [&hellip;]<\/p>\n","protected":false},"author":1,"featured_media":0,"comment_status":"closed","ping_status":"closed","sticky":false,"template":"","format":"standard","meta":{"footnotes":""},"categories":[13],"tags":[37,82,72,77],"class_list":["post-1428","post","type-post","status-publish","format-standard","hentry","category-chablais","tag-conseil-detat","tag-municipalite","tag-police-des-constructions","tag-urbanisme"],"yoast_head":"<!-- This site is optimized with the Yoast SEO plugin v27.4 - https:\/\/yoast.com\/product\/yoast-seo-wordpress\/ -->\n<title>UDC Chablais &#8226; L&#039;UDC s&#039;inqui\u00e8te des d\u00e9rives dirigistes du Conseil d&#039;Etat en mati\u00e8re de permis de construire<\/title>\n<meta name=\"robots\" content=\"index, follow, max-snippet:-1, max-image-preview:large, max-video-preview:-1\" \/>\n<link rel=\"canonical\" href=\"https:\/\/www.udc-chablais.ch\/?p=1428\" \/>\n<meta property=\"og:locale\" content=\"fr_FR\" \/>\n<meta property=\"og:type\" content=\"article\" \/>\n<meta property=\"og:title\" content=\"UDC Chablais &#8226; L&#039;UDC s&#039;inqui\u00e8te des d\u00e9rives dirigistes du Conseil d&#039;Etat en mati\u00e8re de permis de construire\" \/>\n<meta property=\"og:description\" content=\"Le d\u00e9put\u00e9 de Froideville, Jean-Fran\u00e7ois Thuillard, a d\u00e9pos\u00e9 une interpellation visant \u00e0 mettre en lumi\u00e8re le dirigisme du Service cantonal du d\u00e9veloppement territorial (SDT) qui s\u2019oppose \u00e0 de nombreuses demandes de permis de construire, ce qui inqui\u00e8te de nombreuses communes. Dans son interpellation, l\u2019UDC d\u00e9nonce le dirigisme du SDT qui, depuis janvier 2016, s\u2019est oppos\u00e9 [&hellip;]\" \/>\n<meta property=\"og:url\" content=\"https:\/\/www.udc-chablais.ch\/?p=1428\" \/>\n<meta property=\"og:site_name\" content=\"UDC Chablais\" \/>\n<meta property=\"article:published_time\" content=\"2016-05-08T17:58:16+00:00\" \/>\n<meta property=\"article:modified_time\" content=\"2016-05-25T06:11:24+00:00\" \/>\n<meta name=\"author\" content=\"webmaster\" \/>\n<meta name=\"twitter:card\" content=\"summary_large_image\" \/>\n<meta name=\"twitter:label1\" content=\"\u00c9crit par\" \/>\n\t<meta name=\"twitter:data1\" content=\"webmaster\" \/>\n\t<meta name=\"twitter:label2\" content=\"Dur\u00e9e de lecture estim\u00e9e\" \/>\n\t<meta name=\"twitter:data2\" content=\"2 minutes\" \/>\n<script type=\"application\/ld+json\" class=\"yoast-schema-graph\">{\"@context\":\"https:\\\/\\\/schema.org\",\"@graph\":[{\"@type\":\"Article\",\"@id\":\"https:\\\/\\\/www.udc-chablais.ch\\\/?p=1428#article\",\"isPartOf\":{\"@id\":\"https:\\\/\\\/www.udc-chablais.ch\\\/?p=1428\"},\"author\":{\"name\":\"webmaster\",\"@id\":\"https:\\\/\\\/www.udc-chablais.ch\\\/#\\\/schema\\\/person\\\/b62eaf6c7a833297cce77dfb363e9fa3\"},\"headline\":\"L&rsquo;UDC s&rsquo;inqui\u00e8te des d\u00e9rives dirigistes du Conseil d&rsquo;Etat en mati\u00e8re de permis de construire\",\"datePublished\":\"2016-05-08T17:58:16+00:00\",\"dateModified\":\"2016-05-25T06:11:24+00:00\",\"mainEntityOfPage\":{\"@id\":\"https:\\\/\\\/www.udc-chablais.ch\\\/?p=1428\"},\"wordCount\":376,\"publisher\":{\"@id\":\"https:\\\/\\\/www.udc-chablais.ch\\\/#organization\"},\"keywords\":[\"conseil d'etat\",\"municipalit\u00e9\",\"police des constructions\",\"urbanisme\"],\"articleSection\":[\"Chablais\"],\"inLanguage\":\"fr-FR\"},{\"@type\":\"WebPage\",\"@id\":\"https:\\\/\\\/www.udc-chablais.ch\\\/?p=1428\",\"url\":\"https:\\\/\\\/www.udc-chablais.ch\\\/?p=1428\",\"name\":\"UDC Chablais &#8226; L'UDC s'inqui\u00e8te des d\u00e9rives dirigistes du Conseil d'Etat en mati\u00e8re de permis de construire\",\"isPartOf\":{\"@id\":\"https:\\\/\\\/www.udc-chablais.ch\\\/#website\"},\"datePublished\":\"2016-05-08T17:58:16+00:00\",\"dateModified\":\"2016-05-25T06:11:24+00:00\",\"breadcrumb\":{\"@id\":\"https:\\\/\\\/www.udc-chablais.ch\\\/?p=1428#breadcrumb\"},\"inLanguage\":\"fr-FR\",\"potentialAction\":[{\"@type\":\"ReadAction\",\"target\":[\"https:\\\/\\\/www.udc-chablais.ch\\\/?p=1428\"]}]},{\"@type\":\"BreadcrumbList\",\"@id\":\"https:\\\/\\\/www.udc-chablais.ch\\\/?p=1428#breadcrumb\",\"itemListElement\":[{\"@type\":\"ListItem\",\"position\":1,\"name\":\"Accueil\",\"item\":\"https:\\\/\\\/www.udc-chablais.ch\\\/\"},{\"@type\":\"ListItem\",\"position\":2,\"name\":\"L&rsquo;UDC s&rsquo;inqui\u00e8te des d\u00e9rives dirigistes du Conseil d&rsquo;Etat en mati\u00e8re de permis de construire\"}]},{\"@type\":\"WebSite\",\"@id\":\"https:\\\/\\\/www.udc-chablais.ch\\\/#website\",\"url\":\"https:\\\/\\\/www.udc-chablais.ch\\\/\",\"name\":\"UDC Chablais\",\"description\":\"Une politique, la r\u00e9gion en plus\",\"publisher\":{\"@id\":\"https:\\\/\\\/www.udc-chablais.ch\\\/#organization\"},\"potentialAction\":[{\"@type\":\"SearchAction\",\"target\":{\"@type\":\"EntryPoint\",\"urlTemplate\":\"https:\\\/\\\/www.udc-chablais.ch\\\/?s={search_term_string}\"},\"query-input\":{\"@type\":\"PropertyValueSpecification\",\"valueRequired\":true,\"valueName\":\"search_term_string\"}}],\"inLanguage\":\"fr-FR\"},{\"@type\":\"Organization\",\"@id\":\"https:\\\/\\\/www.udc-chablais.ch\\\/#organization\",\"name\":\"UDC Chablais\",\"url\":\"https:\\\/\\\/www.udc-chablais.ch\\\/\",\"logo\":{\"@type\":\"ImageObject\",\"inLanguage\":\"fr-FR\",\"@id\":\"https:\\\/\\\/www.udc-chablais.ch\\\/#\\\/schema\\\/logo\\\/image\\\/\",\"url\":\"https:\\\/\\\/www.udc-chablais.ch\\\/wp-content\\\/uploads\\\/udc_chablais_logo_new_travail.jpg\",\"contentUrl\":\"https:\\\/\\\/www.udc-chablais.ch\\\/wp-content\\\/uploads\\\/udc_chablais_logo_new_travail.jpg\",\"width\":150,\"height\":150,\"caption\":\"UDC Chablais\"},\"image\":{\"@id\":\"https:\\\/\\\/www.udc-chablais.ch\\\/#\\\/schema\\\/logo\\\/image\\\/\"}},{\"@type\":\"Person\",\"@id\":\"https:\\\/\\\/www.udc-chablais.ch\\\/#\\\/schema\\\/person\\\/b62eaf6c7a833297cce77dfb363e9fa3\",\"name\":\"webmaster\",\"sameAs\":[\"http:\\\/\\\/www.dylankarlen.ch\"],\"url\":\"https:\\\/\\\/www.udc-chablais.ch\\\/?author=1\"}]}<\/script>\n<!-- \/ Yoast SEO plugin. -->","yoast_head_json":{"title":"UDC Chablais &#8226; L'UDC s'inqui\u00e8te des d\u00e9rives dirigistes du Conseil d'Etat en mati\u00e8re de permis de construire","robots":{"index":"index","follow":"follow","max-snippet":"max-snippet:-1","max-image-preview":"max-image-preview:large","max-video-preview":"max-video-preview:-1"},"canonical":"https:\/\/www.udc-chablais.ch\/?p=1428","og_locale":"fr_FR","og_type":"article","og_title":"UDC Chablais &#8226; L'UDC s'inqui\u00e8te des d\u00e9rives dirigistes du Conseil d'Etat en mati\u00e8re de permis de construire","og_description":"Le d\u00e9put\u00e9 de Froideville, Jean-Fran\u00e7ois Thuillard, a d\u00e9pos\u00e9 une interpellation visant \u00e0 mettre en lumi\u00e8re le dirigisme du Service cantonal du d\u00e9veloppement territorial (SDT) qui s\u2019oppose \u00e0 de nombreuses demandes de permis de construire, ce qui inqui\u00e8te de nombreuses communes. Dans son interpellation, l\u2019UDC d\u00e9nonce le dirigisme du SDT qui, depuis janvier 2016, s\u2019est oppos\u00e9 [&hellip;]","og_url":"https:\/\/www.udc-chablais.ch\/?p=1428","og_site_name":"UDC Chablais","article_published_time":"2016-05-08T17:58:16+00:00","article_modified_time":"2016-05-25T06:11:24+00:00","author":"webmaster","twitter_card":"summary_large_image","twitter_misc":{"\u00c9crit par":"webmaster","Dur\u00e9e de lecture estim\u00e9e":"2 minutes"},"schema":{"@context":"https:\/\/schema.org","@graph":[{"@type":"Article","@id":"https:\/\/www.udc-chablais.ch\/?p=1428#article","isPartOf":{"@id":"https:\/\/www.udc-chablais.ch\/?p=1428"},"author":{"name":"webmaster","@id":"https:\/\/www.udc-chablais.ch\/#\/schema\/person\/b62eaf6c7a833297cce77dfb363e9fa3"},"headline":"L&rsquo;UDC s&rsquo;inqui\u00e8te des d\u00e9rives dirigistes du Conseil d&rsquo;Etat en mati\u00e8re de permis de construire","datePublished":"2016-05-08T17:58:16+00:00","dateModified":"2016-05-25T06:11:24+00:00","mainEntityOfPage":{"@id":"https:\/\/www.udc-chablais.ch\/?p=1428"},"wordCount":376,"publisher":{"@id":"https:\/\/www.udc-chablais.ch\/#organization"},"keywords":["conseil d'etat","municipalit\u00e9","police des constructions","urbanisme"],"articleSection":["Chablais"],"inLanguage":"fr-FR"},{"@type":"WebPage","@id":"https:\/\/www.udc-chablais.ch\/?p=1428","url":"https:\/\/www.udc-chablais.ch\/?p=1428","name":"UDC Chablais &#8226; L'UDC s'inqui\u00e8te des d\u00e9rives dirigistes du Conseil d'Etat en mati\u00e8re de permis de construire","isPartOf":{"@id":"https:\/\/www.udc-chablais.ch\/#website"},"datePublished":"2016-05-08T17:58:16+00:00","dateModified":"2016-05-25T06:11:24+00:00","breadcrumb":{"@id":"https:\/\/www.udc-chablais.ch\/?p=1428#breadcrumb"},"inLanguage":"fr-FR","potentialAction":[{"@type":"ReadAction","target":["https:\/\/www.udc-chablais.ch\/?p=1428"]}]},{"@type":"BreadcrumbList","@id":"https:\/\/www.udc-chablais.ch\/?p=1428#breadcrumb","itemListElement":[{"@type":"ListItem","position":1,"name":"Accueil","item":"https:\/\/www.udc-chablais.ch\/"},{"@type":"ListItem","position":2,"name":"L&rsquo;UDC s&rsquo;inqui\u00e8te des d\u00e9rives dirigistes du Conseil d&rsquo;Etat en mati\u00e8re de permis de construire"}]},{"@type":"WebSite","@id":"https:\/\/www.udc-chablais.ch\/#website","url":"https:\/\/www.udc-chablais.ch\/","name":"UDC Chablais","description":"Une politique, la r\u00e9gion en plus","publisher":{"@id":"https:\/\/www.udc-chablais.ch\/#organization"},"potentialAction":[{"@type":"SearchAction","target":{"@type":"EntryPoint","urlTemplate":"https:\/\/www.udc-chablais.ch\/?s={search_term_string}"},"query-input":{"@type":"PropertyValueSpecification","valueRequired":true,"valueName":"search_term_string"}}],"inLanguage":"fr-FR"},{"@type":"Organization","@id":"https:\/\/www.udc-chablais.ch\/#organization","name":"UDC Chablais","url":"https:\/\/www.udc-chablais.ch\/","logo":{"@type":"ImageObject","inLanguage":"fr-FR","@id":"https:\/\/www.udc-chablais.ch\/#\/schema\/logo\/image\/","url":"https:\/\/www.udc-chablais.ch\/wp-content\/uploads\/udc_chablais_logo_new_travail.jpg","contentUrl":"https:\/\/www.udc-chablais.ch\/wp-content\/uploads\/udc_chablais_logo_new_travail.jpg","width":150,"height":150,"caption":"UDC Chablais"},"image":{"@id":"https:\/\/www.udc-chablais.ch\/#\/schema\/logo\/image\/"}},{"@type":"Person","@id":"https:\/\/www.udc-chablais.ch\/#\/schema\/person\/b62eaf6c7a833297cce77dfb363e9fa3","name":"webmaster","sameAs":["http:\/\/www.dylankarlen.ch"],"url":"https:\/\/www.udc-chablais.ch\/?author=1"}]}},"_links":{"self":[{"href":"https:\/\/www.udc-chablais.ch\/index.php?rest_route=\/wp\/v2\/posts\/1428","targetHints":{"allow":["GET"]}}],"collection":[{"href":"https:\/\/www.udc-chablais.ch\/index.php?rest_route=\/wp\/v2\/posts"}],"about":[{"href":"https:\/\/www.udc-chablais.ch\/index.php?rest_route=\/wp\/v2\/types\/post"}],"author":[{"embeddable":true,"href":"https:\/\/www.udc-chablais.ch\/index.php?rest_route=\/wp\/v2\/users\/1"}],"replies":[{"embeddable":true,"href":"https:\/\/www.udc-chablais.ch\/index.php?rest_route=%2Fwp%2Fv2%2Fcomments&post=1428"}],"version-history":[{"count":2,"href":"https:\/\/www.udc-chablais.ch\/index.php?rest_route=\/wp\/v2\/posts\/1428\/revisions"}],"predecessor-version":[{"id":1437,"href":"https:\/\/www.udc-chablais.ch\/index.php?rest_route=\/wp\/v2\/posts\/1428\/revisions\/1437"}],"wp:attachment":[{"href":"https:\/\/www.udc-chablais.ch\/index.php?rest_route=%2Fwp%2Fv2%2Fmedia&parent=1428"}],"wp:term":[{"taxonomy":"category","embeddable":true,"href":"https:\/\/www.udc-chablais.ch\/index.php?rest_route=%2Fwp%2Fv2%2Fcategories&post=1428"},{"taxonomy":"post_tag","embeddable":true,"href":"https:\/\/www.udc-chablais.ch\/index.php?rest_route=%2Fwp%2Fv2%2Ftags&post=1428"}],"curies":[{"name":"wp","href":"https:\/\/api.w.org\/{rel}","templated":true}]}}