{"id":1461,"date":"2016-11-12T09:40:59","date_gmt":"2016-11-12T08:40:59","guid":{"rendered":"http:\/\/www.udc-chablais.ch\/?p=1461"},"modified":"2016-11-12T09:42:50","modified_gmt":"2016-11-12T08:42:50","slug":"pierre-yves-rapaz-se-porte-candidat-au-conseil-detat","status":"publish","type":"post","link":"https:\/\/www.udc-chablais.ch\/?p=1461","title":{"rendered":"Pierre-Yves Rapaz se porte candidat au Conseil d&rsquo;Etat"},"content":{"rendered":"<p><strong><a href=\"http:\/\/www.udc-chablais.ch\/wp-content\/uploads\/2012\/01\/rapaz-py.jpg\"><img loading=\"lazy\" decoding=\"async\" class=\"alignright wp-image-44 size-medium\" src=\"http:\/\/www.udc-chablais.ch\/wp-content\/uploads\/2012\/01\/rapaz-py-199x300.jpg\" alt=\"rapaz-py\" width=\"199\" height=\"300\" srcset=\"https:\/\/www.udc-chablais.ch\/wp-content\/uploads\/2012\/01\/rapaz-py-199x300.jpg 199w, https:\/\/www.udc-chablais.ch\/wp-content\/uploads\/2012\/01\/rapaz-py-681x1024.jpg 681w\" sizes=\"auto, (max-width: 199px) 100vw, 199px\" \/><\/a><\/strong>Pierre-Yves Rapaz d\u00e9pose son dossier de candidature au Conseil d&rsquo;Etat, dans le cadre du processus de d\u00e9signation du candidat de l&rsquo;UDC Vaud au gouvernement vaudois. Il s&rsquo;engage r\u00e9solument sur plusieurs th\u00e9matiques cruciales qui impactent notre canton.<\/p>\n<p><strong>Une organisation polici\u00e8re coh\u00e9rente et efficace<\/strong><\/p>\n<p>D\u00e8s la gen\u00e8se de la r\u00e9forme polici\u00e8re, Pierre-Yves Rapaz s&rsquo;est engag\u00e9 en faveur d&rsquo;une police unifi\u00e9e. L&rsquo;actuel mitage territorial policier, entre polices communales \/ intercommunales et gendarmerie, provoque des dysfonctionnements organisationnels et des conflits juridictionnels. Le district d&rsquo;Aigle est particuli\u00e8rement touch\u00e9 par cette probl\u00e9matique. Une r\u00e9forme est devenue indispensable afin d&rsquo;assurer une plus grande efficience et une meilleure s\u00e9curit\u00e9 des citoyens.<\/p>\n<p><strong>Garantir la propri\u00e9t\u00e9 priv\u00e9e et la libert\u00e9 de transaction<\/strong><\/p>\n<p>Le candidat s&rsquo;oppose fermement au projet de nouvelle loi sur le logement, qui permettra \u00e0 l&rsquo;Etat et aux communes de d\u00e9pouiller les propri\u00e9taires de leurs biens immobiliers par un droit de pr\u00e9emption pour r\u00e9aliser des logements collectifs. Cette expansion des logements ne s&rsquo;effectue qu&rsquo;au b\u00e9n\u00e9fice d&rsquo;une immigration devenue massive. La politique du logement telle qu&rsquo;elle est envisag\u00e9e est liberticide et nuit aux droits des propri\u00e9taires. Pierre-Yves Rapaz est d\u00e9termin\u00e9 \u00e0 changer les choses.<\/p>\n<p><strong>Des communes fortes et un canton responsable<\/strong><\/p>\n<p>Les communes ne doivent plus \u00eatre amen\u00e9es \u00e0 jouer un r\u00f4le de percepteur d\u00e9guis\u00e9 pour le compte des finances cantonales, situation r\u00e9sultant d&rsquo;incessants transferts de charges de l&rsquo;Etat vers les communes, \u00e9ternelles vaches \u00e0 lait. Pierre-Yves Rapaz s&rsquo;engage en faveur de l&rsquo;autonomie des communes et regarde d&rsquo;un \u0153il critique les ph\u00e9nom\u00e8nes de centralisation des pr\u00e9rogatives dans les mains du canton.<\/p>\n<p><strong>Le candidat le plus exp\u00e9riment\u00e9<\/strong><\/p>\n<p>Ag\u00e9 de 49 ans, Pierre-Yves Rapaz a suivi une formation d&rsquo;agriculture-viticulteur \u00e0 l&rsquo;Ecole d&rsquo;agriculture de Marcelin, dont il ressort avec un CFC. Il est aujourd&rsquo;hui d\u00e9tenteur d&rsquo;une ma\u00eetrise f\u00e9d\u00e9rale. Au niveau politique, Pierre-Yves Rapaz s&rsquo;engage tr\u00e8s t\u00f4t. D\u00e8s l&rsquo;\u00e2ge de 18 ans, il si\u00e8ge au sein du Conseil communal de\u00a0Bex, qu&rsquo;il pr\u00e9sidera en 2000. Elu au Grand Conseil vaudois en 1995, il fait aujourd&rsquo;hui partie des d\u00e9put\u00e9s les plus exp\u00e9riment\u00e9s de l&rsquo;h\u00e9micycle. Sur le plan communal, les citoyens bellerins l&rsquo;\u00e9lisent \u00e0 la Municipalit\u00e9 de 2002 \u00e0 2006 et de 2011 \u00e0 aujourd&rsquo;hui. De 2008 \u00e0 2012, Pierre-Yves Rapaz a pr\u00e9sid\u00e9 le groupe UDC au Grand Conseil vaudois et a si\u00e9g\u00e9 au sein de la Direction ex\u00e9cutive de l&rsquo;UDC Vaud.<\/p>\n","protected":false},"excerpt":{"rendered":"<p>Pierre-Yves Rapaz d\u00e9pose son dossier de candidature au Conseil d&rsquo;Etat, dans le cadre du processus de d\u00e9signation du candidat de l&rsquo;UDC Vaud au gouvernement vaudois. Il s&rsquo;engage r\u00e9solument sur plusieurs th\u00e9matiques cruciales qui impactent notre canton. Une organisation polici\u00e8re coh\u00e9rente et efficace D\u00e8s la gen\u00e8se de la r\u00e9forme polici\u00e8re, Pierre-Yves Rapaz s&rsquo;est engag\u00e9 en faveur [&hellip;]<\/p>\n","protected":false},"author":1,"featured_media":0,"comment_status":"closed","ping_status":"closed","sticky":false,"template":"","format":"standard","meta":{"footnotes":""},"categories":[13],"tags":[20,37,36],"class_list":["post-1461","post","type-post","status-publish","format-standard","hentry","category-chablais","tag-candidats","tag-conseil-detat","tag-elections"],"yoast_head":"<!-- This site is optimized with the Yoast SEO plugin v27.4 - https:\/\/yoast.com\/product\/yoast-seo-wordpress\/ -->\n<title>UDC Chablais &#8226; Pierre-Yves Rapaz se porte candidat au Conseil d&#039;Etat<\/title>\n<meta name=\"robots\" content=\"index, follow, max-snippet:-1, max-image-preview:large, max-video-preview:-1\" \/>\n<link rel=\"canonical\" href=\"https:\/\/www.udc-chablais.ch\/?p=1461\" \/>\n<meta property=\"og:locale\" content=\"fr_FR\" \/>\n<meta property=\"og:type\" content=\"article\" \/>\n<meta property=\"og:title\" content=\"UDC Chablais &#8226; Pierre-Yves Rapaz se porte candidat au Conseil d&#039;Etat\" \/>\n<meta property=\"og:description\" content=\"Pierre-Yves Rapaz d\u00e9pose son dossier de candidature au Conseil d&rsquo;Etat, dans le cadre du processus de d\u00e9signation du candidat de l&rsquo;UDC Vaud au gouvernement vaudois. Il s&rsquo;engage r\u00e9solument sur plusieurs th\u00e9matiques cruciales qui impactent notre canton. Une organisation polici\u00e8re coh\u00e9rente et efficace D\u00e8s la gen\u00e8se de la r\u00e9forme polici\u00e8re, Pierre-Yves Rapaz s&rsquo;est engag\u00e9 en faveur [&hellip;]\" \/>\n<meta property=\"og:url\" content=\"https:\/\/www.udc-chablais.ch\/?p=1461\" \/>\n<meta property=\"og:site_name\" content=\"UDC Chablais\" \/>\n<meta property=\"article:published_time\" content=\"2016-11-12T08:40:59+00:00\" \/>\n<meta property=\"article:modified_time\" content=\"2016-11-12T08:42:50+00:00\" \/>\n<meta property=\"og:image\" content=\"http:\/\/www.udc-chablais.ch\/wp-content\/uploads\/2012\/01\/rapaz-py-199x300.jpg\" \/>\n<meta name=\"author\" content=\"webmaster\" \/>\n<meta name=\"twitter:card\" content=\"summary_large_image\" \/>\n<meta name=\"twitter:label1\" content=\"\u00c9crit par\" \/>\n\t<meta name=\"twitter:data1\" content=\"webmaster\" \/>\n\t<meta name=\"twitter:label2\" content=\"Dur\u00e9e de lecture estim\u00e9e\" \/>\n\t<meta name=\"twitter:data2\" content=\"2 minutes\" \/>\n<script type=\"application\/ld+json\" class=\"yoast-schema-graph\">{\"@context\":\"https:\\\/\\\/schema.org\",\"@graph\":[{\"@type\":\"Article\",\"@id\":\"https:\\\/\\\/www.udc-chablais.ch\\\/?p=1461#article\",\"isPartOf\":{\"@id\":\"https:\\\/\\\/www.udc-chablais.ch\\\/?p=1461\"},\"author\":{\"name\":\"webmaster\",\"@id\":\"https:\\\/\\\/www.udc-chablais.ch\\\/#\\\/schema\\\/person\\\/b62eaf6c7a833297cce77dfb363e9fa3\"},\"headline\":\"Pierre-Yves Rapaz se porte candidat au Conseil d&rsquo;Etat\",\"datePublished\":\"2016-11-12T08:40:59+00:00\",\"dateModified\":\"2016-11-12T08:42:50+00:00\",\"mainEntityOfPage\":{\"@id\":\"https:\\\/\\\/www.udc-chablais.ch\\\/?p=1461\"},\"wordCount\":450,\"publisher\":{\"@id\":\"https:\\\/\\\/www.udc-chablais.ch\\\/#organization\"},\"image\":{\"@id\":\"https:\\\/\\\/www.udc-chablais.ch\\\/?p=1461#primaryimage\"},\"thumbnailUrl\":\"http:\\\/\\\/www.udc-chablais.ch\\\/wp-content\\\/uploads\\\/2012\\\/01\\\/rapaz-py-199x300.jpg\",\"keywords\":[\"candidats\",\"conseil d'etat\",\"elections\"],\"articleSection\":[\"Chablais\"],\"inLanguage\":\"fr-FR\"},{\"@type\":\"WebPage\",\"@id\":\"https:\\\/\\\/www.udc-chablais.ch\\\/?p=1461\",\"url\":\"https:\\\/\\\/www.udc-chablais.ch\\\/?p=1461\",\"name\":\"UDC Chablais &#8226; Pierre-Yves Rapaz se porte candidat au Conseil d'Etat\",\"isPartOf\":{\"@id\":\"https:\\\/\\\/www.udc-chablais.ch\\\/#website\"},\"primaryImageOfPage\":{\"@id\":\"https:\\\/\\\/www.udc-chablais.ch\\\/?p=1461#primaryimage\"},\"image\":{\"@id\":\"https:\\\/\\\/www.udc-chablais.ch\\\/?p=1461#primaryimage\"},\"thumbnailUrl\":\"http:\\\/\\\/www.udc-chablais.ch\\\/wp-content\\\/uploads\\\/2012\\\/01\\\/rapaz-py-199x300.jpg\",\"datePublished\":\"2016-11-12T08:40:59+00:00\",\"dateModified\":\"2016-11-12T08:42:50+00:00\",\"breadcrumb\":{\"@id\":\"https:\\\/\\\/www.udc-chablais.ch\\\/?p=1461#breadcrumb\"},\"inLanguage\":\"fr-FR\",\"potentialAction\":[{\"@type\":\"ReadAction\",\"target\":[\"https:\\\/\\\/www.udc-chablais.ch\\\/?p=1461\"]}]},{\"@type\":\"ImageObject\",\"inLanguage\":\"fr-FR\",\"@id\":\"https:\\\/\\\/www.udc-chablais.ch\\\/?p=1461#primaryimage\",\"url\":\"https:\\\/\\\/www.udc-chablais.ch\\\/wp-content\\\/uploads\\\/2012\\\/01\\\/rapaz-py.jpg\",\"contentUrl\":\"https:\\\/\\\/www.udc-chablais.ch\\\/wp-content\\\/uploads\\\/2012\\\/01\\\/rapaz-py.jpg\",\"width\":\"2832\",\"height\":\"4256\"},{\"@type\":\"BreadcrumbList\",\"@id\":\"https:\\\/\\\/www.udc-chablais.ch\\\/?p=1461#breadcrumb\",\"itemListElement\":[{\"@type\":\"ListItem\",\"position\":1,\"name\":\"Accueil\",\"item\":\"https:\\\/\\\/www.udc-chablais.ch\\\/\"},{\"@type\":\"ListItem\",\"position\":2,\"name\":\"Pierre-Yves Rapaz se porte candidat au Conseil d&rsquo;Etat\"}]},{\"@type\":\"WebSite\",\"@id\":\"https:\\\/\\\/www.udc-chablais.ch\\\/#website\",\"url\":\"https:\\\/\\\/www.udc-chablais.ch\\\/\",\"name\":\"UDC Chablais\",\"description\":\"Une politique, la r\u00e9gion en plus\",\"publisher\":{\"@id\":\"https:\\\/\\\/www.udc-chablais.ch\\\/#organization\"},\"potentialAction\":[{\"@type\":\"SearchAction\",\"target\":{\"@type\":\"EntryPoint\",\"urlTemplate\":\"https:\\\/\\\/www.udc-chablais.ch\\\/?s={search_term_string}\"},\"query-input\":{\"@type\":\"PropertyValueSpecification\",\"valueRequired\":true,\"valueName\":\"search_term_string\"}}],\"inLanguage\":\"fr-FR\"},{\"@type\":\"Organization\",\"@id\":\"https:\\\/\\\/www.udc-chablais.ch\\\/#organization\",\"name\":\"UDC Chablais\",\"url\":\"https:\\\/\\\/www.udc-chablais.ch\\\/\",\"logo\":{\"@type\":\"ImageObject\",\"inLanguage\":\"fr-FR\",\"@id\":\"https:\\\/\\\/www.udc-chablais.ch\\\/#\\\/schema\\\/logo\\\/image\\\/\",\"url\":\"https:\\\/\\\/www.udc-chablais.ch\\\/wp-content\\\/uploads\\\/udc_chablais_logo_new_travail.jpg\",\"contentUrl\":\"https:\\\/\\\/www.udc-chablais.ch\\\/wp-content\\\/uploads\\\/udc_chablais_logo_new_travail.jpg\",\"width\":150,\"height\":150,\"caption\":\"UDC Chablais\"},\"image\":{\"@id\":\"https:\\\/\\\/www.udc-chablais.ch\\\/#\\\/schema\\\/logo\\\/image\\\/\"}},{\"@type\":\"Person\",\"@id\":\"https:\\\/\\\/www.udc-chablais.ch\\\/#\\\/schema\\\/person\\\/b62eaf6c7a833297cce77dfb363e9fa3\",\"name\":\"webmaster\",\"sameAs\":[\"http:\\\/\\\/www.dylankarlen.ch\"],\"url\":\"https:\\\/\\\/www.udc-chablais.ch\\\/?author=1\"}]}<\/script>\n<!-- \/ Yoast SEO plugin. -->","yoast_head_json":{"title":"UDC Chablais &#8226; Pierre-Yves Rapaz se porte candidat au Conseil d'Etat","robots":{"index":"index","follow":"follow","max-snippet":"max-snippet:-1","max-image-preview":"max-image-preview:large","max-video-preview":"max-video-preview:-1"},"canonical":"https:\/\/www.udc-chablais.ch\/?p=1461","og_locale":"fr_FR","og_type":"article","og_title":"UDC Chablais &#8226; Pierre-Yves Rapaz se porte candidat au Conseil d'Etat","og_description":"Pierre-Yves Rapaz d\u00e9pose son dossier de candidature au Conseil d&rsquo;Etat, dans le cadre du processus de d\u00e9signation du candidat de l&rsquo;UDC Vaud au gouvernement vaudois. Il s&rsquo;engage r\u00e9solument sur plusieurs th\u00e9matiques cruciales qui impactent notre canton. Une organisation polici\u00e8re coh\u00e9rente et efficace D\u00e8s la gen\u00e8se de la r\u00e9forme polici\u00e8re, Pierre-Yves Rapaz s&rsquo;est engag\u00e9 en faveur [&hellip;]","og_url":"https:\/\/www.udc-chablais.ch\/?p=1461","og_site_name":"UDC Chablais","article_published_time":"2016-11-12T08:40:59+00:00","article_modified_time":"2016-11-12T08:42:50+00:00","og_image":[{"url":"http:\/\/www.udc-chablais.ch\/wp-content\/uploads\/2012\/01\/rapaz-py-199x300.jpg","type":"","width":"","height":""}],"author":"webmaster","twitter_card":"summary_large_image","twitter_misc":{"\u00c9crit par":"webmaster","Dur\u00e9e de lecture estim\u00e9e":"2 minutes"},"schema":{"@context":"https:\/\/schema.org","@graph":[{"@type":"Article","@id":"https:\/\/www.udc-chablais.ch\/?p=1461#article","isPartOf":{"@id":"https:\/\/www.udc-chablais.ch\/?p=1461"},"author":{"name":"webmaster","@id":"https:\/\/www.udc-chablais.ch\/#\/schema\/person\/b62eaf6c7a833297cce77dfb363e9fa3"},"headline":"Pierre-Yves Rapaz se porte candidat au Conseil d&rsquo;Etat","datePublished":"2016-11-12T08:40:59+00:00","dateModified":"2016-11-12T08:42:50+00:00","mainEntityOfPage":{"@id":"https:\/\/www.udc-chablais.ch\/?p=1461"},"wordCount":450,"publisher":{"@id":"https:\/\/www.udc-chablais.ch\/#organization"},"image":{"@id":"https:\/\/www.udc-chablais.ch\/?p=1461#primaryimage"},"thumbnailUrl":"http:\/\/www.udc-chablais.ch\/wp-content\/uploads\/2012\/01\/rapaz-py-199x300.jpg","keywords":["candidats","conseil d'etat","elections"],"articleSection":["Chablais"],"inLanguage":"fr-FR"},{"@type":"WebPage","@id":"https:\/\/www.udc-chablais.ch\/?p=1461","url":"https:\/\/www.udc-chablais.ch\/?p=1461","name":"UDC Chablais &#8226; Pierre-Yves Rapaz se porte candidat au Conseil d'Etat","isPartOf":{"@id":"https:\/\/www.udc-chablais.ch\/#website"},"primaryImageOfPage":{"@id":"https:\/\/www.udc-chablais.ch\/?p=1461#primaryimage"},"image":{"@id":"https:\/\/www.udc-chablais.ch\/?p=1461#primaryimage"},"thumbnailUrl":"http:\/\/www.udc-chablais.ch\/wp-content\/uploads\/2012\/01\/rapaz-py-199x300.jpg","datePublished":"2016-11-12T08:40:59+00:00","dateModified":"2016-11-12T08:42:50+00:00","breadcrumb":{"@id":"https:\/\/www.udc-chablais.ch\/?p=1461#breadcrumb"},"inLanguage":"fr-FR","potentialAction":[{"@type":"ReadAction","target":["https:\/\/www.udc-chablais.ch\/?p=1461"]}]},{"@type":"ImageObject","inLanguage":"fr-FR","@id":"https:\/\/www.udc-chablais.ch\/?p=1461#primaryimage","url":"https:\/\/www.udc-chablais.ch\/wp-content\/uploads\/2012\/01\/rapaz-py.jpg","contentUrl":"https:\/\/www.udc-chablais.ch\/wp-content\/uploads\/2012\/01\/rapaz-py.jpg","width":"2832","height":"4256"},{"@type":"BreadcrumbList","@id":"https:\/\/www.udc-chablais.ch\/?p=1461#breadcrumb","itemListElement":[{"@type":"ListItem","position":1,"name":"Accueil","item":"https:\/\/www.udc-chablais.ch\/"},{"@type":"ListItem","position":2,"name":"Pierre-Yves Rapaz se porte candidat au Conseil d&rsquo;Etat"}]},{"@type":"WebSite","@id":"https:\/\/www.udc-chablais.ch\/#website","url":"https:\/\/www.udc-chablais.ch\/","name":"UDC Chablais","description":"Une politique, la r\u00e9gion en plus","publisher":{"@id":"https:\/\/www.udc-chablais.ch\/#organization"},"potentialAction":[{"@type":"SearchAction","target":{"@type":"EntryPoint","urlTemplate":"https:\/\/www.udc-chablais.ch\/?s={search_term_string}"},"query-input":{"@type":"PropertyValueSpecification","valueRequired":true,"valueName":"search_term_string"}}],"inLanguage":"fr-FR"},{"@type":"Organization","@id":"https:\/\/www.udc-chablais.ch\/#organization","name":"UDC Chablais","url":"https:\/\/www.udc-chablais.ch\/","logo":{"@type":"ImageObject","inLanguage":"fr-FR","@id":"https:\/\/www.udc-chablais.ch\/#\/schema\/logo\/image\/","url":"https:\/\/www.udc-chablais.ch\/wp-content\/uploads\/udc_chablais_logo_new_travail.jpg","contentUrl":"https:\/\/www.udc-chablais.ch\/wp-content\/uploads\/udc_chablais_logo_new_travail.jpg","width":150,"height":150,"caption":"UDC Chablais"},"image":{"@id":"https:\/\/www.udc-chablais.ch\/#\/schema\/logo\/image\/"}},{"@type":"Person","@id":"https:\/\/www.udc-chablais.ch\/#\/schema\/person\/b62eaf6c7a833297cce77dfb363e9fa3","name":"webmaster","sameAs":["http:\/\/www.dylankarlen.ch"],"url":"https:\/\/www.udc-chablais.ch\/?author=1"}]}},"_links":{"self":[{"href":"https:\/\/www.udc-chablais.ch\/index.php?rest_route=\/wp\/v2\/posts\/1461","targetHints":{"allow":["GET"]}}],"collection":[{"href":"https:\/\/www.udc-chablais.ch\/index.php?rest_route=\/wp\/v2\/posts"}],"about":[{"href":"https:\/\/www.udc-chablais.ch\/index.php?rest_route=\/wp\/v2\/types\/post"}],"author":[{"embeddable":true,"href":"https:\/\/www.udc-chablais.ch\/index.php?rest_route=\/wp\/v2\/users\/1"}],"replies":[{"embeddable":true,"href":"https:\/\/www.udc-chablais.ch\/index.php?rest_route=%2Fwp%2Fv2%2Fcomments&post=1461"}],"version-history":[{"count":3,"href":"https:\/\/www.udc-chablais.ch\/index.php?rest_route=\/wp\/v2\/posts\/1461\/revisions"}],"predecessor-version":[{"id":1464,"href":"https:\/\/www.udc-chablais.ch\/index.php?rest_route=\/wp\/v2\/posts\/1461\/revisions\/1464"}],"wp:attachment":[{"href":"https:\/\/www.udc-chablais.ch\/index.php?rest_route=%2Fwp%2Fv2%2Fmedia&parent=1461"}],"wp:term":[{"taxonomy":"category","embeddable":true,"href":"https:\/\/www.udc-chablais.ch\/index.php?rest_route=%2Fwp%2Fv2%2Fcategories&post=1461"},{"taxonomy":"post_tag","embeddable":true,"href":"https:\/\/www.udc-chablais.ch\/index.php?rest_route=%2Fwp%2Fv2%2Ftags&post=1461"}],"curies":[{"name":"wp","href":"https:\/\/api.w.org\/{rel}","templated":true}]}}