{"id":1566,"date":"2020-05-04T17:13:19","date_gmt":"2020-05-04T16:13:19","guid":{"rendered":"https:\/\/www.udc-chablais.ch\/?p=1566"},"modified":"2020-05-04T17:26:43","modified_gmt":"2020-05-04T16:26:43","slug":"ludc-et-le-plr-coordonnent-leurs-efforts-pour-relancer-leconomie-vaudoise","status":"publish","type":"post","link":"https:\/\/www.udc-chablais.ch\/?p=1566","title":{"rendered":"L\u2019UDC et le PLR coordonnent leurs efforts pour relancer l\u2019\u00e9conomie vaudoise"},"content":{"rendered":"\n<h4 class=\"wp-block-heading\"><strong>A la veille de la reprise des activit\u00e9s pl\u00e9ni\u00e8res du Grand Conseil, les directions de l\u2019UDC Vaud et du PLR Vaud entendent proposer un catalogue de mesures, visant trois secteurs prioritaires : sant\u00e9 publique, r\u00e9silience et relance \u00e9conomique, fiscalit\u00e9 et pr\u00e9voyance. Ces propositions serviront de lignes de conduite pour d\u00e9finir les actions politiques \u00e0 venir au Grand Conseil et constituent une base de proposition concr\u00e8te.<\/strong><\/h4>\n\n\n\n<p><strong><u>Les principales mesures dans le domaine sanitaire&nbsp;:<\/u><\/strong><\/p>\n\n\n\n<ul class=\"wp-block-list\"><li>Le canton de Vaud a \u00e9t\u00e9 et est encore le canton le plus touch\u00e9 de Suisse par la pand\u00e9mie. Cela laisse supposer l\u2019existence d\u2019un certain nombre de lacunes dans l\u2019anticipation de la crise, la pr\u00e9paration \u00e0 des \u00e9pid\u00e9mies et \u00e0 la protection de la population. Il convient d\u2019am\u00e9liorer la r\u00e9silience de la soci\u00e9t\u00e9 et du syst\u00e8me de sant\u00e9, en vue de mieux prot\u00e9ger la sant\u00e9 des Vaudoises et des Vaudois ; d\u2019autant plus si d\u2019autres pand\u00e9mies devaient survenir.<\/li><li>Malgr\u00e9 les planifications existantes et les processus pr\u00e9d\u00e9finis et malgr\u00e9 les exercices d\u2019\u00e9tat-major, il appara\u00eet sur le plan local que la mise en \u0153uvre du plan ORCA ait connu quelques probl\u00e8mes de d\u00e9marrage et de coordination. Ceux-ci doivent \u00eatre identifi\u00e9s et corrig\u00e9s.<\/li><li>Dans la p\u00e9riode de semi-confinement ou de lev\u00e9e de confinement qui s\u2019annonce et \u00e0 l\u2019instar des principaux pays se trouvant dans la m\u00eame situation que nous, la distribution publique de masques, gants et gel hydroalcoolique, cas \u00e9ch\u00e9ant \u00e0 l\u2019aide de distributeurs automatiques disponibles facilement et dans l\u2019ensemble du territoire cantonal doit \u00eatre \u00e9tudi\u00e9e.<\/li><\/ul>\n\n\n\n<p><strong><u>Les principales mesures dans le domaine \u00e9conomique&nbsp;:<\/u><\/strong><\/p>\n\n\n\n<ul class=\"wp-block-list\"><li>Dans le but d\u2019accompagner autant que possible le d\u00e9confinement, toutes les administrations cantonales \u2013 \u00e9coles y compris \u2013 doivent \u00eatre r\u00e9ouvertes et 100% op\u00e9rationnelles le 11.05.2020.<\/li><li>Les horaires de travail et les heures d\u2019ouverture des commerces\/magasins doivent \u00eatre flexibilis\u00e9s et \u00e9tendus dans le respect des r\u00e8gles sanitaires et du travail. Cette flexibilisation et cette extension temporaires (type horaire d\u2019\u00e9t\u00e9) permettront de renforcer et relancer la consommation ainsi que de cr\u00e9er des emplois dans une p\u00e9riode qui voit augmenter le taux de ch\u00f4mage et la pr\u00e9carit\u00e9 \u00e9conomique de cette structure (PPE, ind\u00e9pendant, etc.). Ces mesures doivent \u00e9galement s\u2019harmoniser avec la valorisation du t\u00e9l\u00e9travail et des syst\u00e8mes de visioconf\u00e9rence dans les secteurs o\u00f9 ceux-ci ont d\u00e9sormais fait leurs preuves.<\/li><li>Les investissements budg\u00e9t\u00e9s par l\u2019\u00c9tat de Vaud pour les ann\u00e9es 2020-2021, doivent autant que possible \u00eatre anticip\u00e9s pour favoriser une politique anticyclique, le red\u00e9marrage \u00e9conomique et la pr\u00e9servation, respectivement la cr\u00e9ation d\u2019emplois.<\/li><li>Il convient \u00e9galement de repenser le syst\u00e8me de couverture et de prise en charge des ind\u00e9pendants, des employ\u00e9s de leur propre entreprise, par des prestations de ch\u00f4mage et de perte de gains qui permettront de combler les lacunes actuelles en cas de nouvelles crises.<\/li><\/ul>\n\n\n\n<p><strong><u>Les principales mesures dans le domaine fiscal et des finances publiques&nbsp;:<\/u><\/strong><\/p>\n\n\n\n<ul class=\"wp-block-list\"><li>Par effet de cascades, au vu de la baisse des activit\u00e9s \u00e9conomiques, de la pr\u00e9carit\u00e9 des revenus des caisses de pension, des pertes sur investissements, les retraites sont fragilis\u00e9es par la crise. La fiscalit\u00e9 des capitaux de retraite, part particuli\u00e8rement \u00e9lev\u00e9es dans le canton de Vaud en comparaison intercantonale, doit \u00eatre r\u00e9duite rapidement de moiti\u00e9.<\/li><li>Afin d\u2019endiguer la d\u00e9gradation des retraites, g\u00e9n\u00e9rale depuis vingt ans et qui ira sans aucun doute en s\u2019accentuant avec une crise end\u00e9mique, des mesures doivent \u00eatre entreprises pour p\u00e9renniser les capitaux de retraites des caisses de pension et garantir des retraites d\u00e9centes malgr\u00e9 les fluctuations boursi\u00e8res et la pyramide des \u00e2ges.<\/li><li>Au vu de la situation d\u2019urgence actuelle, l\u2019\u00c9tat de Vaud doit fixer des priorit\u00e9s dans ses d\u00e9penses et ses investissements et d\u00e9finir les secteurs prioritaires. Le syst\u00e8me de subventionnement des activit\u00e9s non indispensables dans l\u2019urgence actuelle doit \u00eatre revu.<\/li><\/ul>\n","protected":false},"excerpt":{"rendered":"<p>A la veille de la reprise des activit\u00e9s pl\u00e9ni\u00e8res du Grand Conseil, les directions de l\u2019UDC Vaud et du PLR Vaud entendent proposer un catalogue de mesures, visant trois secteurs prioritaires : sant\u00e9 publique, r\u00e9silience et relance \u00e9conomique, fiscalit\u00e9 et pr\u00e9voyance. Ces propositions serviront de lignes de conduite pour d\u00e9finir les actions politiques \u00e0 venir [&hellip;]<\/p>\n","protected":false},"author":1,"featured_media":0,"comment_status":"closed","ping_status":"closed","sticky":false,"template":"","format":"standard","meta":{"footnotes":""},"categories":[13],"tags":[],"class_list":["post-1566","post","type-post","status-publish","format-standard","hentry","category-chablais"],"yoast_head":"<!-- This site is optimized with the Yoast SEO plugin v27.4 - https:\/\/yoast.com\/product\/yoast-seo-wordpress\/ -->\n<title>UDC Chablais &#8226; L\u2019UDC et le PLR coordonnent leurs efforts pour relancer l\u2019\u00e9conomie vaudoise<\/title>\n<meta name=\"robots\" content=\"index, follow, max-snippet:-1, max-image-preview:large, max-video-preview:-1\" \/>\n<link rel=\"canonical\" href=\"https:\/\/www.udc-chablais.ch\/?p=1566\" \/>\n<meta property=\"og:locale\" content=\"fr_FR\" \/>\n<meta property=\"og:type\" content=\"article\" \/>\n<meta property=\"og:title\" content=\"UDC Chablais &#8226; L\u2019UDC et le PLR coordonnent leurs efforts pour relancer l\u2019\u00e9conomie vaudoise\" \/>\n<meta property=\"og:description\" content=\"A la veille de la reprise des activit\u00e9s pl\u00e9ni\u00e8res du Grand Conseil, les directions de l\u2019UDC Vaud et du PLR Vaud entendent proposer un catalogue de mesures, visant trois secteurs prioritaires : sant\u00e9 publique, r\u00e9silience et relance \u00e9conomique, fiscalit\u00e9 et pr\u00e9voyance. Ces propositions serviront de lignes de conduite pour d\u00e9finir les actions politiques \u00e0 venir [&hellip;]\" \/>\n<meta property=\"og:url\" content=\"https:\/\/www.udc-chablais.ch\/?p=1566\" \/>\n<meta property=\"og:site_name\" content=\"UDC Chablais\" \/>\n<meta property=\"article:published_time\" content=\"2020-05-04T16:13:19+00:00\" \/>\n<meta property=\"article:modified_time\" content=\"2020-05-04T16:26:43+00:00\" \/>\n<meta name=\"author\" content=\"webmaster\" \/>\n<meta name=\"twitter:card\" content=\"summary_large_image\" \/>\n<meta name=\"twitter:label1\" content=\"\u00c9crit par\" \/>\n\t<meta name=\"twitter:data1\" content=\"webmaster\" \/>\n\t<meta name=\"twitter:label2\" content=\"Dur\u00e9e de lecture estim\u00e9e\" \/>\n\t<meta name=\"twitter:data2\" content=\"3 minutes\" \/>\n<script type=\"application\/ld+json\" class=\"yoast-schema-graph\">{\"@context\":\"https:\\\/\\\/schema.org\",\"@graph\":[{\"@type\":\"Article\",\"@id\":\"https:\\\/\\\/www.udc-chablais.ch\\\/?p=1566#article\",\"isPartOf\":{\"@id\":\"https:\\\/\\\/www.udc-chablais.ch\\\/?p=1566\"},\"author\":{\"name\":\"webmaster\",\"@id\":\"https:\\\/\\\/www.udc-chablais.ch\\\/#\\\/schema\\\/person\\\/b62eaf6c7a833297cce77dfb363e9fa3\"},\"headline\":\"L\u2019UDC et le PLR coordonnent leurs efforts pour relancer l\u2019\u00e9conomie vaudoise\",\"datePublished\":\"2020-05-04T16:13:19+00:00\",\"dateModified\":\"2020-05-04T16:26:43+00:00\",\"mainEntityOfPage\":{\"@id\":\"https:\\\/\\\/www.udc-chablais.ch\\\/?p=1566\"},\"wordCount\":702,\"publisher\":{\"@id\":\"https:\\\/\\\/www.udc-chablais.ch\\\/#organization\"},\"articleSection\":[\"Chablais\"],\"inLanguage\":\"fr-FR\"},{\"@type\":\"WebPage\",\"@id\":\"https:\\\/\\\/www.udc-chablais.ch\\\/?p=1566\",\"url\":\"https:\\\/\\\/www.udc-chablais.ch\\\/?p=1566\",\"name\":\"UDC Chablais &#8226; L\u2019UDC et le PLR coordonnent leurs efforts pour relancer l\u2019\u00e9conomie vaudoise\",\"isPartOf\":{\"@id\":\"https:\\\/\\\/www.udc-chablais.ch\\\/#website\"},\"datePublished\":\"2020-05-04T16:13:19+00:00\",\"dateModified\":\"2020-05-04T16:26:43+00:00\",\"breadcrumb\":{\"@id\":\"https:\\\/\\\/www.udc-chablais.ch\\\/?p=1566#breadcrumb\"},\"inLanguage\":\"fr-FR\",\"potentialAction\":[{\"@type\":\"ReadAction\",\"target\":[\"https:\\\/\\\/www.udc-chablais.ch\\\/?p=1566\"]}]},{\"@type\":\"BreadcrumbList\",\"@id\":\"https:\\\/\\\/www.udc-chablais.ch\\\/?p=1566#breadcrumb\",\"itemListElement\":[{\"@type\":\"ListItem\",\"position\":1,\"name\":\"Accueil\",\"item\":\"https:\\\/\\\/www.udc-chablais.ch\\\/\"},{\"@type\":\"ListItem\",\"position\":2,\"name\":\"L\u2019UDC et le PLR coordonnent leurs efforts pour relancer l\u2019\u00e9conomie vaudoise\"}]},{\"@type\":\"WebSite\",\"@id\":\"https:\\\/\\\/www.udc-chablais.ch\\\/#website\",\"url\":\"https:\\\/\\\/www.udc-chablais.ch\\\/\",\"name\":\"UDC Chablais\",\"description\":\"Une politique, la r\u00e9gion en plus\",\"publisher\":{\"@id\":\"https:\\\/\\\/www.udc-chablais.ch\\\/#organization\"},\"potentialAction\":[{\"@type\":\"SearchAction\",\"target\":{\"@type\":\"EntryPoint\",\"urlTemplate\":\"https:\\\/\\\/www.udc-chablais.ch\\\/?s={search_term_string}\"},\"query-input\":{\"@type\":\"PropertyValueSpecification\",\"valueRequired\":true,\"valueName\":\"search_term_string\"}}],\"inLanguage\":\"fr-FR\"},{\"@type\":\"Organization\",\"@id\":\"https:\\\/\\\/www.udc-chablais.ch\\\/#organization\",\"name\":\"UDC Chablais\",\"url\":\"https:\\\/\\\/www.udc-chablais.ch\\\/\",\"logo\":{\"@type\":\"ImageObject\",\"inLanguage\":\"fr-FR\",\"@id\":\"https:\\\/\\\/www.udc-chablais.ch\\\/#\\\/schema\\\/logo\\\/image\\\/\",\"url\":\"https:\\\/\\\/www.udc-chablais.ch\\\/wp-content\\\/uploads\\\/udc_chablais_logo_new_travail.jpg\",\"contentUrl\":\"https:\\\/\\\/www.udc-chablais.ch\\\/wp-content\\\/uploads\\\/udc_chablais_logo_new_travail.jpg\",\"width\":150,\"height\":150,\"caption\":\"UDC Chablais\"},\"image\":{\"@id\":\"https:\\\/\\\/www.udc-chablais.ch\\\/#\\\/schema\\\/logo\\\/image\\\/\"}},{\"@type\":\"Person\",\"@id\":\"https:\\\/\\\/www.udc-chablais.ch\\\/#\\\/schema\\\/person\\\/b62eaf6c7a833297cce77dfb363e9fa3\",\"name\":\"webmaster\",\"sameAs\":[\"http:\\\/\\\/www.dylankarlen.ch\"],\"url\":\"https:\\\/\\\/www.udc-chablais.ch\\\/?author=1\"}]}<\/script>\n<!-- \/ Yoast SEO plugin. -->","yoast_head_json":{"title":"UDC Chablais &#8226; L\u2019UDC et le PLR coordonnent leurs efforts pour relancer l\u2019\u00e9conomie vaudoise","robots":{"index":"index","follow":"follow","max-snippet":"max-snippet:-1","max-image-preview":"max-image-preview:large","max-video-preview":"max-video-preview:-1"},"canonical":"https:\/\/www.udc-chablais.ch\/?p=1566","og_locale":"fr_FR","og_type":"article","og_title":"UDC Chablais &#8226; L\u2019UDC et le PLR coordonnent leurs efforts pour relancer l\u2019\u00e9conomie vaudoise","og_description":"A la veille de la reprise des activit\u00e9s pl\u00e9ni\u00e8res du Grand Conseil, les directions de l\u2019UDC Vaud et du PLR Vaud entendent proposer un catalogue de mesures, visant trois secteurs prioritaires : sant\u00e9 publique, r\u00e9silience et relance \u00e9conomique, fiscalit\u00e9 et pr\u00e9voyance. Ces propositions serviront de lignes de conduite pour d\u00e9finir les actions politiques \u00e0 venir [&hellip;]","og_url":"https:\/\/www.udc-chablais.ch\/?p=1566","og_site_name":"UDC Chablais","article_published_time":"2020-05-04T16:13:19+00:00","article_modified_time":"2020-05-04T16:26:43+00:00","author":"webmaster","twitter_card":"summary_large_image","twitter_misc":{"\u00c9crit par":"webmaster","Dur\u00e9e de lecture estim\u00e9e":"3 minutes"},"schema":{"@context":"https:\/\/schema.org","@graph":[{"@type":"Article","@id":"https:\/\/www.udc-chablais.ch\/?p=1566#article","isPartOf":{"@id":"https:\/\/www.udc-chablais.ch\/?p=1566"},"author":{"name":"webmaster","@id":"https:\/\/www.udc-chablais.ch\/#\/schema\/person\/b62eaf6c7a833297cce77dfb363e9fa3"},"headline":"L\u2019UDC et le PLR coordonnent leurs efforts pour relancer l\u2019\u00e9conomie vaudoise","datePublished":"2020-05-04T16:13:19+00:00","dateModified":"2020-05-04T16:26:43+00:00","mainEntityOfPage":{"@id":"https:\/\/www.udc-chablais.ch\/?p=1566"},"wordCount":702,"publisher":{"@id":"https:\/\/www.udc-chablais.ch\/#organization"},"articleSection":["Chablais"],"inLanguage":"fr-FR"},{"@type":"WebPage","@id":"https:\/\/www.udc-chablais.ch\/?p=1566","url":"https:\/\/www.udc-chablais.ch\/?p=1566","name":"UDC Chablais &#8226; L\u2019UDC et le PLR coordonnent leurs efforts pour relancer l\u2019\u00e9conomie vaudoise","isPartOf":{"@id":"https:\/\/www.udc-chablais.ch\/#website"},"datePublished":"2020-05-04T16:13:19+00:00","dateModified":"2020-05-04T16:26:43+00:00","breadcrumb":{"@id":"https:\/\/www.udc-chablais.ch\/?p=1566#breadcrumb"},"inLanguage":"fr-FR","potentialAction":[{"@type":"ReadAction","target":["https:\/\/www.udc-chablais.ch\/?p=1566"]}]},{"@type":"BreadcrumbList","@id":"https:\/\/www.udc-chablais.ch\/?p=1566#breadcrumb","itemListElement":[{"@type":"ListItem","position":1,"name":"Accueil","item":"https:\/\/www.udc-chablais.ch\/"},{"@type":"ListItem","position":2,"name":"L\u2019UDC et le PLR coordonnent leurs efforts pour relancer l\u2019\u00e9conomie vaudoise"}]},{"@type":"WebSite","@id":"https:\/\/www.udc-chablais.ch\/#website","url":"https:\/\/www.udc-chablais.ch\/","name":"UDC Chablais","description":"Une politique, la r\u00e9gion en plus","publisher":{"@id":"https:\/\/www.udc-chablais.ch\/#organization"},"potentialAction":[{"@type":"SearchAction","target":{"@type":"EntryPoint","urlTemplate":"https:\/\/www.udc-chablais.ch\/?s={search_term_string}"},"query-input":{"@type":"PropertyValueSpecification","valueRequired":true,"valueName":"search_term_string"}}],"inLanguage":"fr-FR"},{"@type":"Organization","@id":"https:\/\/www.udc-chablais.ch\/#organization","name":"UDC Chablais","url":"https:\/\/www.udc-chablais.ch\/","logo":{"@type":"ImageObject","inLanguage":"fr-FR","@id":"https:\/\/www.udc-chablais.ch\/#\/schema\/logo\/image\/","url":"https:\/\/www.udc-chablais.ch\/wp-content\/uploads\/udc_chablais_logo_new_travail.jpg","contentUrl":"https:\/\/www.udc-chablais.ch\/wp-content\/uploads\/udc_chablais_logo_new_travail.jpg","width":150,"height":150,"caption":"UDC Chablais"},"image":{"@id":"https:\/\/www.udc-chablais.ch\/#\/schema\/logo\/image\/"}},{"@type":"Person","@id":"https:\/\/www.udc-chablais.ch\/#\/schema\/person\/b62eaf6c7a833297cce77dfb363e9fa3","name":"webmaster","sameAs":["http:\/\/www.dylankarlen.ch"],"url":"https:\/\/www.udc-chablais.ch\/?author=1"}]}},"_links":{"self":[{"href":"https:\/\/www.udc-chablais.ch\/index.php?rest_route=\/wp\/v2\/posts\/1566","targetHints":{"allow":["GET"]}}],"collection":[{"href":"https:\/\/www.udc-chablais.ch\/index.php?rest_route=\/wp\/v2\/posts"}],"about":[{"href":"https:\/\/www.udc-chablais.ch\/index.php?rest_route=\/wp\/v2\/types\/post"}],"author":[{"embeddable":true,"href":"https:\/\/www.udc-chablais.ch\/index.php?rest_route=\/wp\/v2\/users\/1"}],"replies":[{"embeddable":true,"href":"https:\/\/www.udc-chablais.ch\/index.php?rest_route=%2Fwp%2Fv2%2Fcomments&post=1566"}],"version-history":[{"count":1,"href":"https:\/\/www.udc-chablais.ch\/index.php?rest_route=\/wp\/v2\/posts\/1566\/revisions"}],"predecessor-version":[{"id":1567,"href":"https:\/\/www.udc-chablais.ch\/index.php?rest_route=\/wp\/v2\/posts\/1566\/revisions\/1567"}],"wp:attachment":[{"href":"https:\/\/www.udc-chablais.ch\/index.php?rest_route=%2Fwp%2Fv2%2Fmedia&parent=1566"}],"wp:term":[{"taxonomy":"category","embeddable":true,"href":"https:\/\/www.udc-chablais.ch\/index.php?rest_route=%2Fwp%2Fv2%2Fcategories&post=1566"},{"taxonomy":"post_tag","embeddable":true,"href":"https:\/\/www.udc-chablais.ch\/index.php?rest_route=%2Fwp%2Fv2%2Ftags&post=1566"}],"curies":[{"name":"wp","href":"https:\/\/api.w.org\/{rel}","templated":true}]}}