{"id":1608,"date":"2020-05-05T19:04:23","date_gmt":"2020-05-05T18:04:23","guid":{"rendered":"https:\/\/www.udc-chablais.ch\/?p=1608"},"modified":"2020-05-05T19:05:54","modified_gmt":"2020-05-05T18:05:54","slug":"la-preference-nationale-est-la-cle-pour-relancer-leconomie-et-preserver-les-emplois","status":"publish","type":"post","link":"https:\/\/www.udc-chablais.ch\/?p=1608","title":{"rendered":"La pr\u00e9f\u00e9rence nationale est la cl\u00e9 pour relancer l\u2019\u00e9conomie et pr\u00e9server les emplois"},"content":{"rendered":"\n<h4 class=\"wp-block-heading\"><strong>Ce matin, dans la salle du Grand Conseil, le groupe UDC s\u2019est r\u00e9uni pour la premi\u00e8re fois depuis le mois de mars afin de pr\u00e9parer la rentr\u00e9e parlementaire du 12 mai prochain. Les d\u00e9put\u00e9es et d\u00e9put\u00e9s ont nourri d\u2019importants d\u00e9bats sur la mani\u00e8re de reb\u00e2tir notre canton apr\u00e8s la crise provoqu\u00e9e par l\u2019\u00e9pid\u00e9mie. Le groupe politique a valid\u00e9 trois motions qui seront d\u00e9pos\u00e9es au Grand Conseil et s\u2019est prononc\u00e9 pour l\u2019institution d\u2019une commission d\u2019enqu\u00eate parlementaire (CEP) pour tirer au clair les responsabilit\u00e9s dans la d\u00e9b\u00e2cle \u00e0 80 millions de francs de l\u2019H\u00f4pital Riviera-Chablais (HRC).<\/strong><\/h4>\n\n\n\n<p>A neuf heures tapantes, Philippe Jobin, pr\u00e9sident du groupe au Grand Conseil, a salu\u00e9 les d\u00e9put\u00e9es et d\u00e9put\u00e9s pr\u00e9sents ainsi que Kevin Grangier, pr\u00e9sident du parti cantonal, et Nicolas Fardel, secr\u00e9taire g\u00e9n\u00e9ral ad int\u00e9rim. Il a ouvert la s\u00e9ance en faisant le point de la situation politique et en donnant les grandes lignes de l\u2019action parlementaire \u00e0 mener, telles que le traitement des rapports et interventions li\u00e9s au Covid-19, la strat\u00e9gie \u00e0 mener durant ces deux prochains mois, ainsi que les attentes de la population vaudoise envers la classe politique. Le pr\u00e9sident cantonal, pour sa part, a rappel\u00e9 que \u00ab&nbsp;certains mots, comme la pr\u00e9f\u00e9rence nationale et le contr\u00f4le aux fronti\u00e8res, qui \u00e9taient encore honnis par de nombreux acteurs politiques il y a quelques mois seulement, sont aujourd\u2019hui largement et \u00e9hont\u00e9ment repris par ses m\u00eames acteurs politiques&nbsp;\u00bb.<\/p>\n\n\n\n<p>Au terme d\u2019une instance discussion, le groupe UDC a approuv\u00e9 \u00e0 la quasi-unanimit\u00e9 trois motions importantes&nbsp;:<\/p>\n\n\n\n<ul class=\"wp-block-list\"><li>Yvan Pahud, d\u00e9put\u00e9 de Ste-Croix et vice-pr\u00e9sident du groupe, d\u00e9posera une motion pour que les ind\u00e9pendants, PME, artisans, agriculteurs et viticulteurs puissent provisionner 50% de leurs revenus imposables 2019 et ainsi conserver des liquidit\u00e9s financi\u00e8res en ces temps difficiles.<\/li><li>Julien Cu\u00e9rel, d\u00e9put\u00e9 et membre du Bureau du Grand Conseil, d\u00e9posera une motion pour que les adjudications de march\u00e9s publics en terres vaudoises soient prioritairement confi\u00e9es \u00e0 des entreprises vaudoises ou locales. Il s\u2019agit d\u2019\u00e9viter que des programmes de relance \u00e9tatiques profitent en premier lieu \u00e0 des entreprises \u00e9trang\u00e8res.<\/li><li>Philippe Jobin, d\u00e9put\u00e9 et pr\u00e9sident du groupe, d\u00e9posera une motion visant \u00e0 \u00e9tendre l\u2019int\u00e9r\u00eat moratoire \u00e0 0% \u00e0 l\u2019ensemble des contribuables et pas seulement aux seules personnes morales. Personne ne doit \u00eatre pr\u00e9t\u00e9rit\u00e9 d\u2019un int\u00e9r\u00eat moratoire de 3.5% sous pr\u00e9texte d\u2019avoir \u00e9t\u00e9 trop prudent financi\u00e8rement en cette ann\u00e9e 2020.<\/li><\/ul>\n\n\n\n<p>En plus des d\u00e9bats sur les mesures li\u00e9es \u00e0 l\u2019\u00e9pid\u00e9mie, le groupe UDC s\u2019est \u00e9galement pench\u00e9 sur le d\u00e9cret urgent du Conseil d\u2019Etat au sujet de l\u2019HRC ou une rallonge financi\u00e8re de 60 millions de francs est sollicit\u00e9e pour pallier les probl\u00e8mes de tr\u00e9sorerie. Le groupe UDC a d\u00e9nonc\u00e9 la politique socialiste qui pr\u00e9side la sant\u00e9 ainsi que la gouvernance de l\u2019HRC. En particulier, notre groupe a relev\u00e9 que la volont\u00e9 centralisatrice \u2013 souvent \u00e9voqu\u00e9e pour pr\u00e9tendument optimiser les co\u00fbts \u2013 est une chim\u00e8re de la globalisation. Avec cet exemple d\u00e9sastreux, notre parti est confort\u00e9 dans son choix de maintenir les petits h\u00f4pitaux de proximit\u00e9. L\u2019UDC \u2013 parti r\u00e9solument convaincu par la r\u00e9alit\u00e9 locale et l\u2019efficacit\u00e9 des politiques de proximit\u00e9 \u00e0 dimension humaine \u2013 votera le d\u00e9cret urgent uniquement car les salaires du personnel soignant qui en d\u00e9pendent. Notre parti refuse que les soignants soient les victimes d\u2019une gestion calamiteuse.<\/p>\n\n\n\n<p><strong>L\u2019UDC soutient l\u2019institution d\u2019une CEP<\/strong><\/p>\n\n\n\n<p>En fin de matin\u00e9e, le groupe UDC a soutenu la proposition d\u2019instituer une CEP pour enqu\u00eater sur les responsabilit\u00e9s politiques de ce naufrage. Notre parti n\u2019est pas convaincu par le mandat d\u2019audit que le Conseil d\u2019Etat a confi\u00e9 au Contr\u00f4le cantonal des finances ainsi qu\u2019\u00e0 une soci\u00e9t\u00e9 priv\u00e9e, pour la simple et bonne raison que sa propre responsabilit\u00e9 est engag\u00e9e. Le groupe UDC, unanimement moins deux abstentions, est favorable \u00e0 l\u2019institution d\u2019une CEP concernant la gouvernance de l\u2019HRC. Elle attend le soutien le plus large possible des groupes politiques.<\/p>\n\n\n\n<p><strong>L\u2019UDC du Canton de Vaud est plus que jamais convaincue que la relance \u00e9conomique, la pr\u00e9servation des emplois et des entreprises, la protection de la population, la pr\u00e9vention contre les catastrophes et les \u00e9pid\u00e9mies d\u00e9pendent d\u2019une politique r\u00e9solument souverainiste dont la pr\u00e9f\u00e9rence nationale en tous domaines est la cl\u00e9. Notre parti s\u2019emploiera donc \u00e0 d\u00e9fendre et valoriser toutes les politiques souveraines pour sortie le canton de la crise et sauvegarder autant que possible la qualit\u00e9 et le mode de vie des Vaudoises et des Vaudois.<\/strong><\/p>\n","protected":false},"excerpt":{"rendered":"<p>Ce matin, dans la salle du Grand Conseil, le groupe UDC s\u2019est r\u00e9uni pour la premi\u00e8re fois depuis le mois de mars afin de pr\u00e9parer la rentr\u00e9e parlementaire du 12 mai prochain. Les d\u00e9put\u00e9es et d\u00e9put\u00e9s ont nourri d\u2019importants d\u00e9bats sur la mani\u00e8re de reb\u00e2tir notre canton apr\u00e8s la crise provoqu\u00e9e par l\u2019\u00e9pid\u00e9mie. Le groupe [&hellip;]<\/p>\n","protected":false},"author":1,"featured_media":1610,"comment_status":"closed","ping_status":"closed","sticky":false,"template":"","format":"standard","meta":{"footnotes":""},"categories":[97],"tags":[],"class_list":["post-1608","post","type-post","status-publish","format-standard","has-post-thumbnail","hentry","category-vaud"],"yoast_head":"<!-- This site is optimized with the Yoast SEO plugin v27.4 - https:\/\/yoast.com\/product\/yoast-seo-wordpress\/ -->\n<title>UDC Chablais &#8226; La pr\u00e9f\u00e9rence nationale est la cl\u00e9 pour relancer l\u2019\u00e9conomie et pr\u00e9server les emplois<\/title>\n<meta name=\"robots\" content=\"index, follow, max-snippet:-1, max-image-preview:large, max-video-preview:-1\" \/>\n<link rel=\"canonical\" href=\"https:\/\/www.udc-chablais.ch\/?p=1608\" \/>\n<meta property=\"og:locale\" content=\"fr_FR\" \/>\n<meta property=\"og:type\" content=\"article\" \/>\n<meta property=\"og:title\" content=\"UDC Chablais &#8226; La pr\u00e9f\u00e9rence nationale est la cl\u00e9 pour relancer l\u2019\u00e9conomie et pr\u00e9server les emplois\" \/>\n<meta property=\"og:description\" content=\"Ce matin, dans la salle du Grand Conseil, le groupe UDC s\u2019est r\u00e9uni pour la premi\u00e8re fois depuis le mois de mars afin de pr\u00e9parer la rentr\u00e9e parlementaire du 12 mai prochain. Les d\u00e9put\u00e9es et d\u00e9put\u00e9s ont nourri d\u2019importants d\u00e9bats sur la mani\u00e8re de reb\u00e2tir notre canton apr\u00e8s la crise provoqu\u00e9e par l\u2019\u00e9pid\u00e9mie. Le groupe [&hellip;]\" \/>\n<meta property=\"og:url\" content=\"https:\/\/www.udc-chablais.ch\/?p=1608\" \/>\n<meta property=\"og:site_name\" content=\"UDC Chablais\" \/>\n<meta property=\"article:published_time\" content=\"2020-05-05T18:04:23+00:00\" \/>\n<meta property=\"article:modified_time\" content=\"2020-05-05T18:05:54+00:00\" \/>\n<meta property=\"og:image\" content=\"https:\/\/www.udc-chablais.ch\/wp-content\/uploads\/prefenrece-nationale-720x405-1.png\" \/>\n\t<meta property=\"og:image:width\" content=\"720\" \/>\n\t<meta property=\"og:image:height\" content=\"405\" \/>\n\t<meta property=\"og:image:type\" content=\"image\/png\" \/>\n<meta name=\"author\" content=\"webmaster\" \/>\n<meta name=\"twitter:card\" content=\"summary_large_image\" \/>\n<meta name=\"twitter:label1\" content=\"\u00c9crit par\" \/>\n\t<meta name=\"twitter:data1\" content=\"webmaster\" \/>\n\t<meta name=\"twitter:label2\" content=\"Dur\u00e9e de lecture estim\u00e9e\" \/>\n\t<meta name=\"twitter:data2\" content=\"4 minutes\" \/>\n<script type=\"application\/ld+json\" class=\"yoast-schema-graph\">{\"@context\":\"https:\\\/\\\/schema.org\",\"@graph\":[{\"@type\":\"Article\",\"@id\":\"https:\\\/\\\/www.udc-chablais.ch\\\/?p=1608#article\",\"isPartOf\":{\"@id\":\"https:\\\/\\\/www.udc-chablais.ch\\\/?p=1608\"},\"author\":{\"name\":\"webmaster\",\"@id\":\"https:\\\/\\\/www.udc-chablais.ch\\\/#\\\/schema\\\/person\\\/b62eaf6c7a833297cce77dfb363e9fa3\"},\"headline\":\"La pr\u00e9f\u00e9rence nationale est la cl\u00e9 pour relancer l\u2019\u00e9conomie et pr\u00e9server les emplois\",\"datePublished\":\"2020-05-05T18:04:23+00:00\",\"dateModified\":\"2020-05-05T18:05:54+00:00\",\"mainEntityOfPage\":{\"@id\":\"https:\\\/\\\/www.udc-chablais.ch\\\/?p=1608\"},\"wordCount\":846,\"publisher\":{\"@id\":\"https:\\\/\\\/www.udc-chablais.ch\\\/#organization\"},\"image\":{\"@id\":\"https:\\\/\\\/www.udc-chablais.ch\\\/?p=1608#primaryimage\"},\"thumbnailUrl\":\"https:\\\/\\\/www.udc-chablais.ch\\\/wp-content\\\/uploads\\\/prefenrece-nationale-720x405-1.png\",\"articleSection\":[\"Vaud\"],\"inLanguage\":\"fr-FR\"},{\"@type\":\"WebPage\",\"@id\":\"https:\\\/\\\/www.udc-chablais.ch\\\/?p=1608\",\"url\":\"https:\\\/\\\/www.udc-chablais.ch\\\/?p=1608\",\"name\":\"UDC Chablais &#8226; La pr\u00e9f\u00e9rence nationale est la cl\u00e9 pour relancer l\u2019\u00e9conomie et pr\u00e9server les emplois\",\"isPartOf\":{\"@id\":\"https:\\\/\\\/www.udc-chablais.ch\\\/#website\"},\"primaryImageOfPage\":{\"@id\":\"https:\\\/\\\/www.udc-chablais.ch\\\/?p=1608#primaryimage\"},\"image\":{\"@id\":\"https:\\\/\\\/www.udc-chablais.ch\\\/?p=1608#primaryimage\"},\"thumbnailUrl\":\"https:\\\/\\\/www.udc-chablais.ch\\\/wp-content\\\/uploads\\\/prefenrece-nationale-720x405-1.png\",\"datePublished\":\"2020-05-05T18:04:23+00:00\",\"dateModified\":\"2020-05-05T18:05:54+00:00\",\"breadcrumb\":{\"@id\":\"https:\\\/\\\/www.udc-chablais.ch\\\/?p=1608#breadcrumb\"},\"inLanguage\":\"fr-FR\",\"potentialAction\":[{\"@type\":\"ReadAction\",\"target\":[\"https:\\\/\\\/www.udc-chablais.ch\\\/?p=1608\"]}]},{\"@type\":\"ImageObject\",\"inLanguage\":\"fr-FR\",\"@id\":\"https:\\\/\\\/www.udc-chablais.ch\\\/?p=1608#primaryimage\",\"url\":\"https:\\\/\\\/www.udc-chablais.ch\\\/wp-content\\\/uploads\\\/prefenrece-nationale-720x405-1.png\",\"contentUrl\":\"https:\\\/\\\/www.udc-chablais.ch\\\/wp-content\\\/uploads\\\/prefenrece-nationale-720x405-1.png\",\"width\":720,\"height\":405},{\"@type\":\"BreadcrumbList\",\"@id\":\"https:\\\/\\\/www.udc-chablais.ch\\\/?p=1608#breadcrumb\",\"itemListElement\":[{\"@type\":\"ListItem\",\"position\":1,\"name\":\"Accueil\",\"item\":\"https:\\\/\\\/www.udc-chablais.ch\\\/\"},{\"@type\":\"ListItem\",\"position\":2,\"name\":\"La pr\u00e9f\u00e9rence nationale est la cl\u00e9 pour relancer l\u2019\u00e9conomie et pr\u00e9server les emplois\"}]},{\"@type\":\"WebSite\",\"@id\":\"https:\\\/\\\/www.udc-chablais.ch\\\/#website\",\"url\":\"https:\\\/\\\/www.udc-chablais.ch\\\/\",\"name\":\"UDC Chablais\",\"description\":\"Une politique, la r\u00e9gion en plus\",\"publisher\":{\"@id\":\"https:\\\/\\\/www.udc-chablais.ch\\\/#organization\"},\"potentialAction\":[{\"@type\":\"SearchAction\",\"target\":{\"@type\":\"EntryPoint\",\"urlTemplate\":\"https:\\\/\\\/www.udc-chablais.ch\\\/?s={search_term_string}\"},\"query-input\":{\"@type\":\"PropertyValueSpecification\",\"valueRequired\":true,\"valueName\":\"search_term_string\"}}],\"inLanguage\":\"fr-FR\"},{\"@type\":\"Organization\",\"@id\":\"https:\\\/\\\/www.udc-chablais.ch\\\/#organization\",\"name\":\"UDC Chablais\",\"url\":\"https:\\\/\\\/www.udc-chablais.ch\\\/\",\"logo\":{\"@type\":\"ImageObject\",\"inLanguage\":\"fr-FR\",\"@id\":\"https:\\\/\\\/www.udc-chablais.ch\\\/#\\\/schema\\\/logo\\\/image\\\/\",\"url\":\"https:\\\/\\\/www.udc-chablais.ch\\\/wp-content\\\/uploads\\\/udc_chablais_logo_new_travail.jpg\",\"contentUrl\":\"https:\\\/\\\/www.udc-chablais.ch\\\/wp-content\\\/uploads\\\/udc_chablais_logo_new_travail.jpg\",\"width\":150,\"height\":150,\"caption\":\"UDC Chablais\"},\"image\":{\"@id\":\"https:\\\/\\\/www.udc-chablais.ch\\\/#\\\/schema\\\/logo\\\/image\\\/\"}},{\"@type\":\"Person\",\"@id\":\"https:\\\/\\\/www.udc-chablais.ch\\\/#\\\/schema\\\/person\\\/b62eaf6c7a833297cce77dfb363e9fa3\",\"name\":\"webmaster\",\"sameAs\":[\"http:\\\/\\\/www.dylankarlen.ch\"],\"url\":\"https:\\\/\\\/www.udc-chablais.ch\\\/?author=1\"}]}<\/script>\n<!-- \/ Yoast SEO plugin. -->","yoast_head_json":{"title":"UDC Chablais &#8226; La pr\u00e9f\u00e9rence nationale est la cl\u00e9 pour relancer l\u2019\u00e9conomie et pr\u00e9server les emplois","robots":{"index":"index","follow":"follow","max-snippet":"max-snippet:-1","max-image-preview":"max-image-preview:large","max-video-preview":"max-video-preview:-1"},"canonical":"https:\/\/www.udc-chablais.ch\/?p=1608","og_locale":"fr_FR","og_type":"article","og_title":"UDC Chablais &#8226; La pr\u00e9f\u00e9rence nationale est la cl\u00e9 pour relancer l\u2019\u00e9conomie et pr\u00e9server les emplois","og_description":"Ce matin, dans la salle du Grand Conseil, le groupe UDC s\u2019est r\u00e9uni pour la premi\u00e8re fois depuis le mois de mars afin de pr\u00e9parer la rentr\u00e9e parlementaire du 12 mai prochain. Les d\u00e9put\u00e9es et d\u00e9put\u00e9s ont nourri d\u2019importants d\u00e9bats sur la mani\u00e8re de reb\u00e2tir notre canton apr\u00e8s la crise provoqu\u00e9e par l\u2019\u00e9pid\u00e9mie. Le groupe [&hellip;]","og_url":"https:\/\/www.udc-chablais.ch\/?p=1608","og_site_name":"UDC Chablais","article_published_time":"2020-05-05T18:04:23+00:00","article_modified_time":"2020-05-05T18:05:54+00:00","og_image":[{"width":720,"height":405,"url":"https:\/\/www.udc-chablais.ch\/wp-content\/uploads\/prefenrece-nationale-720x405-1.png","type":"image\/png"}],"author":"webmaster","twitter_card":"summary_large_image","twitter_misc":{"\u00c9crit par":"webmaster","Dur\u00e9e de lecture estim\u00e9e":"4 minutes"},"schema":{"@context":"https:\/\/schema.org","@graph":[{"@type":"Article","@id":"https:\/\/www.udc-chablais.ch\/?p=1608#article","isPartOf":{"@id":"https:\/\/www.udc-chablais.ch\/?p=1608"},"author":{"name":"webmaster","@id":"https:\/\/www.udc-chablais.ch\/#\/schema\/person\/b62eaf6c7a833297cce77dfb363e9fa3"},"headline":"La pr\u00e9f\u00e9rence nationale est la cl\u00e9 pour relancer l\u2019\u00e9conomie et pr\u00e9server les emplois","datePublished":"2020-05-05T18:04:23+00:00","dateModified":"2020-05-05T18:05:54+00:00","mainEntityOfPage":{"@id":"https:\/\/www.udc-chablais.ch\/?p=1608"},"wordCount":846,"publisher":{"@id":"https:\/\/www.udc-chablais.ch\/#organization"},"image":{"@id":"https:\/\/www.udc-chablais.ch\/?p=1608#primaryimage"},"thumbnailUrl":"https:\/\/www.udc-chablais.ch\/wp-content\/uploads\/prefenrece-nationale-720x405-1.png","articleSection":["Vaud"],"inLanguage":"fr-FR"},{"@type":"WebPage","@id":"https:\/\/www.udc-chablais.ch\/?p=1608","url":"https:\/\/www.udc-chablais.ch\/?p=1608","name":"UDC Chablais &#8226; La pr\u00e9f\u00e9rence nationale est la cl\u00e9 pour relancer l\u2019\u00e9conomie et pr\u00e9server les emplois","isPartOf":{"@id":"https:\/\/www.udc-chablais.ch\/#website"},"primaryImageOfPage":{"@id":"https:\/\/www.udc-chablais.ch\/?p=1608#primaryimage"},"image":{"@id":"https:\/\/www.udc-chablais.ch\/?p=1608#primaryimage"},"thumbnailUrl":"https:\/\/www.udc-chablais.ch\/wp-content\/uploads\/prefenrece-nationale-720x405-1.png","datePublished":"2020-05-05T18:04:23+00:00","dateModified":"2020-05-05T18:05:54+00:00","breadcrumb":{"@id":"https:\/\/www.udc-chablais.ch\/?p=1608#breadcrumb"},"inLanguage":"fr-FR","potentialAction":[{"@type":"ReadAction","target":["https:\/\/www.udc-chablais.ch\/?p=1608"]}]},{"@type":"ImageObject","inLanguage":"fr-FR","@id":"https:\/\/www.udc-chablais.ch\/?p=1608#primaryimage","url":"https:\/\/www.udc-chablais.ch\/wp-content\/uploads\/prefenrece-nationale-720x405-1.png","contentUrl":"https:\/\/www.udc-chablais.ch\/wp-content\/uploads\/prefenrece-nationale-720x405-1.png","width":720,"height":405},{"@type":"BreadcrumbList","@id":"https:\/\/www.udc-chablais.ch\/?p=1608#breadcrumb","itemListElement":[{"@type":"ListItem","position":1,"name":"Accueil","item":"https:\/\/www.udc-chablais.ch\/"},{"@type":"ListItem","position":2,"name":"La pr\u00e9f\u00e9rence nationale est la cl\u00e9 pour relancer l\u2019\u00e9conomie et pr\u00e9server les emplois"}]},{"@type":"WebSite","@id":"https:\/\/www.udc-chablais.ch\/#website","url":"https:\/\/www.udc-chablais.ch\/","name":"UDC Chablais","description":"Une politique, la r\u00e9gion en plus","publisher":{"@id":"https:\/\/www.udc-chablais.ch\/#organization"},"potentialAction":[{"@type":"SearchAction","target":{"@type":"EntryPoint","urlTemplate":"https:\/\/www.udc-chablais.ch\/?s={search_term_string}"},"query-input":{"@type":"PropertyValueSpecification","valueRequired":true,"valueName":"search_term_string"}}],"inLanguage":"fr-FR"},{"@type":"Organization","@id":"https:\/\/www.udc-chablais.ch\/#organization","name":"UDC Chablais","url":"https:\/\/www.udc-chablais.ch\/","logo":{"@type":"ImageObject","inLanguage":"fr-FR","@id":"https:\/\/www.udc-chablais.ch\/#\/schema\/logo\/image\/","url":"https:\/\/www.udc-chablais.ch\/wp-content\/uploads\/udc_chablais_logo_new_travail.jpg","contentUrl":"https:\/\/www.udc-chablais.ch\/wp-content\/uploads\/udc_chablais_logo_new_travail.jpg","width":150,"height":150,"caption":"UDC Chablais"},"image":{"@id":"https:\/\/www.udc-chablais.ch\/#\/schema\/logo\/image\/"}},{"@type":"Person","@id":"https:\/\/www.udc-chablais.ch\/#\/schema\/person\/b62eaf6c7a833297cce77dfb363e9fa3","name":"webmaster","sameAs":["http:\/\/www.dylankarlen.ch"],"url":"https:\/\/www.udc-chablais.ch\/?author=1"}]}},"_links":{"self":[{"href":"https:\/\/www.udc-chablais.ch\/index.php?rest_route=\/wp\/v2\/posts\/1608","targetHints":{"allow":["GET"]}}],"collection":[{"href":"https:\/\/www.udc-chablais.ch\/index.php?rest_route=\/wp\/v2\/posts"}],"about":[{"href":"https:\/\/www.udc-chablais.ch\/index.php?rest_route=\/wp\/v2\/types\/post"}],"author":[{"embeddable":true,"href":"https:\/\/www.udc-chablais.ch\/index.php?rest_route=\/wp\/v2\/users\/1"}],"replies":[{"embeddable":true,"href":"https:\/\/www.udc-chablais.ch\/index.php?rest_route=%2Fwp%2Fv2%2Fcomments&post=1608"}],"version-history":[{"count":1,"href":"https:\/\/www.udc-chablais.ch\/index.php?rest_route=\/wp\/v2\/posts\/1608\/revisions"}],"predecessor-version":[{"id":1609,"href":"https:\/\/www.udc-chablais.ch\/index.php?rest_route=\/wp\/v2\/posts\/1608\/revisions\/1609"}],"wp:featuredmedia":[{"embeddable":true,"href":"https:\/\/www.udc-chablais.ch\/index.php?rest_route=\/wp\/v2\/media\/1610"}],"wp:attachment":[{"href":"https:\/\/www.udc-chablais.ch\/index.php?rest_route=%2Fwp%2Fv2%2Fmedia&parent=1608"}],"wp:term":[{"taxonomy":"category","embeddable":true,"href":"https:\/\/www.udc-chablais.ch\/index.php?rest_route=%2Fwp%2Fv2%2Fcategories&post=1608"},{"taxonomy":"post_tag","embeddable":true,"href":"https:\/\/www.udc-chablais.ch\/index.php?rest_route=%2Fwp%2Fv2%2Ftags&post=1608"}],"curies":[{"name":"wp","href":"https:\/\/api.w.org\/{rel}","templated":true}]}}