{"id":1613,"date":"2020-05-13T13:55:17","date_gmt":"2020-05-13T12:55:17","guid":{"rendered":"https:\/\/www.udc-chablais.ch\/?p=1613"},"modified":"2020-05-13T13:55:19","modified_gmt":"2020-05-13T12:55:19","slug":"la-preference-nationale-cest-maintenant","status":"publish","type":"post","link":"https:\/\/www.udc-chablais.ch\/?p=1613","title":{"rendered":"La pr\u00e9f\u00e9rence nationale, c\u2019est maintenant !"},"content":{"rendered":"\n<h4 class=\"wp-block-heading\"><strong>A l\u2019occasion de la reprise du Grand Conseil, le groupe UDC est intervenu afin de soutenir les entreprises et travailleurs vaudois par des politiques souveraines et locales. Plus que jamais, les d\u00e9fis qui sont devant les Vaudoises et les Vaudois exigent des politiques de proximit\u00e9, des d\u00e9cisions proches du terrain et la pr\u00e9f\u00e9rence nationale.<\/strong><\/h4>\n\n\n\n<p>Par la voix d\u2019Yvan Pahud, d\u00e9put\u00e9 et municipal de Ste-Croix, l\u2019UDC a d\u00e9pos\u00e9 une motion demandant que les ind\u00e9pendants, PME, artisans, agriculteurs et viticulteurs puissent provisionner 50% de leur revenu imposable 2019 et ainsi conserver des liquidit\u00e9s financi\u00e8res en ces temps difficiles. Il a \u00e9galement d\u00e9pos\u00e9 une r\u00e9solution afin de plafonner le prix de vente des masques et des solutions hydroalcooliques et lutter contre les abus sp\u00e9culatifs.<\/p>\n\n\n\n<p>Philippe Jobin, d\u00e9put\u00e9 et syndic d\u2019Echichens, a d\u00e9pos\u00e9 une motion visant \u00e0 \u00e9tendre l\u2019int\u00e9r\u00eat moratoire \u00e0 0% \u00e0 l\u2019ensemble des contribuables et pas seulement aux seules personnes morales. \u00ab&nbsp;L\u2019id\u00e9e du Conseil d\u2019Etat de ramener \u00e0 0% l\u2019int\u00e9r\u00eat moratoire d\u2019acomptes pour les personnes morales est bonne. Pourquoi faut-il que les personnes physiques soient injustement priv\u00e9es de cette bonne id\u00e9e&nbsp;?&nbsp;\u00bb, se demande \u00e0 juste titre Philippe Jobin.<\/p>\n\n\n\n<p>Le d\u00e9put\u00e9 et syndic de Baulmes Julien Cu\u00e9rel a d\u00e9pos\u00e9 une motion pour que les adjudications de march\u00e9s publics en terres vaudoises soient prioritairement confi\u00e9es \u00e0 des entreprises vaudoises ou locales. L\u2019UDC exige que les politiques de relance \u00e9conomique soient des politiques locales qui permettent aux entreprises et travailleurs vaudois d\u2019avoir du travail.<\/p>\n\n\n\n<p><strong>Les gitans \u00e9trangers mieux lotis que les Vaudoises et les Vaudois&nbsp;?<\/strong><\/p>\n\n\n\n<p>Dans le Chablais, il n\u2019aura \u00e9chapp\u00e9 \u00e0 personne que les gitans sont de retour, et ceci malgr\u00e9 la fermeture des fronti\u00e8res depuis deux mois. Une situation qui interpelle le d\u00e9put\u00e9 et municipal de Villeneuve, Dylan Karlen, qui a d\u00e9pos\u00e9 la question suivante&nbsp;: \u00ab A l\u2019heure o\u00f9 la population s\u00e9dentaire de Suisse re\u00e7oit des amendes d\u2019ordre lors de sorties en famille et o\u00f9 plus aucune manifestation ne peut avoir lieu, il semble opportun d\u2019obtenir un \u00e9claircissement sur la gestion des gitans en cette p\u00e9riode de confinement.&nbsp;\u00bb L\u2019UDC \u2013 et la population du Chablais \u2013 attendent la r\u00e9pondre avec impatience&nbsp;!<\/p>\n\n\n\n<p><strong>Le journal 20Minutes donne raison \u00e0 l\u2019UDC et tort au reste du Grand Conseil\u00a0!<\/strong><\/p>\n\n\n\n<p>Lundi pass\u00e9, le journal 20Minutes rapportait que le local d\u2019injection pour toxicomanes ouvert en 2018 par la ville de Lausanne \u00ab&nbsp;ne r\u00e9sout quasi rien&nbsp;\u00bb. Pour rappel, l\u2019ouverture de ce local avait \u00e9t\u00e9 rendu possible par un report de charges entre la ville de Lausanne et le canton de Vaud. Le d\u00e9put\u00e9 de Lausanne Philippe Ducommun s\u2019\u00e9tait oppos\u00e9 par voie de motion \u00e0 ce report de charges afin que l\u2019argent des Vaudoises et des Vaudois ne soit pas d\u00e9tourn\u00e9 pour financer une politique inefficace, juste bonne \u00e0 justifier l\u2019emploi du temps de travailleurs sociaux. Les autres partis avaient refus\u00e9 la motion et l\u2019argent public a \u00e9t\u00e9 jet\u00e9 par les fen\u00eatres.<\/p>\n","protected":false},"excerpt":{"rendered":"<p>A l\u2019occasion de la reprise du Grand Conseil, le groupe UDC est intervenu afin de soutenir les entreprises et travailleurs vaudois par des politiques souveraines et locales. Plus que jamais, les d\u00e9fis qui sont devant les Vaudoises et les Vaudois exigent des politiques de proximit\u00e9, des d\u00e9cisions proches du terrain et la pr\u00e9f\u00e9rence nationale. Par [&hellip;]<\/p>\n","protected":false},"author":1,"featured_media":1610,"comment_status":"closed","ping_status":"closed","sticky":false,"template":"","format":"standard","meta":{"footnotes":""},"categories":[14],"tags":[],"class_list":["post-1613","post","type-post","status-publish","format-standard","has-post-thumbnail","hentry","category-grandconseil"],"yoast_head":"<!-- This site is optimized with the Yoast SEO plugin v27.4 - https:\/\/yoast.com\/product\/yoast-seo-wordpress\/ -->\n<title>UDC Chablais &#8226; La pr\u00e9f\u00e9rence nationale, c\u2019est maintenant !<\/title>\n<meta name=\"robots\" content=\"index, follow, max-snippet:-1, max-image-preview:large, max-video-preview:-1\" \/>\n<link rel=\"canonical\" href=\"https:\/\/www.udc-chablais.ch\/?p=1613\" \/>\n<meta property=\"og:locale\" content=\"fr_FR\" \/>\n<meta property=\"og:type\" content=\"article\" \/>\n<meta property=\"og:title\" content=\"UDC Chablais &#8226; La pr\u00e9f\u00e9rence nationale, c\u2019est maintenant !\" \/>\n<meta property=\"og:description\" content=\"A l\u2019occasion de la reprise du Grand Conseil, le groupe UDC est intervenu afin de soutenir les entreprises et travailleurs vaudois par des politiques souveraines et locales. Plus que jamais, les d\u00e9fis qui sont devant les Vaudoises et les Vaudois exigent des politiques de proximit\u00e9, des d\u00e9cisions proches du terrain et la pr\u00e9f\u00e9rence nationale. Par [&hellip;]\" \/>\n<meta property=\"og:url\" content=\"https:\/\/www.udc-chablais.ch\/?p=1613\" \/>\n<meta property=\"og:site_name\" content=\"UDC Chablais\" \/>\n<meta property=\"article:published_time\" content=\"2020-05-13T12:55:17+00:00\" \/>\n<meta property=\"article:modified_time\" content=\"2020-05-13T12:55:19+00:00\" \/>\n<meta property=\"og:image\" content=\"https:\/\/www.udc-chablais.ch\/wp-content\/uploads\/prefenrece-nationale-720x405-1.png\" \/>\n\t<meta property=\"og:image:width\" content=\"720\" \/>\n\t<meta property=\"og:image:height\" content=\"405\" \/>\n\t<meta property=\"og:image:type\" content=\"image\/png\" \/>\n<meta name=\"author\" content=\"webmaster\" \/>\n<meta name=\"twitter:card\" content=\"summary_large_image\" \/>\n<meta name=\"twitter:label1\" content=\"\u00c9crit par\" \/>\n\t<meta name=\"twitter:data1\" content=\"webmaster\" \/>\n\t<meta name=\"twitter:label2\" content=\"Dur\u00e9e de lecture estim\u00e9e\" \/>\n\t<meta name=\"twitter:data2\" content=\"3 minutes\" \/>\n<script type=\"application\/ld+json\" class=\"yoast-schema-graph\">{\"@context\":\"https:\\\/\\\/schema.org\",\"@graph\":[{\"@type\":\"Article\",\"@id\":\"https:\\\/\\\/www.udc-chablais.ch\\\/?p=1613#article\",\"isPartOf\":{\"@id\":\"https:\\\/\\\/www.udc-chablais.ch\\\/?p=1613\"},\"author\":{\"name\":\"webmaster\",\"@id\":\"https:\\\/\\\/www.udc-chablais.ch\\\/#\\\/schema\\\/person\\\/b62eaf6c7a833297cce77dfb363e9fa3\"},\"headline\":\"La pr\u00e9f\u00e9rence nationale, c\u2019est maintenant !\",\"datePublished\":\"2020-05-13T12:55:17+00:00\",\"dateModified\":\"2020-05-13T12:55:19+00:00\",\"mainEntityOfPage\":{\"@id\":\"https:\\\/\\\/www.udc-chablais.ch\\\/?p=1613\"},\"wordCount\":531,\"publisher\":{\"@id\":\"https:\\\/\\\/www.udc-chablais.ch\\\/#organization\"},\"image\":{\"@id\":\"https:\\\/\\\/www.udc-chablais.ch\\\/?p=1613#primaryimage\"},\"thumbnailUrl\":\"https:\\\/\\\/www.udc-chablais.ch\\\/wp-content\\\/uploads\\\/prefenrece-nationale-720x405-1.png\",\"articleSection\":[\"Grand Conseil\"],\"inLanguage\":\"fr-FR\"},{\"@type\":\"WebPage\",\"@id\":\"https:\\\/\\\/www.udc-chablais.ch\\\/?p=1613\",\"url\":\"https:\\\/\\\/www.udc-chablais.ch\\\/?p=1613\",\"name\":\"UDC Chablais &#8226; La pr\u00e9f\u00e9rence nationale, c\u2019est maintenant !\",\"isPartOf\":{\"@id\":\"https:\\\/\\\/www.udc-chablais.ch\\\/#website\"},\"primaryImageOfPage\":{\"@id\":\"https:\\\/\\\/www.udc-chablais.ch\\\/?p=1613#primaryimage\"},\"image\":{\"@id\":\"https:\\\/\\\/www.udc-chablais.ch\\\/?p=1613#primaryimage\"},\"thumbnailUrl\":\"https:\\\/\\\/www.udc-chablais.ch\\\/wp-content\\\/uploads\\\/prefenrece-nationale-720x405-1.png\",\"datePublished\":\"2020-05-13T12:55:17+00:00\",\"dateModified\":\"2020-05-13T12:55:19+00:00\",\"breadcrumb\":{\"@id\":\"https:\\\/\\\/www.udc-chablais.ch\\\/?p=1613#breadcrumb\"},\"inLanguage\":\"fr-FR\",\"potentialAction\":[{\"@type\":\"ReadAction\",\"target\":[\"https:\\\/\\\/www.udc-chablais.ch\\\/?p=1613\"]}]},{\"@type\":\"ImageObject\",\"inLanguage\":\"fr-FR\",\"@id\":\"https:\\\/\\\/www.udc-chablais.ch\\\/?p=1613#primaryimage\",\"url\":\"https:\\\/\\\/www.udc-chablais.ch\\\/wp-content\\\/uploads\\\/prefenrece-nationale-720x405-1.png\",\"contentUrl\":\"https:\\\/\\\/www.udc-chablais.ch\\\/wp-content\\\/uploads\\\/prefenrece-nationale-720x405-1.png\",\"width\":720,\"height\":405},{\"@type\":\"BreadcrumbList\",\"@id\":\"https:\\\/\\\/www.udc-chablais.ch\\\/?p=1613#breadcrumb\",\"itemListElement\":[{\"@type\":\"ListItem\",\"position\":1,\"name\":\"Accueil\",\"item\":\"https:\\\/\\\/www.udc-chablais.ch\\\/\"},{\"@type\":\"ListItem\",\"position\":2,\"name\":\"La pr\u00e9f\u00e9rence nationale, c\u2019est maintenant !\"}]},{\"@type\":\"WebSite\",\"@id\":\"https:\\\/\\\/www.udc-chablais.ch\\\/#website\",\"url\":\"https:\\\/\\\/www.udc-chablais.ch\\\/\",\"name\":\"UDC Chablais\",\"description\":\"Une politique, la r\u00e9gion en plus\",\"publisher\":{\"@id\":\"https:\\\/\\\/www.udc-chablais.ch\\\/#organization\"},\"potentialAction\":[{\"@type\":\"SearchAction\",\"target\":{\"@type\":\"EntryPoint\",\"urlTemplate\":\"https:\\\/\\\/www.udc-chablais.ch\\\/?s={search_term_string}\"},\"query-input\":{\"@type\":\"PropertyValueSpecification\",\"valueRequired\":true,\"valueName\":\"search_term_string\"}}],\"inLanguage\":\"fr-FR\"},{\"@type\":\"Organization\",\"@id\":\"https:\\\/\\\/www.udc-chablais.ch\\\/#organization\",\"name\":\"UDC Chablais\",\"url\":\"https:\\\/\\\/www.udc-chablais.ch\\\/\",\"logo\":{\"@type\":\"ImageObject\",\"inLanguage\":\"fr-FR\",\"@id\":\"https:\\\/\\\/www.udc-chablais.ch\\\/#\\\/schema\\\/logo\\\/image\\\/\",\"url\":\"https:\\\/\\\/www.udc-chablais.ch\\\/wp-content\\\/uploads\\\/udc_chablais_logo_new_travail.jpg\",\"contentUrl\":\"https:\\\/\\\/www.udc-chablais.ch\\\/wp-content\\\/uploads\\\/udc_chablais_logo_new_travail.jpg\",\"width\":150,\"height\":150,\"caption\":\"UDC Chablais\"},\"image\":{\"@id\":\"https:\\\/\\\/www.udc-chablais.ch\\\/#\\\/schema\\\/logo\\\/image\\\/\"}},{\"@type\":\"Person\",\"@id\":\"https:\\\/\\\/www.udc-chablais.ch\\\/#\\\/schema\\\/person\\\/b62eaf6c7a833297cce77dfb363e9fa3\",\"name\":\"webmaster\",\"sameAs\":[\"http:\\\/\\\/www.dylankarlen.ch\"],\"url\":\"https:\\\/\\\/www.udc-chablais.ch\\\/?author=1\"}]}<\/script>\n<!-- \/ Yoast SEO plugin. -->","yoast_head_json":{"title":"UDC Chablais &#8226; La pr\u00e9f\u00e9rence nationale, c\u2019est maintenant !","robots":{"index":"index","follow":"follow","max-snippet":"max-snippet:-1","max-image-preview":"max-image-preview:large","max-video-preview":"max-video-preview:-1"},"canonical":"https:\/\/www.udc-chablais.ch\/?p=1613","og_locale":"fr_FR","og_type":"article","og_title":"UDC Chablais &#8226; La pr\u00e9f\u00e9rence nationale, c\u2019est maintenant !","og_description":"A l\u2019occasion de la reprise du Grand Conseil, le groupe UDC est intervenu afin de soutenir les entreprises et travailleurs vaudois par des politiques souveraines et locales. Plus que jamais, les d\u00e9fis qui sont devant les Vaudoises et les Vaudois exigent des politiques de proximit\u00e9, des d\u00e9cisions proches du terrain et la pr\u00e9f\u00e9rence nationale. Par [&hellip;]","og_url":"https:\/\/www.udc-chablais.ch\/?p=1613","og_site_name":"UDC Chablais","article_published_time":"2020-05-13T12:55:17+00:00","article_modified_time":"2020-05-13T12:55:19+00:00","og_image":[{"width":720,"height":405,"url":"https:\/\/www.udc-chablais.ch\/wp-content\/uploads\/prefenrece-nationale-720x405-1.png","type":"image\/png"}],"author":"webmaster","twitter_card":"summary_large_image","twitter_misc":{"\u00c9crit par":"webmaster","Dur\u00e9e de lecture estim\u00e9e":"3 minutes"},"schema":{"@context":"https:\/\/schema.org","@graph":[{"@type":"Article","@id":"https:\/\/www.udc-chablais.ch\/?p=1613#article","isPartOf":{"@id":"https:\/\/www.udc-chablais.ch\/?p=1613"},"author":{"name":"webmaster","@id":"https:\/\/www.udc-chablais.ch\/#\/schema\/person\/b62eaf6c7a833297cce77dfb363e9fa3"},"headline":"La pr\u00e9f\u00e9rence nationale, c\u2019est maintenant !","datePublished":"2020-05-13T12:55:17+00:00","dateModified":"2020-05-13T12:55:19+00:00","mainEntityOfPage":{"@id":"https:\/\/www.udc-chablais.ch\/?p=1613"},"wordCount":531,"publisher":{"@id":"https:\/\/www.udc-chablais.ch\/#organization"},"image":{"@id":"https:\/\/www.udc-chablais.ch\/?p=1613#primaryimage"},"thumbnailUrl":"https:\/\/www.udc-chablais.ch\/wp-content\/uploads\/prefenrece-nationale-720x405-1.png","articleSection":["Grand Conseil"],"inLanguage":"fr-FR"},{"@type":"WebPage","@id":"https:\/\/www.udc-chablais.ch\/?p=1613","url":"https:\/\/www.udc-chablais.ch\/?p=1613","name":"UDC Chablais &#8226; La pr\u00e9f\u00e9rence nationale, c\u2019est maintenant !","isPartOf":{"@id":"https:\/\/www.udc-chablais.ch\/#website"},"primaryImageOfPage":{"@id":"https:\/\/www.udc-chablais.ch\/?p=1613#primaryimage"},"image":{"@id":"https:\/\/www.udc-chablais.ch\/?p=1613#primaryimage"},"thumbnailUrl":"https:\/\/www.udc-chablais.ch\/wp-content\/uploads\/prefenrece-nationale-720x405-1.png","datePublished":"2020-05-13T12:55:17+00:00","dateModified":"2020-05-13T12:55:19+00:00","breadcrumb":{"@id":"https:\/\/www.udc-chablais.ch\/?p=1613#breadcrumb"},"inLanguage":"fr-FR","potentialAction":[{"@type":"ReadAction","target":["https:\/\/www.udc-chablais.ch\/?p=1613"]}]},{"@type":"ImageObject","inLanguage":"fr-FR","@id":"https:\/\/www.udc-chablais.ch\/?p=1613#primaryimage","url":"https:\/\/www.udc-chablais.ch\/wp-content\/uploads\/prefenrece-nationale-720x405-1.png","contentUrl":"https:\/\/www.udc-chablais.ch\/wp-content\/uploads\/prefenrece-nationale-720x405-1.png","width":720,"height":405},{"@type":"BreadcrumbList","@id":"https:\/\/www.udc-chablais.ch\/?p=1613#breadcrumb","itemListElement":[{"@type":"ListItem","position":1,"name":"Accueil","item":"https:\/\/www.udc-chablais.ch\/"},{"@type":"ListItem","position":2,"name":"La pr\u00e9f\u00e9rence nationale, c\u2019est maintenant !"}]},{"@type":"WebSite","@id":"https:\/\/www.udc-chablais.ch\/#website","url":"https:\/\/www.udc-chablais.ch\/","name":"UDC Chablais","description":"Une politique, la r\u00e9gion en plus","publisher":{"@id":"https:\/\/www.udc-chablais.ch\/#organization"},"potentialAction":[{"@type":"SearchAction","target":{"@type":"EntryPoint","urlTemplate":"https:\/\/www.udc-chablais.ch\/?s={search_term_string}"},"query-input":{"@type":"PropertyValueSpecification","valueRequired":true,"valueName":"search_term_string"}}],"inLanguage":"fr-FR"},{"@type":"Organization","@id":"https:\/\/www.udc-chablais.ch\/#organization","name":"UDC Chablais","url":"https:\/\/www.udc-chablais.ch\/","logo":{"@type":"ImageObject","inLanguage":"fr-FR","@id":"https:\/\/www.udc-chablais.ch\/#\/schema\/logo\/image\/","url":"https:\/\/www.udc-chablais.ch\/wp-content\/uploads\/udc_chablais_logo_new_travail.jpg","contentUrl":"https:\/\/www.udc-chablais.ch\/wp-content\/uploads\/udc_chablais_logo_new_travail.jpg","width":150,"height":150,"caption":"UDC Chablais"},"image":{"@id":"https:\/\/www.udc-chablais.ch\/#\/schema\/logo\/image\/"}},{"@type":"Person","@id":"https:\/\/www.udc-chablais.ch\/#\/schema\/person\/b62eaf6c7a833297cce77dfb363e9fa3","name":"webmaster","sameAs":["http:\/\/www.dylankarlen.ch"],"url":"https:\/\/www.udc-chablais.ch\/?author=1"}]}},"_links":{"self":[{"href":"https:\/\/www.udc-chablais.ch\/index.php?rest_route=\/wp\/v2\/posts\/1613","targetHints":{"allow":["GET"]}}],"collection":[{"href":"https:\/\/www.udc-chablais.ch\/index.php?rest_route=\/wp\/v2\/posts"}],"about":[{"href":"https:\/\/www.udc-chablais.ch\/index.php?rest_route=\/wp\/v2\/types\/post"}],"author":[{"embeddable":true,"href":"https:\/\/www.udc-chablais.ch\/index.php?rest_route=\/wp\/v2\/users\/1"}],"replies":[{"embeddable":true,"href":"https:\/\/www.udc-chablais.ch\/index.php?rest_route=%2Fwp%2Fv2%2Fcomments&post=1613"}],"version-history":[{"count":1,"href":"https:\/\/www.udc-chablais.ch\/index.php?rest_route=\/wp\/v2\/posts\/1613\/revisions"}],"predecessor-version":[{"id":1614,"href":"https:\/\/www.udc-chablais.ch\/index.php?rest_route=\/wp\/v2\/posts\/1613\/revisions\/1614"}],"wp:featuredmedia":[{"embeddable":true,"href":"https:\/\/www.udc-chablais.ch\/index.php?rest_route=\/wp\/v2\/media\/1610"}],"wp:attachment":[{"href":"https:\/\/www.udc-chablais.ch\/index.php?rest_route=%2Fwp%2Fv2%2Fmedia&parent=1613"}],"wp:term":[{"taxonomy":"category","embeddable":true,"href":"https:\/\/www.udc-chablais.ch\/index.php?rest_route=%2Fwp%2Fv2%2Fcategories&post=1613"},{"taxonomy":"post_tag","embeddable":true,"href":"https:\/\/www.udc-chablais.ch\/index.php?rest_route=%2Fwp%2Fv2%2Ftags&post=1613"}],"curies":[{"name":"wp","href":"https:\/\/api.w.org\/{rel}","templated":true}]}}