{"id":1640,"date":"2020-07-14T15:44:09","date_gmt":"2020-07-14T14:44:09","guid":{"rendered":"https:\/\/www.udc-chablais.ch\/?p=1640"},"modified":"2020-07-21T15:06:44","modified_gmt":"2020-07-21T14:06:44","slug":"motion-udc-pour-soutenir-les-vins-suisses","status":"publish","type":"post","link":"https:\/\/www.udc-chablais.ch\/?p=1640","title":{"rendered":"Motion UDC pour soutenir les vins suisses"},"content":{"rendered":"\n<p>Le 25 juin dernier, le Conseil communal de Villeneuve s&rsquo;est prononc\u00e9 sur une motion du groupe UDC proposant d&rsquo;instaurer un quota de vins suisses sur la carte des restaurants de la place. Avec un grand exercice de mauvaise fois, le PS et le PLR n&rsquo;ont pas apport\u00e9 leur soutien \u00e0 ce texte, parce que soit disant anticonstitutionnel, alors que le PLR vient de d\u00e9poser au Grand Conseil une motion demandant d&rsquo;introduire&#8230; un quota de 40% de vins vaudois sur les cartes des restaurants ! Bref, les bonnes id\u00e9es ne sont pas suivies, uniquement parce qu&rsquo;elles ne viennent pas du bon parti.<\/p>\n\n\n\n<figure class=\"wp-block-image size-large\"><img loading=\"lazy\" decoding=\"async\" width=\"520\" height=\"1024\" src=\"https:\/\/www.udc-chablais.ch\/wp-content\/uploads\/20200714_24heures-520x1024.jpg\" alt=\"\" class=\"wp-image-1641\" srcset=\"https:\/\/www.udc-chablais.ch\/wp-content\/uploads\/20200714_24heures-520x1024.jpg 520w, https:\/\/www.udc-chablais.ch\/wp-content\/uploads\/20200714_24heures-152x300.jpg 152w, https:\/\/www.udc-chablais.ch\/wp-content\/uploads\/20200714_24heures-768x1512.jpg 768w, https:\/\/www.udc-chablais.ch\/wp-content\/uploads\/20200714_24heures-780x1536.jpg 780w, https:\/\/www.udc-chablais.ch\/wp-content\/uploads\/20200714_24heures-600x1181.jpg 600w, https:\/\/www.udc-chablais.ch\/wp-content\/uploads\/20200714_24heures.jpg 838w\" sizes=\"auto, (max-width: 520px) 100vw, 520px\" \/><\/figure>\n","protected":false},"excerpt":{"rendered":"<p>Le 25 juin dernier, le Conseil communal de Villeneuve s&rsquo;est prononc\u00e9 sur une motion du groupe UDC proposant d&rsquo;instaurer un quota de vins suisses sur la carte des restaurants de la place. Avec un grand exercice de mauvaise fois, le PS et le PLR n&rsquo;ont pas apport\u00e9 leur soutien \u00e0 ce texte, parce que soit [&hellip;]<\/p>\n","protected":false},"author":1,"featured_media":1646,"comment_status":"closed","ping_status":"closed","sticky":false,"template":"","format":"standard","meta":{"footnotes":""},"categories":[9],"tags":[],"class_list":["post-1640","post","type-post","status-publish","format-standard","has-post-thumbnail","hentry","category-villeneuve"],"yoast_head":"<!-- This site is optimized with the Yoast SEO plugin v27.4 - https:\/\/yoast.com\/product\/yoast-seo-wordpress\/ -->\n<title>UDC Chablais &#8226; Motion UDC pour soutenir les vins suisses<\/title>\n<meta name=\"robots\" content=\"index, follow, max-snippet:-1, max-image-preview:large, max-video-preview:-1\" \/>\n<link rel=\"canonical\" href=\"https:\/\/www.udc-chablais.ch\/?p=1640\" \/>\n<meta property=\"og:locale\" content=\"fr_FR\" \/>\n<meta property=\"og:type\" content=\"article\" \/>\n<meta property=\"og:title\" content=\"UDC Chablais &#8226; Motion UDC pour soutenir les vins suisses\" \/>\n<meta property=\"og:description\" content=\"Le 25 juin dernier, le Conseil communal de Villeneuve s&rsquo;est prononc\u00e9 sur une motion du groupe UDC proposant d&rsquo;instaurer un quota de vins suisses sur la carte des restaurants de la place. Avec un grand exercice de mauvaise fois, le PS et le PLR n&rsquo;ont pas apport\u00e9 leur soutien \u00e0 ce texte, parce que soit [&hellip;]\" \/>\n<meta property=\"og:url\" content=\"https:\/\/www.udc-chablais.ch\/?p=1640\" \/>\n<meta property=\"og:site_name\" content=\"UDC Chablais\" \/>\n<meta property=\"article:published_time\" content=\"2020-07-14T14:44:09+00:00\" \/>\n<meta property=\"article:modified_time\" content=\"2020-07-21T14:06:44+00:00\" \/>\n<meta property=\"og:image\" content=\"https:\/\/www.udc-chablais.ch\/wp-content\/uploads\/wine-scaled.jpg\" \/>\n\t<meta property=\"og:image:width\" content=\"2560\" \/>\n\t<meta property=\"og:image:height\" content=\"1707\" \/>\n\t<meta property=\"og:image:type\" content=\"image\/jpeg\" \/>\n<meta name=\"author\" content=\"webmaster\" \/>\n<meta name=\"twitter:card\" content=\"summary_large_image\" \/>\n<meta name=\"twitter:label1\" content=\"\u00c9crit par\" \/>\n\t<meta name=\"twitter:data1\" content=\"webmaster\" \/>\n<script type=\"application\/ld+json\" class=\"yoast-schema-graph\">{\"@context\":\"https:\\\/\\\/schema.org\",\"@graph\":[{\"@type\":\"Article\",\"@id\":\"https:\\\/\\\/www.udc-chablais.ch\\\/?p=1640#article\",\"isPartOf\":{\"@id\":\"https:\\\/\\\/www.udc-chablais.ch\\\/?p=1640\"},\"author\":{\"name\":\"webmaster\",\"@id\":\"https:\\\/\\\/www.udc-chablais.ch\\\/#\\\/schema\\\/person\\\/b62eaf6c7a833297cce77dfb363e9fa3\"},\"headline\":\"Motion UDC pour soutenir les vins suisses\",\"datePublished\":\"2020-07-14T14:44:09+00:00\",\"dateModified\":\"2020-07-21T14:06:44+00:00\",\"mainEntityOfPage\":{\"@id\":\"https:\\\/\\\/www.udc-chablais.ch\\\/?p=1640\"},\"wordCount\":111,\"publisher\":{\"@id\":\"https:\\\/\\\/www.udc-chablais.ch\\\/#organization\"},\"image\":{\"@id\":\"https:\\\/\\\/www.udc-chablais.ch\\\/?p=1640#primaryimage\"},\"thumbnailUrl\":\"https:\\\/\\\/www.udc-chablais.ch\\\/wp-content\\\/uploads\\\/wine-scaled.jpg\",\"articleSection\":[\"Villeneuve et Environs\"],\"inLanguage\":\"fr-FR\"},{\"@type\":\"WebPage\",\"@id\":\"https:\\\/\\\/www.udc-chablais.ch\\\/?p=1640\",\"url\":\"https:\\\/\\\/www.udc-chablais.ch\\\/?p=1640\",\"name\":\"UDC Chablais &#8226; Motion UDC pour soutenir les vins suisses\",\"isPartOf\":{\"@id\":\"https:\\\/\\\/www.udc-chablais.ch\\\/#website\"},\"primaryImageOfPage\":{\"@id\":\"https:\\\/\\\/www.udc-chablais.ch\\\/?p=1640#primaryimage\"},\"image\":{\"@id\":\"https:\\\/\\\/www.udc-chablais.ch\\\/?p=1640#primaryimage\"},\"thumbnailUrl\":\"https:\\\/\\\/www.udc-chablais.ch\\\/wp-content\\\/uploads\\\/wine-scaled.jpg\",\"datePublished\":\"2020-07-14T14:44:09+00:00\",\"dateModified\":\"2020-07-21T14:06:44+00:00\",\"breadcrumb\":{\"@id\":\"https:\\\/\\\/www.udc-chablais.ch\\\/?p=1640#breadcrumb\"},\"inLanguage\":\"fr-FR\",\"potentialAction\":[{\"@type\":\"ReadAction\",\"target\":[\"https:\\\/\\\/www.udc-chablais.ch\\\/?p=1640\"]}]},{\"@type\":\"ImageObject\",\"inLanguage\":\"fr-FR\",\"@id\":\"https:\\\/\\\/www.udc-chablais.ch\\\/?p=1640#primaryimage\",\"url\":\"https:\\\/\\\/www.udc-chablais.ch\\\/wp-content\\\/uploads\\\/wine-scaled.jpg\",\"contentUrl\":\"https:\\\/\\\/www.udc-chablais.ch\\\/wp-content\\\/uploads\\\/wine-scaled.jpg\",\"width\":2560,\"height\":1707},{\"@type\":\"BreadcrumbList\",\"@id\":\"https:\\\/\\\/www.udc-chablais.ch\\\/?p=1640#breadcrumb\",\"itemListElement\":[{\"@type\":\"ListItem\",\"position\":1,\"name\":\"Accueil\",\"item\":\"https:\\\/\\\/www.udc-chablais.ch\\\/\"},{\"@type\":\"ListItem\",\"position\":2,\"name\":\"Motion UDC pour soutenir les vins suisses\"}]},{\"@type\":\"WebSite\",\"@id\":\"https:\\\/\\\/www.udc-chablais.ch\\\/#website\",\"url\":\"https:\\\/\\\/www.udc-chablais.ch\\\/\",\"name\":\"UDC Chablais\",\"description\":\"Une politique, la r\u00e9gion en plus\",\"publisher\":{\"@id\":\"https:\\\/\\\/www.udc-chablais.ch\\\/#organization\"},\"potentialAction\":[{\"@type\":\"SearchAction\",\"target\":{\"@type\":\"EntryPoint\",\"urlTemplate\":\"https:\\\/\\\/www.udc-chablais.ch\\\/?s={search_term_string}\"},\"query-input\":{\"@type\":\"PropertyValueSpecification\",\"valueRequired\":true,\"valueName\":\"search_term_string\"}}],\"inLanguage\":\"fr-FR\"},{\"@type\":\"Organization\",\"@id\":\"https:\\\/\\\/www.udc-chablais.ch\\\/#organization\",\"name\":\"UDC Chablais\",\"url\":\"https:\\\/\\\/www.udc-chablais.ch\\\/\",\"logo\":{\"@type\":\"ImageObject\",\"inLanguage\":\"fr-FR\",\"@id\":\"https:\\\/\\\/www.udc-chablais.ch\\\/#\\\/schema\\\/logo\\\/image\\\/\",\"url\":\"https:\\\/\\\/www.udc-chablais.ch\\\/wp-content\\\/uploads\\\/udc_chablais_logo_new_travail.jpg\",\"contentUrl\":\"https:\\\/\\\/www.udc-chablais.ch\\\/wp-content\\\/uploads\\\/udc_chablais_logo_new_travail.jpg\",\"width\":150,\"height\":150,\"caption\":\"UDC Chablais\"},\"image\":{\"@id\":\"https:\\\/\\\/www.udc-chablais.ch\\\/#\\\/schema\\\/logo\\\/image\\\/\"}},{\"@type\":\"Person\",\"@id\":\"https:\\\/\\\/www.udc-chablais.ch\\\/#\\\/schema\\\/person\\\/b62eaf6c7a833297cce77dfb363e9fa3\",\"name\":\"webmaster\",\"sameAs\":[\"http:\\\/\\\/www.dylankarlen.ch\"],\"url\":\"https:\\\/\\\/www.udc-chablais.ch\\\/?author=1\"}]}<\/script>\n<!-- \/ Yoast SEO plugin. -->","yoast_head_json":{"title":"UDC Chablais &#8226; Motion UDC pour soutenir les vins suisses","robots":{"index":"index","follow":"follow","max-snippet":"max-snippet:-1","max-image-preview":"max-image-preview:large","max-video-preview":"max-video-preview:-1"},"canonical":"https:\/\/www.udc-chablais.ch\/?p=1640","og_locale":"fr_FR","og_type":"article","og_title":"UDC Chablais &#8226; Motion UDC pour soutenir les vins suisses","og_description":"Le 25 juin dernier, le Conseil communal de Villeneuve s&rsquo;est prononc\u00e9 sur une motion du groupe UDC proposant d&rsquo;instaurer un quota de vins suisses sur la carte des restaurants de la place. Avec un grand exercice de mauvaise fois, le PS et le PLR n&rsquo;ont pas apport\u00e9 leur soutien \u00e0 ce texte, parce que soit [&hellip;]","og_url":"https:\/\/www.udc-chablais.ch\/?p=1640","og_site_name":"UDC Chablais","article_published_time":"2020-07-14T14:44:09+00:00","article_modified_time":"2020-07-21T14:06:44+00:00","og_image":[{"width":2560,"height":1707,"url":"https:\/\/www.udc-chablais.ch\/wp-content\/uploads\/wine-scaled.jpg","type":"image\/jpeg"}],"author":"webmaster","twitter_card":"summary_large_image","twitter_misc":{"\u00c9crit par":"webmaster"},"schema":{"@context":"https:\/\/schema.org","@graph":[{"@type":"Article","@id":"https:\/\/www.udc-chablais.ch\/?p=1640#article","isPartOf":{"@id":"https:\/\/www.udc-chablais.ch\/?p=1640"},"author":{"name":"webmaster","@id":"https:\/\/www.udc-chablais.ch\/#\/schema\/person\/b62eaf6c7a833297cce77dfb363e9fa3"},"headline":"Motion UDC pour soutenir les vins suisses","datePublished":"2020-07-14T14:44:09+00:00","dateModified":"2020-07-21T14:06:44+00:00","mainEntityOfPage":{"@id":"https:\/\/www.udc-chablais.ch\/?p=1640"},"wordCount":111,"publisher":{"@id":"https:\/\/www.udc-chablais.ch\/#organization"},"image":{"@id":"https:\/\/www.udc-chablais.ch\/?p=1640#primaryimage"},"thumbnailUrl":"https:\/\/www.udc-chablais.ch\/wp-content\/uploads\/wine-scaled.jpg","articleSection":["Villeneuve et Environs"],"inLanguage":"fr-FR"},{"@type":"WebPage","@id":"https:\/\/www.udc-chablais.ch\/?p=1640","url":"https:\/\/www.udc-chablais.ch\/?p=1640","name":"UDC Chablais &#8226; Motion UDC pour soutenir les vins suisses","isPartOf":{"@id":"https:\/\/www.udc-chablais.ch\/#website"},"primaryImageOfPage":{"@id":"https:\/\/www.udc-chablais.ch\/?p=1640#primaryimage"},"image":{"@id":"https:\/\/www.udc-chablais.ch\/?p=1640#primaryimage"},"thumbnailUrl":"https:\/\/www.udc-chablais.ch\/wp-content\/uploads\/wine-scaled.jpg","datePublished":"2020-07-14T14:44:09+00:00","dateModified":"2020-07-21T14:06:44+00:00","breadcrumb":{"@id":"https:\/\/www.udc-chablais.ch\/?p=1640#breadcrumb"},"inLanguage":"fr-FR","potentialAction":[{"@type":"ReadAction","target":["https:\/\/www.udc-chablais.ch\/?p=1640"]}]},{"@type":"ImageObject","inLanguage":"fr-FR","@id":"https:\/\/www.udc-chablais.ch\/?p=1640#primaryimage","url":"https:\/\/www.udc-chablais.ch\/wp-content\/uploads\/wine-scaled.jpg","contentUrl":"https:\/\/www.udc-chablais.ch\/wp-content\/uploads\/wine-scaled.jpg","width":2560,"height":1707},{"@type":"BreadcrumbList","@id":"https:\/\/www.udc-chablais.ch\/?p=1640#breadcrumb","itemListElement":[{"@type":"ListItem","position":1,"name":"Accueil","item":"https:\/\/www.udc-chablais.ch\/"},{"@type":"ListItem","position":2,"name":"Motion UDC pour soutenir les vins suisses"}]},{"@type":"WebSite","@id":"https:\/\/www.udc-chablais.ch\/#website","url":"https:\/\/www.udc-chablais.ch\/","name":"UDC Chablais","description":"Une politique, la r\u00e9gion en plus","publisher":{"@id":"https:\/\/www.udc-chablais.ch\/#organization"},"potentialAction":[{"@type":"SearchAction","target":{"@type":"EntryPoint","urlTemplate":"https:\/\/www.udc-chablais.ch\/?s={search_term_string}"},"query-input":{"@type":"PropertyValueSpecification","valueRequired":true,"valueName":"search_term_string"}}],"inLanguage":"fr-FR"},{"@type":"Organization","@id":"https:\/\/www.udc-chablais.ch\/#organization","name":"UDC Chablais","url":"https:\/\/www.udc-chablais.ch\/","logo":{"@type":"ImageObject","inLanguage":"fr-FR","@id":"https:\/\/www.udc-chablais.ch\/#\/schema\/logo\/image\/","url":"https:\/\/www.udc-chablais.ch\/wp-content\/uploads\/udc_chablais_logo_new_travail.jpg","contentUrl":"https:\/\/www.udc-chablais.ch\/wp-content\/uploads\/udc_chablais_logo_new_travail.jpg","width":150,"height":150,"caption":"UDC Chablais"},"image":{"@id":"https:\/\/www.udc-chablais.ch\/#\/schema\/logo\/image\/"}},{"@type":"Person","@id":"https:\/\/www.udc-chablais.ch\/#\/schema\/person\/b62eaf6c7a833297cce77dfb363e9fa3","name":"webmaster","sameAs":["http:\/\/www.dylankarlen.ch"],"url":"https:\/\/www.udc-chablais.ch\/?author=1"}]}},"_links":{"self":[{"href":"https:\/\/www.udc-chablais.ch\/index.php?rest_route=\/wp\/v2\/posts\/1640","targetHints":{"allow":["GET"]}}],"collection":[{"href":"https:\/\/www.udc-chablais.ch\/index.php?rest_route=\/wp\/v2\/posts"}],"about":[{"href":"https:\/\/www.udc-chablais.ch\/index.php?rest_route=\/wp\/v2\/types\/post"}],"author":[{"embeddable":true,"href":"https:\/\/www.udc-chablais.ch\/index.php?rest_route=\/wp\/v2\/users\/1"}],"replies":[{"embeddable":true,"href":"https:\/\/www.udc-chablais.ch\/index.php?rest_route=%2Fwp%2Fv2%2Fcomments&post=1640"}],"version-history":[{"count":2,"href":"https:\/\/www.udc-chablais.ch\/index.php?rest_route=\/wp\/v2\/posts\/1640\/revisions"}],"predecessor-version":[{"id":1647,"href":"https:\/\/www.udc-chablais.ch\/index.php?rest_route=\/wp\/v2\/posts\/1640\/revisions\/1647"}],"wp:featuredmedia":[{"embeddable":true,"href":"https:\/\/www.udc-chablais.ch\/index.php?rest_route=\/wp\/v2\/media\/1646"}],"wp:attachment":[{"href":"https:\/\/www.udc-chablais.ch\/index.php?rest_route=%2Fwp%2Fv2%2Fmedia&parent=1640"}],"wp:term":[{"taxonomy":"category","embeddable":true,"href":"https:\/\/www.udc-chablais.ch\/index.php?rest_route=%2Fwp%2Fv2%2Fcategories&post=1640"},{"taxonomy":"post_tag","embeddable":true,"href":"https:\/\/www.udc-chablais.ch\/index.php?rest_route=%2Fwp%2Fv2%2Ftags&post=1640"}],"curies":[{"name":"wp","href":"https:\/\/api.w.org\/{rel}","templated":true}]}}