{"id":1778,"date":"2021-06-03T21:32:00","date_gmt":"2021-06-03T20:32:00","guid":{"rendered":"https:\/\/www.udc-chablais.ch\/?p=1778"},"modified":"2021-06-07T21:33:43","modified_gmt":"2021-06-07T20:33:43","slug":"ludc-obtient-un-succes-en-faveur-dune-agriculture-indigene-de-qualite","status":"publish","type":"post","link":"https:\/\/www.udc-chablais.ch\/?p=1778","title":{"rendered":"L\u2019UDC obtient un succ\u00e8s en faveur d\u2019une agriculture indig\u00e8ne de qualit\u00e9"},"content":{"rendered":"\n<p><strong>Notre parti se f\u00e9licite de l\u2019acceptation en commission du postulat du d\u00e9put\u00e9 Jean-Bernard Chevalley d\u00e9pos\u00e9 au nom du groupe UDC afin de garantir une agriculture seine et indig\u00e8ne notamment face aux menaces des deux initiatives phytos soumises au vote le 13 juin prochain. Par cette action, l\u2019UDC r\u00e9it\u00e8re son soutien \u00e0 l\u2019agriculture vaudoise rappelle la n\u00e9cessit\u00e9 de rejeter ces deux initiatives n\u00e9fastes pour notre production locale.<\/strong><\/p>\n\n\n\n<p>Suite aux menaces que repentent les initiatives \u00ab&nbsp;eau propre&nbsp;\u00bb et \u00ab&nbsp;anti-pesticide&nbsp;\u00bb, pour l\u2019agriculture de notre canton, le d\u00e9put\u00e9 Jean-Bernard Chevalley a d\u00e9pos\u00e9 en 2019 d\u00e9j\u00e0 un postulat demandant que le Conseil d\u2019\u00c9tat apporte un soutien tant au niveau du d\u00e9veloppement et de la recherche qu\u2019au niveau financier pour les agriculteurs d\u00e9sirant mettre en place des mesures en faveur du d\u00e9veloppement durable.<\/p>\n\n\n\n<p>L\u2019UDC d\u00e9montre que le soutien \u00e0 notre agriculture de proximit\u00e9 est le meilleur moyen d\u2019\u0153uvrer pour la protection de notre environnement. Par ce d\u00e9p\u00f4t, notre parti r\u00e9it\u00e8re son soutien \u00e0 une agriculture locale en luttant contre les importations qui deviendraient in\u00e9vitables en cas d\u2019acceptation des deux initiatives phytos extr\u00eames. L\u2019UDC salue la d\u00e9cision de la commission de donner suite \u00e0 ce postulat et poursuivra son engagement en faveur de l\u2019agriculture vaudoise lors des d\u00e9bats au pl\u00e9num.<\/p>\n\n\n\n<p><strong>Soutien \u00e0 l\u2019agriculture locale<\/strong><\/p>\n\n\n\n<p>Notre parti rappelle son soutien et son attachement \u00e0 notre agriculture locale de qualit\u00e9. Ce succ\u00e8s fait suite \u00e0 l\u2019acceptation, la semaine derni\u00e8re, de la r\u00e9solution d\u00e9pos\u00e9e par le d\u00e9put\u00e9 Julien Cu\u00e9rel au nom de notre groupe dans laquelle il engageait le Grand Conseil \u00e0 s\u2019opposer \u00e0 deux initiatives inutiles et dangereuses.<\/p>\n\n\n\n<p><strong>2X NON le 13 juin 2021<\/strong><\/p>\n\n\n\n<p>Par ces actions, notre parti se place aux c\u00f4t\u00e9s des acteurs du monde agricole vaudois et encourage les citoyens de notre canton a vot\u00e9 2X NON aux initiatives phytos extr\u00eames le 13 juin prochain&nbsp;!<\/p>\n","protected":false},"excerpt":{"rendered":"<p>Notre parti se f\u00e9licite de l\u2019acceptation en commission du postulat du d\u00e9put\u00e9 Jean-Bernard Chevalley d\u00e9pos\u00e9 au nom du groupe UDC afin de garantir une agriculture seine et indig\u00e8ne notamment face aux menaces des deux initiatives phytos soumises au vote le 13 juin prochain. Par cette action, l\u2019UDC r\u00e9it\u00e8re son soutien \u00e0 l\u2019agriculture vaudoise rappelle la [&hellip;]<\/p>\n","protected":false},"author":1,"featured_media":1776,"comment_status":"closed","ping_status":"closed","sticky":false,"template":"","format":"standard","meta":{"footnotes":""},"categories":[14,97],"tags":[],"class_list":["post-1778","post","type-post","status-publish","format-standard","has-post-thumbnail","hentry","category-grandconseil","category-vaud"],"yoast_head":"<!-- This site is optimized with the Yoast SEO plugin v27.4 - https:\/\/yoast.com\/product\/yoast-seo-wordpress\/ -->\n<title>UDC Chablais &#8226; L\u2019UDC obtient un succ\u00e8s en faveur d\u2019une agriculture indig\u00e8ne de qualit\u00e9<\/title>\n<meta name=\"robots\" content=\"index, follow, max-snippet:-1, max-image-preview:large, max-video-preview:-1\" \/>\n<link rel=\"canonical\" href=\"https:\/\/www.udc-chablais.ch\/?p=1778\" \/>\n<meta property=\"og:locale\" content=\"fr_FR\" \/>\n<meta property=\"og:type\" content=\"article\" \/>\n<meta property=\"og:title\" content=\"UDC Chablais &#8226; L\u2019UDC obtient un succ\u00e8s en faveur d\u2019une agriculture indig\u00e8ne de qualit\u00e9\" \/>\n<meta property=\"og:description\" content=\"Notre parti se f\u00e9licite de l\u2019acceptation en commission du postulat du d\u00e9put\u00e9 Jean-Bernard Chevalley d\u00e9pos\u00e9 au nom du groupe UDC afin de garantir une agriculture seine et indig\u00e8ne notamment face aux menaces des deux initiatives phytos soumises au vote le 13 juin prochain. Par cette action, l\u2019UDC r\u00e9it\u00e8re son soutien \u00e0 l\u2019agriculture vaudoise rappelle la [&hellip;]\" \/>\n<meta property=\"og:url\" content=\"https:\/\/www.udc-chablais.ch\/?p=1778\" \/>\n<meta property=\"og:site_name\" content=\"UDC Chablais\" \/>\n<meta property=\"article:published_time\" content=\"2021-06-03T20:32:00+00:00\" \/>\n<meta property=\"article:modified_time\" content=\"2021-06-07T20:33:43+00:00\" \/>\n<meta property=\"og:image\" content=\"https:\/\/www.udc-chablais.ch\/wp-content\/uploads\/traktor_7-720x405-1.jpg\" \/>\n\t<meta property=\"og:image:width\" content=\"720\" \/>\n\t<meta property=\"og:image:height\" content=\"405\" \/>\n\t<meta property=\"og:image:type\" content=\"image\/jpeg\" \/>\n<meta name=\"author\" content=\"webmaster\" \/>\n<meta name=\"twitter:card\" content=\"summary_large_image\" \/>\n<meta name=\"twitter:label1\" content=\"\u00c9crit par\" \/>\n\t<meta name=\"twitter:data1\" content=\"webmaster\" \/>\n\t<meta name=\"twitter:label2\" content=\"Dur\u00e9e de lecture estim\u00e9e\" \/>\n\t<meta name=\"twitter:data2\" content=\"2 minutes\" \/>\n<script type=\"application\/ld+json\" class=\"yoast-schema-graph\">{\"@context\":\"https:\\\/\\\/schema.org\",\"@graph\":[{\"@type\":\"Article\",\"@id\":\"https:\\\/\\\/www.udc-chablais.ch\\\/?p=1778#article\",\"isPartOf\":{\"@id\":\"https:\\\/\\\/www.udc-chablais.ch\\\/?p=1778\"},\"author\":{\"name\":\"webmaster\",\"@id\":\"https:\\\/\\\/www.udc-chablais.ch\\\/#\\\/schema\\\/person\\\/b62eaf6c7a833297cce77dfb363e9fa3\"},\"headline\":\"L\u2019UDC obtient un succ\u00e8s en faveur d\u2019une agriculture indig\u00e8ne de qualit\u00e9\",\"datePublished\":\"2021-06-03T20:32:00+00:00\",\"dateModified\":\"2021-06-07T20:33:43+00:00\",\"mainEntityOfPage\":{\"@id\":\"https:\\\/\\\/www.udc-chablais.ch\\\/?p=1778\"},\"wordCount\":353,\"publisher\":{\"@id\":\"https:\\\/\\\/www.udc-chablais.ch\\\/#organization\"},\"image\":{\"@id\":\"https:\\\/\\\/www.udc-chablais.ch\\\/?p=1778#primaryimage\"},\"thumbnailUrl\":\"https:\\\/\\\/www.udc-chablais.ch\\\/wp-content\\\/uploads\\\/traktor_7-720x405-1.jpg\",\"articleSection\":[\"Grand Conseil\",\"Vaud\"],\"inLanguage\":\"fr-FR\"},{\"@type\":\"WebPage\",\"@id\":\"https:\\\/\\\/www.udc-chablais.ch\\\/?p=1778\",\"url\":\"https:\\\/\\\/www.udc-chablais.ch\\\/?p=1778\",\"name\":\"UDC Chablais &#8226; L\u2019UDC obtient un succ\u00e8s en faveur d\u2019une agriculture indig\u00e8ne de qualit\u00e9\",\"isPartOf\":{\"@id\":\"https:\\\/\\\/www.udc-chablais.ch\\\/#website\"},\"primaryImageOfPage\":{\"@id\":\"https:\\\/\\\/www.udc-chablais.ch\\\/?p=1778#primaryimage\"},\"image\":{\"@id\":\"https:\\\/\\\/www.udc-chablais.ch\\\/?p=1778#primaryimage\"},\"thumbnailUrl\":\"https:\\\/\\\/www.udc-chablais.ch\\\/wp-content\\\/uploads\\\/traktor_7-720x405-1.jpg\",\"datePublished\":\"2021-06-03T20:32:00+00:00\",\"dateModified\":\"2021-06-07T20:33:43+00:00\",\"breadcrumb\":{\"@id\":\"https:\\\/\\\/www.udc-chablais.ch\\\/?p=1778#breadcrumb\"},\"inLanguage\":\"fr-FR\",\"potentialAction\":[{\"@type\":\"ReadAction\",\"target\":[\"https:\\\/\\\/www.udc-chablais.ch\\\/?p=1778\"]}]},{\"@type\":\"ImageObject\",\"inLanguage\":\"fr-FR\",\"@id\":\"https:\\\/\\\/www.udc-chablais.ch\\\/?p=1778#primaryimage\",\"url\":\"https:\\\/\\\/www.udc-chablais.ch\\\/wp-content\\\/uploads\\\/traktor_7-720x405-1.jpg\",\"contentUrl\":\"https:\\\/\\\/www.udc-chablais.ch\\\/wp-content\\\/uploads\\\/traktor_7-720x405-1.jpg\",\"width\":720,\"height\":405},{\"@type\":\"BreadcrumbList\",\"@id\":\"https:\\\/\\\/www.udc-chablais.ch\\\/?p=1778#breadcrumb\",\"itemListElement\":[{\"@type\":\"ListItem\",\"position\":1,\"name\":\"Accueil\",\"item\":\"https:\\\/\\\/www.udc-chablais.ch\\\/\"},{\"@type\":\"ListItem\",\"position\":2,\"name\":\"L\u2019UDC obtient un succ\u00e8s en faveur d\u2019une agriculture indig\u00e8ne de qualit\u00e9\"}]},{\"@type\":\"WebSite\",\"@id\":\"https:\\\/\\\/www.udc-chablais.ch\\\/#website\",\"url\":\"https:\\\/\\\/www.udc-chablais.ch\\\/\",\"name\":\"UDC Chablais\",\"description\":\"Une politique, la r\u00e9gion en plus\",\"publisher\":{\"@id\":\"https:\\\/\\\/www.udc-chablais.ch\\\/#organization\"},\"potentialAction\":[{\"@type\":\"SearchAction\",\"target\":{\"@type\":\"EntryPoint\",\"urlTemplate\":\"https:\\\/\\\/www.udc-chablais.ch\\\/?s={search_term_string}\"},\"query-input\":{\"@type\":\"PropertyValueSpecification\",\"valueRequired\":true,\"valueName\":\"search_term_string\"}}],\"inLanguage\":\"fr-FR\"},{\"@type\":\"Organization\",\"@id\":\"https:\\\/\\\/www.udc-chablais.ch\\\/#organization\",\"name\":\"UDC Chablais\",\"url\":\"https:\\\/\\\/www.udc-chablais.ch\\\/\",\"logo\":{\"@type\":\"ImageObject\",\"inLanguage\":\"fr-FR\",\"@id\":\"https:\\\/\\\/www.udc-chablais.ch\\\/#\\\/schema\\\/logo\\\/image\\\/\",\"url\":\"https:\\\/\\\/www.udc-chablais.ch\\\/wp-content\\\/uploads\\\/udc_chablais_logo_new_travail.jpg\",\"contentUrl\":\"https:\\\/\\\/www.udc-chablais.ch\\\/wp-content\\\/uploads\\\/udc_chablais_logo_new_travail.jpg\",\"width\":150,\"height\":150,\"caption\":\"UDC Chablais\"},\"image\":{\"@id\":\"https:\\\/\\\/www.udc-chablais.ch\\\/#\\\/schema\\\/logo\\\/image\\\/\"}},{\"@type\":\"Person\",\"@id\":\"https:\\\/\\\/www.udc-chablais.ch\\\/#\\\/schema\\\/person\\\/b62eaf6c7a833297cce77dfb363e9fa3\",\"name\":\"webmaster\",\"sameAs\":[\"http:\\\/\\\/www.dylankarlen.ch\"],\"url\":\"https:\\\/\\\/www.udc-chablais.ch\\\/?author=1\"}]}<\/script>\n<!-- \/ Yoast SEO plugin. -->","yoast_head_json":{"title":"UDC Chablais &#8226; L\u2019UDC obtient un succ\u00e8s en faveur d\u2019une agriculture indig\u00e8ne de qualit\u00e9","robots":{"index":"index","follow":"follow","max-snippet":"max-snippet:-1","max-image-preview":"max-image-preview:large","max-video-preview":"max-video-preview:-1"},"canonical":"https:\/\/www.udc-chablais.ch\/?p=1778","og_locale":"fr_FR","og_type":"article","og_title":"UDC Chablais &#8226; L\u2019UDC obtient un succ\u00e8s en faveur d\u2019une agriculture indig\u00e8ne de qualit\u00e9","og_description":"Notre parti se f\u00e9licite de l\u2019acceptation en commission du postulat du d\u00e9put\u00e9 Jean-Bernard Chevalley d\u00e9pos\u00e9 au nom du groupe UDC afin de garantir une agriculture seine et indig\u00e8ne notamment face aux menaces des deux initiatives phytos soumises au vote le 13 juin prochain. Par cette action, l\u2019UDC r\u00e9it\u00e8re son soutien \u00e0 l\u2019agriculture vaudoise rappelle la [&hellip;]","og_url":"https:\/\/www.udc-chablais.ch\/?p=1778","og_site_name":"UDC Chablais","article_published_time":"2021-06-03T20:32:00+00:00","article_modified_time":"2021-06-07T20:33:43+00:00","og_image":[{"width":720,"height":405,"url":"https:\/\/www.udc-chablais.ch\/wp-content\/uploads\/traktor_7-720x405-1.jpg","type":"image\/jpeg"}],"author":"webmaster","twitter_card":"summary_large_image","twitter_misc":{"\u00c9crit par":"webmaster","Dur\u00e9e de lecture estim\u00e9e":"2 minutes"},"schema":{"@context":"https:\/\/schema.org","@graph":[{"@type":"Article","@id":"https:\/\/www.udc-chablais.ch\/?p=1778#article","isPartOf":{"@id":"https:\/\/www.udc-chablais.ch\/?p=1778"},"author":{"name":"webmaster","@id":"https:\/\/www.udc-chablais.ch\/#\/schema\/person\/b62eaf6c7a833297cce77dfb363e9fa3"},"headline":"L\u2019UDC obtient un succ\u00e8s en faveur d\u2019une agriculture indig\u00e8ne de qualit\u00e9","datePublished":"2021-06-03T20:32:00+00:00","dateModified":"2021-06-07T20:33:43+00:00","mainEntityOfPage":{"@id":"https:\/\/www.udc-chablais.ch\/?p=1778"},"wordCount":353,"publisher":{"@id":"https:\/\/www.udc-chablais.ch\/#organization"},"image":{"@id":"https:\/\/www.udc-chablais.ch\/?p=1778#primaryimage"},"thumbnailUrl":"https:\/\/www.udc-chablais.ch\/wp-content\/uploads\/traktor_7-720x405-1.jpg","articleSection":["Grand Conseil","Vaud"],"inLanguage":"fr-FR"},{"@type":"WebPage","@id":"https:\/\/www.udc-chablais.ch\/?p=1778","url":"https:\/\/www.udc-chablais.ch\/?p=1778","name":"UDC Chablais &#8226; L\u2019UDC obtient un succ\u00e8s en faveur d\u2019une agriculture indig\u00e8ne de qualit\u00e9","isPartOf":{"@id":"https:\/\/www.udc-chablais.ch\/#website"},"primaryImageOfPage":{"@id":"https:\/\/www.udc-chablais.ch\/?p=1778#primaryimage"},"image":{"@id":"https:\/\/www.udc-chablais.ch\/?p=1778#primaryimage"},"thumbnailUrl":"https:\/\/www.udc-chablais.ch\/wp-content\/uploads\/traktor_7-720x405-1.jpg","datePublished":"2021-06-03T20:32:00+00:00","dateModified":"2021-06-07T20:33:43+00:00","breadcrumb":{"@id":"https:\/\/www.udc-chablais.ch\/?p=1778#breadcrumb"},"inLanguage":"fr-FR","potentialAction":[{"@type":"ReadAction","target":["https:\/\/www.udc-chablais.ch\/?p=1778"]}]},{"@type":"ImageObject","inLanguage":"fr-FR","@id":"https:\/\/www.udc-chablais.ch\/?p=1778#primaryimage","url":"https:\/\/www.udc-chablais.ch\/wp-content\/uploads\/traktor_7-720x405-1.jpg","contentUrl":"https:\/\/www.udc-chablais.ch\/wp-content\/uploads\/traktor_7-720x405-1.jpg","width":720,"height":405},{"@type":"BreadcrumbList","@id":"https:\/\/www.udc-chablais.ch\/?p=1778#breadcrumb","itemListElement":[{"@type":"ListItem","position":1,"name":"Accueil","item":"https:\/\/www.udc-chablais.ch\/"},{"@type":"ListItem","position":2,"name":"L\u2019UDC obtient un succ\u00e8s en faveur d\u2019une agriculture indig\u00e8ne de qualit\u00e9"}]},{"@type":"WebSite","@id":"https:\/\/www.udc-chablais.ch\/#website","url":"https:\/\/www.udc-chablais.ch\/","name":"UDC Chablais","description":"Une politique, la r\u00e9gion en plus","publisher":{"@id":"https:\/\/www.udc-chablais.ch\/#organization"},"potentialAction":[{"@type":"SearchAction","target":{"@type":"EntryPoint","urlTemplate":"https:\/\/www.udc-chablais.ch\/?s={search_term_string}"},"query-input":{"@type":"PropertyValueSpecification","valueRequired":true,"valueName":"search_term_string"}}],"inLanguage":"fr-FR"},{"@type":"Organization","@id":"https:\/\/www.udc-chablais.ch\/#organization","name":"UDC Chablais","url":"https:\/\/www.udc-chablais.ch\/","logo":{"@type":"ImageObject","inLanguage":"fr-FR","@id":"https:\/\/www.udc-chablais.ch\/#\/schema\/logo\/image\/","url":"https:\/\/www.udc-chablais.ch\/wp-content\/uploads\/udc_chablais_logo_new_travail.jpg","contentUrl":"https:\/\/www.udc-chablais.ch\/wp-content\/uploads\/udc_chablais_logo_new_travail.jpg","width":150,"height":150,"caption":"UDC Chablais"},"image":{"@id":"https:\/\/www.udc-chablais.ch\/#\/schema\/logo\/image\/"}},{"@type":"Person","@id":"https:\/\/www.udc-chablais.ch\/#\/schema\/person\/b62eaf6c7a833297cce77dfb363e9fa3","name":"webmaster","sameAs":["http:\/\/www.dylankarlen.ch"],"url":"https:\/\/www.udc-chablais.ch\/?author=1"}]}},"_links":{"self":[{"href":"https:\/\/www.udc-chablais.ch\/index.php?rest_route=\/wp\/v2\/posts\/1778","targetHints":{"allow":["GET"]}}],"collection":[{"href":"https:\/\/www.udc-chablais.ch\/index.php?rest_route=\/wp\/v2\/posts"}],"about":[{"href":"https:\/\/www.udc-chablais.ch\/index.php?rest_route=\/wp\/v2\/types\/post"}],"author":[{"embeddable":true,"href":"https:\/\/www.udc-chablais.ch\/index.php?rest_route=\/wp\/v2\/users\/1"}],"replies":[{"embeddable":true,"href":"https:\/\/www.udc-chablais.ch\/index.php?rest_route=%2Fwp%2Fv2%2Fcomments&post=1778"}],"version-history":[{"count":1,"href":"https:\/\/www.udc-chablais.ch\/index.php?rest_route=\/wp\/v2\/posts\/1778\/revisions"}],"predecessor-version":[{"id":1779,"href":"https:\/\/www.udc-chablais.ch\/index.php?rest_route=\/wp\/v2\/posts\/1778\/revisions\/1779"}],"wp:featuredmedia":[{"embeddable":true,"href":"https:\/\/www.udc-chablais.ch\/index.php?rest_route=\/wp\/v2\/media\/1776"}],"wp:attachment":[{"href":"https:\/\/www.udc-chablais.ch\/index.php?rest_route=%2Fwp%2Fv2%2Fmedia&parent=1778"}],"wp:term":[{"taxonomy":"category","embeddable":true,"href":"https:\/\/www.udc-chablais.ch\/index.php?rest_route=%2Fwp%2Fv2%2Fcategories&post=1778"},{"taxonomy":"post_tag","embeddable":true,"href":"https:\/\/www.udc-chablais.ch\/index.php?rest_route=%2Fwp%2Fv2%2Ftags&post=1778"}],"curies":[{"name":"wp","href":"https:\/\/api.w.org\/{rel}","templated":true}]}}