{"id":1806,"date":"2021-07-30T17:29:00","date_gmt":"2021-07-30T16:29:00","guid":{"rendered":"https:\/\/www.udc-chablais.ch\/?p=1806"},"modified":"2021-08-24T17:35:00","modified_gmt":"2021-08-24T16:35:00","slug":"le-loup-est-dans-la-bergerie-quattend-le-berger-pour-le-chasser","status":"publish","type":"post","link":"https:\/\/www.udc-chablais.ch\/?p=1806","title":{"rendered":"Le loup est dans la bergerie : qu&rsquo;attend le berger pour le chasser ?"},"content":{"rendered":"\n<p>E<strong>n l\u2019espace de quelques jours, pas moins de cinq attaques de loups contre du b\u00e9tail, principalement des veaux, ont \u00e9t\u00e9 recens\u00e9es le long du Jura vaudois. Le d\u00e9put\u00e9 de Bassins et agriculteur Maurice Treboux a d\u00fb d\u00e9plorer la mort d\u2019un jeune veau de huit mois, litt\u00e9ralement massacr\u00e9 sur son alpage, le 27 juillet dernier. L\u2019UDC Vaud demande que le Conseil d\u2019\u00c9tat prenne des mesures urgentes pour \u00e9viter que le carnage continue.<\/strong><\/p>\n\n\n\n<p>Depuis plusieurs ann\u00e9es, l\u2019UDC ainsi que d\u2019autres acteurs de la vie agricole et rurale mettent en garde contre la r\u00e9introduction tol\u00e9r\u00e9e du loup dans les Alpes et le Jura suisses. Il est de notori\u00e9t\u00e9 publique que ce pr\u00e9dateur s\u2019en prend fr\u00e9quemment au b\u00e9tail dans les alpages en laissant parfois un v\u00e9ritable carnage derri\u00e8re lui.<\/p>\n\n\n\n<p>D\u00e9sormais, les Vaudoises et les Vaudois ont la d\u00e9monstration que les craintes et avertissements de l\u2019UDC \u00e9taient totalement fond\u00e9s. Il est inadmissible que de nombreux veaux et leurs propri\u00e9taires soient les victimes d\u2019une vision dogmatique de l\u2019environnement de la sauvegarde de l\u2019\u00e9cosyst\u00e8me. L\u2019UDC Vaud demande que le Conseil d\u2019\u00c9tat prenne des mesures imm\u00e9diates pour prot\u00e9ger le b\u00e9tail des attaques du loup et pr\u00e9venir d\u2019un possible carnage dans les alpages vaudois.<\/p>\n\n\n\n<p><strong>Tout laisse penser que le loup continuera \u00e0 tuer<\/strong><\/p>\n\n\n\n<p>\u00ab&nbsp;En tr\u00e8s peu de temps, pas moins de cinq bovins sont morts \u00e0 la suite d\u2019attaques de loup dans le secteur du Pied-du-Jura et de la Vall\u00e9e de Joux. Si rien n\u2019est rapidement entrepris par le Conseil d\u2019\u00c9tat, on peut redouter que les pertes animales soient nombreuses d\u2019ici quelques mois. Il faut agir rapidement pour prot\u00e9ger nos troupeaux avant que la situation ne devienne incontr\u00f4lable&nbsp;\u00bb, pr\u00e9vient le d\u00e9put\u00e9 de Montricher et agriculteur Sylvain Freymond.<\/p>\n\n\n\n<p>L\u2019UDC demande donc que le Conseil d\u2019\u00c9tat autorise des mesures urgentes de protection des troupeaux contre le loup, respectivement qu\u2019il autorise le tir, afin de mettre un terme \u00e0 ce carnage. De plus et de mani\u00e8re compl\u00e9mentaire, le groupe UDC au Grand Conseil \u2013 malgr\u00e9 ses nombreux avertissements et ses propositions pass\u00e9es \u2013 interviendra une nouvelle fois \u00e0 la rentr\u00e9e politique en esp\u00e9rant enfin \u00eatre entendu et permettre la fin de ces carnages dans les troupeaux des alpages vaudois et la mort d\u2019animaux dans d\u2019atroces souffrances.<\/p>\n","protected":false},"excerpt":{"rendered":"<p>En l\u2019espace de quelques jours, pas moins de cinq attaques de loups contre du b\u00e9tail, principalement des veaux, ont \u00e9t\u00e9 recens\u00e9es le long du Jura vaudois. Le d\u00e9put\u00e9 de Bassins et agriculteur Maurice Treboux a d\u00fb d\u00e9plorer la mort d\u2019un jeune veau de huit mois, litt\u00e9ralement massacr\u00e9 sur son alpage, le 27 juillet dernier. L\u2019UDC [&hellip;]<\/p>\n","protected":false},"author":1,"featured_media":1807,"comment_status":"closed","ping_status":"closed","sticky":false,"template":"","format":"standard","meta":{"footnotes":""},"categories":[14,97],"tags":[],"class_list":["post-1806","post","type-post","status-publish","format-standard","has-post-thumbnail","hentry","category-grandconseil","category-vaud"],"yoast_head":"<!-- This site is optimized with the Yoast SEO plugin v27.4 - https:\/\/yoast.com\/product\/yoast-seo-wordpress\/ -->\n<title>UDC Chablais &#8226; Le loup est dans la bergerie : qu&#039;attend le berger pour le chasser ?<\/title>\n<meta name=\"robots\" content=\"index, follow, max-snippet:-1, max-image-preview:large, max-video-preview:-1\" \/>\n<link rel=\"canonical\" href=\"https:\/\/www.udc-chablais.ch\/?p=1806\" \/>\n<meta property=\"og:locale\" content=\"fr_FR\" \/>\n<meta property=\"og:type\" content=\"article\" \/>\n<meta property=\"og:title\" content=\"UDC Chablais &#8226; Le loup est dans la bergerie : qu&#039;attend le berger pour le chasser ?\" \/>\n<meta property=\"og:description\" content=\"En l\u2019espace de quelques jours, pas moins de cinq attaques de loups contre du b\u00e9tail, principalement des veaux, ont \u00e9t\u00e9 recens\u00e9es le long du Jura vaudois. Le d\u00e9put\u00e9 de Bassins et agriculteur Maurice Treboux a d\u00fb d\u00e9plorer la mort d\u2019un jeune veau de huit mois, litt\u00e9ralement massacr\u00e9 sur son alpage, le 27 juillet dernier. L\u2019UDC [&hellip;]\" \/>\n<meta property=\"og:url\" content=\"https:\/\/www.udc-chablais.ch\/?p=1806\" \/>\n<meta property=\"og:site_name\" content=\"UDC Chablais\" \/>\n<meta property=\"article:published_time\" content=\"2021-07-30T16:29:00+00:00\" \/>\n<meta property=\"article:modified_time\" content=\"2021-08-24T16:35:00+00:00\" \/>\n<meta property=\"og:image\" content=\"https:\/\/www.udc-chablais.ch\/wp-content\/uploads\/margot-noyelle-Jx6jFjR_i9A-unsplash-720x405-1.jpg\" \/>\n\t<meta property=\"og:image:width\" content=\"720\" \/>\n\t<meta property=\"og:image:height\" content=\"405\" \/>\n\t<meta property=\"og:image:type\" content=\"image\/jpeg\" \/>\n<meta name=\"author\" content=\"webmaster\" \/>\n<meta name=\"twitter:card\" content=\"summary_large_image\" \/>\n<meta name=\"twitter:label1\" content=\"\u00c9crit par\" \/>\n\t<meta name=\"twitter:data1\" content=\"webmaster\" \/>\n\t<meta name=\"twitter:label2\" content=\"Dur\u00e9e de lecture estim\u00e9e\" \/>\n\t<meta name=\"twitter:data2\" content=\"2 minutes\" \/>\n<script type=\"application\/ld+json\" class=\"yoast-schema-graph\">{\"@context\":\"https:\\\/\\\/schema.org\",\"@graph\":[{\"@type\":\"Article\",\"@id\":\"https:\\\/\\\/www.udc-chablais.ch\\\/?p=1806#article\",\"isPartOf\":{\"@id\":\"https:\\\/\\\/www.udc-chablais.ch\\\/?p=1806\"},\"author\":{\"name\":\"webmaster\",\"@id\":\"https:\\\/\\\/www.udc-chablais.ch\\\/#\\\/schema\\\/person\\\/b62eaf6c7a833297cce77dfb363e9fa3\"},\"headline\":\"Le loup est dans la bergerie : qu&rsquo;attend le berger pour le chasser ?\",\"datePublished\":\"2021-07-30T16:29:00+00:00\",\"dateModified\":\"2021-08-24T16:35:00+00:00\",\"mainEntityOfPage\":{\"@id\":\"https:\\\/\\\/www.udc-chablais.ch\\\/?p=1806\"},\"wordCount\":430,\"publisher\":{\"@id\":\"https:\\\/\\\/www.udc-chablais.ch\\\/#organization\"},\"image\":{\"@id\":\"https:\\\/\\\/www.udc-chablais.ch\\\/?p=1806#primaryimage\"},\"thumbnailUrl\":\"https:\\\/\\\/www.udc-chablais.ch\\\/wp-content\\\/uploads\\\/margot-noyelle-Jx6jFjR_i9A-unsplash-720x405-1.jpg\",\"articleSection\":[\"Grand Conseil\",\"Vaud\"],\"inLanguage\":\"fr-FR\"},{\"@type\":\"WebPage\",\"@id\":\"https:\\\/\\\/www.udc-chablais.ch\\\/?p=1806\",\"url\":\"https:\\\/\\\/www.udc-chablais.ch\\\/?p=1806\",\"name\":\"UDC Chablais &#8226; Le loup est dans la bergerie : qu'attend le berger pour le chasser ?\",\"isPartOf\":{\"@id\":\"https:\\\/\\\/www.udc-chablais.ch\\\/#website\"},\"primaryImageOfPage\":{\"@id\":\"https:\\\/\\\/www.udc-chablais.ch\\\/?p=1806#primaryimage\"},\"image\":{\"@id\":\"https:\\\/\\\/www.udc-chablais.ch\\\/?p=1806#primaryimage\"},\"thumbnailUrl\":\"https:\\\/\\\/www.udc-chablais.ch\\\/wp-content\\\/uploads\\\/margot-noyelle-Jx6jFjR_i9A-unsplash-720x405-1.jpg\",\"datePublished\":\"2021-07-30T16:29:00+00:00\",\"dateModified\":\"2021-08-24T16:35:00+00:00\",\"breadcrumb\":{\"@id\":\"https:\\\/\\\/www.udc-chablais.ch\\\/?p=1806#breadcrumb\"},\"inLanguage\":\"fr-FR\",\"potentialAction\":[{\"@type\":\"ReadAction\",\"target\":[\"https:\\\/\\\/www.udc-chablais.ch\\\/?p=1806\"]}]},{\"@type\":\"ImageObject\",\"inLanguage\":\"fr-FR\",\"@id\":\"https:\\\/\\\/www.udc-chablais.ch\\\/?p=1806#primaryimage\",\"url\":\"https:\\\/\\\/www.udc-chablais.ch\\\/wp-content\\\/uploads\\\/margot-noyelle-Jx6jFjR_i9A-unsplash-720x405-1.jpg\",\"contentUrl\":\"https:\\\/\\\/www.udc-chablais.ch\\\/wp-content\\\/uploads\\\/margot-noyelle-Jx6jFjR_i9A-unsplash-720x405-1.jpg\",\"width\":720,\"height\":405},{\"@type\":\"BreadcrumbList\",\"@id\":\"https:\\\/\\\/www.udc-chablais.ch\\\/?p=1806#breadcrumb\",\"itemListElement\":[{\"@type\":\"ListItem\",\"position\":1,\"name\":\"Accueil\",\"item\":\"https:\\\/\\\/www.udc-chablais.ch\\\/\"},{\"@type\":\"ListItem\",\"position\":2,\"name\":\"Le loup est dans la bergerie : qu&rsquo;attend le berger pour le chasser ?\"}]},{\"@type\":\"WebSite\",\"@id\":\"https:\\\/\\\/www.udc-chablais.ch\\\/#website\",\"url\":\"https:\\\/\\\/www.udc-chablais.ch\\\/\",\"name\":\"UDC Chablais\",\"description\":\"Une politique, la r\u00e9gion en plus\",\"publisher\":{\"@id\":\"https:\\\/\\\/www.udc-chablais.ch\\\/#organization\"},\"potentialAction\":[{\"@type\":\"SearchAction\",\"target\":{\"@type\":\"EntryPoint\",\"urlTemplate\":\"https:\\\/\\\/www.udc-chablais.ch\\\/?s={search_term_string}\"},\"query-input\":{\"@type\":\"PropertyValueSpecification\",\"valueRequired\":true,\"valueName\":\"search_term_string\"}}],\"inLanguage\":\"fr-FR\"},{\"@type\":\"Organization\",\"@id\":\"https:\\\/\\\/www.udc-chablais.ch\\\/#organization\",\"name\":\"UDC Chablais\",\"url\":\"https:\\\/\\\/www.udc-chablais.ch\\\/\",\"logo\":{\"@type\":\"ImageObject\",\"inLanguage\":\"fr-FR\",\"@id\":\"https:\\\/\\\/www.udc-chablais.ch\\\/#\\\/schema\\\/logo\\\/image\\\/\",\"url\":\"https:\\\/\\\/www.udc-chablais.ch\\\/wp-content\\\/uploads\\\/udc_chablais_logo_new_travail.jpg\",\"contentUrl\":\"https:\\\/\\\/www.udc-chablais.ch\\\/wp-content\\\/uploads\\\/udc_chablais_logo_new_travail.jpg\",\"width\":150,\"height\":150,\"caption\":\"UDC Chablais\"},\"image\":{\"@id\":\"https:\\\/\\\/www.udc-chablais.ch\\\/#\\\/schema\\\/logo\\\/image\\\/\"}},{\"@type\":\"Person\",\"@id\":\"https:\\\/\\\/www.udc-chablais.ch\\\/#\\\/schema\\\/person\\\/b62eaf6c7a833297cce77dfb363e9fa3\",\"name\":\"webmaster\",\"sameAs\":[\"http:\\\/\\\/www.dylankarlen.ch\"],\"url\":\"https:\\\/\\\/www.udc-chablais.ch\\\/?author=1\"}]}<\/script>\n<!-- \/ Yoast SEO plugin. -->","yoast_head_json":{"title":"UDC Chablais &#8226; Le loup est dans la bergerie : qu'attend le berger pour le chasser ?","robots":{"index":"index","follow":"follow","max-snippet":"max-snippet:-1","max-image-preview":"max-image-preview:large","max-video-preview":"max-video-preview:-1"},"canonical":"https:\/\/www.udc-chablais.ch\/?p=1806","og_locale":"fr_FR","og_type":"article","og_title":"UDC Chablais &#8226; Le loup est dans la bergerie : qu'attend le berger pour le chasser ?","og_description":"En l\u2019espace de quelques jours, pas moins de cinq attaques de loups contre du b\u00e9tail, principalement des veaux, ont \u00e9t\u00e9 recens\u00e9es le long du Jura vaudois. Le d\u00e9put\u00e9 de Bassins et agriculteur Maurice Treboux a d\u00fb d\u00e9plorer la mort d\u2019un jeune veau de huit mois, litt\u00e9ralement massacr\u00e9 sur son alpage, le 27 juillet dernier. L\u2019UDC [&hellip;]","og_url":"https:\/\/www.udc-chablais.ch\/?p=1806","og_site_name":"UDC Chablais","article_published_time":"2021-07-30T16:29:00+00:00","article_modified_time":"2021-08-24T16:35:00+00:00","og_image":[{"width":720,"height":405,"url":"https:\/\/www.udc-chablais.ch\/wp-content\/uploads\/margot-noyelle-Jx6jFjR_i9A-unsplash-720x405-1.jpg","type":"image\/jpeg"}],"author":"webmaster","twitter_card":"summary_large_image","twitter_misc":{"\u00c9crit par":"webmaster","Dur\u00e9e de lecture estim\u00e9e":"2 minutes"},"schema":{"@context":"https:\/\/schema.org","@graph":[{"@type":"Article","@id":"https:\/\/www.udc-chablais.ch\/?p=1806#article","isPartOf":{"@id":"https:\/\/www.udc-chablais.ch\/?p=1806"},"author":{"name":"webmaster","@id":"https:\/\/www.udc-chablais.ch\/#\/schema\/person\/b62eaf6c7a833297cce77dfb363e9fa3"},"headline":"Le loup est dans la bergerie : qu&rsquo;attend le berger pour le chasser ?","datePublished":"2021-07-30T16:29:00+00:00","dateModified":"2021-08-24T16:35:00+00:00","mainEntityOfPage":{"@id":"https:\/\/www.udc-chablais.ch\/?p=1806"},"wordCount":430,"publisher":{"@id":"https:\/\/www.udc-chablais.ch\/#organization"},"image":{"@id":"https:\/\/www.udc-chablais.ch\/?p=1806#primaryimage"},"thumbnailUrl":"https:\/\/www.udc-chablais.ch\/wp-content\/uploads\/margot-noyelle-Jx6jFjR_i9A-unsplash-720x405-1.jpg","articleSection":["Grand Conseil","Vaud"],"inLanguage":"fr-FR"},{"@type":"WebPage","@id":"https:\/\/www.udc-chablais.ch\/?p=1806","url":"https:\/\/www.udc-chablais.ch\/?p=1806","name":"UDC Chablais &#8226; Le loup est dans la bergerie : qu'attend le berger pour le chasser ?","isPartOf":{"@id":"https:\/\/www.udc-chablais.ch\/#website"},"primaryImageOfPage":{"@id":"https:\/\/www.udc-chablais.ch\/?p=1806#primaryimage"},"image":{"@id":"https:\/\/www.udc-chablais.ch\/?p=1806#primaryimage"},"thumbnailUrl":"https:\/\/www.udc-chablais.ch\/wp-content\/uploads\/margot-noyelle-Jx6jFjR_i9A-unsplash-720x405-1.jpg","datePublished":"2021-07-30T16:29:00+00:00","dateModified":"2021-08-24T16:35:00+00:00","breadcrumb":{"@id":"https:\/\/www.udc-chablais.ch\/?p=1806#breadcrumb"},"inLanguage":"fr-FR","potentialAction":[{"@type":"ReadAction","target":["https:\/\/www.udc-chablais.ch\/?p=1806"]}]},{"@type":"ImageObject","inLanguage":"fr-FR","@id":"https:\/\/www.udc-chablais.ch\/?p=1806#primaryimage","url":"https:\/\/www.udc-chablais.ch\/wp-content\/uploads\/margot-noyelle-Jx6jFjR_i9A-unsplash-720x405-1.jpg","contentUrl":"https:\/\/www.udc-chablais.ch\/wp-content\/uploads\/margot-noyelle-Jx6jFjR_i9A-unsplash-720x405-1.jpg","width":720,"height":405},{"@type":"BreadcrumbList","@id":"https:\/\/www.udc-chablais.ch\/?p=1806#breadcrumb","itemListElement":[{"@type":"ListItem","position":1,"name":"Accueil","item":"https:\/\/www.udc-chablais.ch\/"},{"@type":"ListItem","position":2,"name":"Le loup est dans la bergerie : qu&rsquo;attend le berger pour le chasser ?"}]},{"@type":"WebSite","@id":"https:\/\/www.udc-chablais.ch\/#website","url":"https:\/\/www.udc-chablais.ch\/","name":"UDC Chablais","description":"Une politique, la r\u00e9gion en plus","publisher":{"@id":"https:\/\/www.udc-chablais.ch\/#organization"},"potentialAction":[{"@type":"SearchAction","target":{"@type":"EntryPoint","urlTemplate":"https:\/\/www.udc-chablais.ch\/?s={search_term_string}"},"query-input":{"@type":"PropertyValueSpecification","valueRequired":true,"valueName":"search_term_string"}}],"inLanguage":"fr-FR"},{"@type":"Organization","@id":"https:\/\/www.udc-chablais.ch\/#organization","name":"UDC Chablais","url":"https:\/\/www.udc-chablais.ch\/","logo":{"@type":"ImageObject","inLanguage":"fr-FR","@id":"https:\/\/www.udc-chablais.ch\/#\/schema\/logo\/image\/","url":"https:\/\/www.udc-chablais.ch\/wp-content\/uploads\/udc_chablais_logo_new_travail.jpg","contentUrl":"https:\/\/www.udc-chablais.ch\/wp-content\/uploads\/udc_chablais_logo_new_travail.jpg","width":150,"height":150,"caption":"UDC Chablais"},"image":{"@id":"https:\/\/www.udc-chablais.ch\/#\/schema\/logo\/image\/"}},{"@type":"Person","@id":"https:\/\/www.udc-chablais.ch\/#\/schema\/person\/b62eaf6c7a833297cce77dfb363e9fa3","name":"webmaster","sameAs":["http:\/\/www.dylankarlen.ch"],"url":"https:\/\/www.udc-chablais.ch\/?author=1"}]}},"_links":{"self":[{"href":"https:\/\/www.udc-chablais.ch\/index.php?rest_route=\/wp\/v2\/posts\/1806","targetHints":{"allow":["GET"]}}],"collection":[{"href":"https:\/\/www.udc-chablais.ch\/index.php?rest_route=\/wp\/v2\/posts"}],"about":[{"href":"https:\/\/www.udc-chablais.ch\/index.php?rest_route=\/wp\/v2\/types\/post"}],"author":[{"embeddable":true,"href":"https:\/\/www.udc-chablais.ch\/index.php?rest_route=\/wp\/v2\/users\/1"}],"replies":[{"embeddable":true,"href":"https:\/\/www.udc-chablais.ch\/index.php?rest_route=%2Fwp%2Fv2%2Fcomments&post=1806"}],"version-history":[{"count":1,"href":"https:\/\/www.udc-chablais.ch\/index.php?rest_route=\/wp\/v2\/posts\/1806\/revisions"}],"predecessor-version":[{"id":1808,"href":"https:\/\/www.udc-chablais.ch\/index.php?rest_route=\/wp\/v2\/posts\/1806\/revisions\/1808"}],"wp:featuredmedia":[{"embeddable":true,"href":"https:\/\/www.udc-chablais.ch\/index.php?rest_route=\/wp\/v2\/media\/1807"}],"wp:attachment":[{"href":"https:\/\/www.udc-chablais.ch\/index.php?rest_route=%2Fwp%2Fv2%2Fmedia&parent=1806"}],"wp:term":[{"taxonomy":"category","embeddable":true,"href":"https:\/\/www.udc-chablais.ch\/index.php?rest_route=%2Fwp%2Fv2%2Fcategories&post=1806"},{"taxonomy":"post_tag","embeddable":true,"href":"https:\/\/www.udc-chablais.ch\/index.php?rest_route=%2Fwp%2Fv2%2Ftags&post=1806"}],"curies":[{"name":"wp","href":"https:\/\/api.w.org\/{rel}","templated":true}]}}