{"id":1811,"date":"2021-08-31T08:59:43","date_gmt":"2021-08-31T07:59:43","guid":{"rendered":"https:\/\/www.udc-chablais.ch\/?p=1811"},"modified":"2021-08-31T08:59:44","modified_gmt":"2021-08-31T07:59:44","slug":"ludc-chablais-elit-le-depute-dylan-karlen-a-sa-presidence","status":"publish","type":"post","link":"https:\/\/www.udc-chablais.ch\/?p=1811","title":{"rendered":"L\u2019UDC Chablais \u00e9lit le d\u00e9put\u00e9 Dylan Karlen \u00e0 sa pr\u00e9sidence"},"content":{"rendered":"\n<p><strong>R\u00e9unie en Assembl\u00e9e g\u00e9n\u00e9rale extraordinaire lundi 30 ao\u00fbt dernier, la section UDC du district d\u2019Aigle a formellement \u00e9lu le d\u00e9put\u00e9 de Villeneuve Dylan Karlen \u00e0 sa pr\u00e9sidence. En charge par int\u00e9rim depuis le 5 novembre 2020, le Villeneuvois a \u00e9t\u00e9 confirm\u00e9 par l\u2019unanimit\u00e9 de l\u2019assembl\u00e9e et aura pour mission d\u2019organiser et de conduire la campagne pour les \u00e9lections au Grand Conseil du 20 mars 2022.<\/strong><\/p>\n\n\n\n<p>L\u2019UDC Chablais, fond\u00e9e en 2006, a tenu son Assembl\u00e9e g\u00e9n\u00e9rale extraordinaire \u00e0 Noville le lundi 30 ao\u00fbt 2021 afin de renouveler sa pr\u00e9sidence, laiss\u00e9e vacante par la d\u00e9mission de Kevin Grangier, \u00e9lu pr\u00e9sident de l\u2019UDC Vaud en novembre 2019. Apr\u00e8s plusieurs tentatives d\u2019organisation d\u2019une assembl\u00e9e g\u00e9n\u00e9rale en 2020, toutes annul\u00e9es pour des raisons sanitaires, la section a enfin pu tenir s\u00e9ance et a \u00e9lu par acclamation le d\u00e9put\u00e9 villeneuvois.<\/p>\n\n\n\n<p>Pr\u00e9sident-fondateur de l\u2019UDC Chablais de 2006 \u00e0 2016, le nouvel \u00e9lu assurait aussi la pr\u00e9sidence par int\u00e9rim depuis le 5 novembre 2020 suite \u00e0 une d\u00e9cision du comit\u00e9 d\u2019arrondissement.<\/p>\n\n\n\n<p>L\u2019assembl\u00e9e a aussi \u00e9t\u00e9 l\u2019occasion de d\u00e9livrer aux membres du parti quelques informations relatives aux prochaines \u00e9lections cantonales de 2022.<\/p>\n","protected":false},"excerpt":{"rendered":"<p>R\u00e9unie en Assembl\u00e9e g\u00e9n\u00e9rale extraordinaire lundi 30 ao\u00fbt dernier, la section UDC du district d\u2019Aigle a formellement \u00e9lu le d\u00e9put\u00e9 de Villeneuve Dylan Karlen \u00e0 sa pr\u00e9sidence. En charge par int\u00e9rim depuis le 5 novembre 2020, le Villeneuvois a \u00e9t\u00e9 confirm\u00e9 par l\u2019unanimit\u00e9 de l\u2019assembl\u00e9e et aura pour mission d\u2019organiser et de conduire la campagne [&hellip;]<\/p>\n","protected":false},"author":1,"featured_media":1812,"comment_status":"closed","ping_status":"closed","sticky":false,"template":"","format":"standard","meta":{"footnotes":""},"categories":[13],"tags":[],"class_list":["post-1811","post","type-post","status-publish","format-standard","has-post-thumbnail","hentry","category-chablais"],"yoast_head":"<!-- This site is optimized with the Yoast SEO plugin v27.4 - https:\/\/yoast.com\/product\/yoast-seo-wordpress\/ -->\n<title>UDC Chablais &#8226; L\u2019UDC Chablais \u00e9lit le d\u00e9put\u00e9 Dylan Karlen \u00e0 sa pr\u00e9sidence<\/title>\n<meta name=\"robots\" content=\"index, follow, max-snippet:-1, max-image-preview:large, max-video-preview:-1\" \/>\n<link rel=\"canonical\" href=\"https:\/\/www.udc-chablais.ch\/?p=1811\" \/>\n<meta property=\"og:locale\" content=\"fr_FR\" \/>\n<meta property=\"og:type\" content=\"article\" \/>\n<meta property=\"og:title\" content=\"UDC Chablais &#8226; L\u2019UDC Chablais \u00e9lit le d\u00e9put\u00e9 Dylan Karlen \u00e0 sa pr\u00e9sidence\" \/>\n<meta property=\"og:description\" content=\"R\u00e9unie en Assembl\u00e9e g\u00e9n\u00e9rale extraordinaire lundi 30 ao\u00fbt dernier, la section UDC du district d\u2019Aigle a formellement \u00e9lu le d\u00e9put\u00e9 de Villeneuve Dylan Karlen \u00e0 sa pr\u00e9sidence. En charge par int\u00e9rim depuis le 5 novembre 2020, le Villeneuvois a \u00e9t\u00e9 confirm\u00e9 par l\u2019unanimit\u00e9 de l\u2019assembl\u00e9e et aura pour mission d\u2019organiser et de conduire la campagne [&hellip;]\" \/>\n<meta property=\"og:url\" content=\"https:\/\/www.udc-chablais.ch\/?p=1811\" \/>\n<meta property=\"og:site_name\" content=\"UDC Chablais\" \/>\n<meta property=\"article:published_time\" content=\"2021-08-31T07:59:43+00:00\" \/>\n<meta property=\"article:modified_time\" content=\"2021-08-31T07:59:44+00:00\" \/>\n<meta property=\"og:image\" content=\"https:\/\/www.udc-chablais.ch\/wp-content\/uploads\/dk2019_2.jpg\" \/>\n\t<meta property=\"og:image:width\" content=\"800\" \/>\n\t<meta property=\"og:image:height\" content=\"800\" \/>\n\t<meta property=\"og:image:type\" content=\"image\/jpeg\" \/>\n<meta name=\"author\" content=\"webmaster\" \/>\n<meta name=\"twitter:card\" content=\"summary_large_image\" \/>\n<meta name=\"twitter:label1\" content=\"\u00c9crit par\" \/>\n\t<meta name=\"twitter:data1\" content=\"webmaster\" \/>\n\t<meta name=\"twitter:label2\" content=\"Dur\u00e9e de lecture estim\u00e9e\" \/>\n\t<meta name=\"twitter:data2\" content=\"1 minute\" \/>\n<script type=\"application\/ld+json\" class=\"yoast-schema-graph\">{\"@context\":\"https:\\\/\\\/schema.org\",\"@graph\":[{\"@type\":\"Article\",\"@id\":\"https:\\\/\\\/www.udc-chablais.ch\\\/?p=1811#article\",\"isPartOf\":{\"@id\":\"https:\\\/\\\/www.udc-chablais.ch\\\/?p=1811\"},\"author\":{\"name\":\"webmaster\",\"@id\":\"https:\\\/\\\/www.udc-chablais.ch\\\/#\\\/schema\\\/person\\\/b62eaf6c7a833297cce77dfb363e9fa3\"},\"headline\":\"L\u2019UDC Chablais \u00e9lit le d\u00e9put\u00e9 Dylan Karlen \u00e0 sa pr\u00e9sidence\",\"datePublished\":\"2021-08-31T07:59:43+00:00\",\"dateModified\":\"2021-08-31T07:59:44+00:00\",\"mainEntityOfPage\":{\"@id\":\"https:\\\/\\\/www.udc-chablais.ch\\\/?p=1811\"},\"wordCount\":219,\"publisher\":{\"@id\":\"https:\\\/\\\/www.udc-chablais.ch\\\/#organization\"},\"image\":{\"@id\":\"https:\\\/\\\/www.udc-chablais.ch\\\/?p=1811#primaryimage\"},\"thumbnailUrl\":\"https:\\\/\\\/www.udc-chablais.ch\\\/wp-content\\\/uploads\\\/dk2019_2.jpg\",\"articleSection\":[\"Chablais\"],\"inLanguage\":\"fr-FR\"},{\"@type\":\"WebPage\",\"@id\":\"https:\\\/\\\/www.udc-chablais.ch\\\/?p=1811\",\"url\":\"https:\\\/\\\/www.udc-chablais.ch\\\/?p=1811\",\"name\":\"UDC Chablais &#8226; L\u2019UDC Chablais \u00e9lit le d\u00e9put\u00e9 Dylan Karlen \u00e0 sa pr\u00e9sidence\",\"isPartOf\":{\"@id\":\"https:\\\/\\\/www.udc-chablais.ch\\\/#website\"},\"primaryImageOfPage\":{\"@id\":\"https:\\\/\\\/www.udc-chablais.ch\\\/?p=1811#primaryimage\"},\"image\":{\"@id\":\"https:\\\/\\\/www.udc-chablais.ch\\\/?p=1811#primaryimage\"},\"thumbnailUrl\":\"https:\\\/\\\/www.udc-chablais.ch\\\/wp-content\\\/uploads\\\/dk2019_2.jpg\",\"datePublished\":\"2021-08-31T07:59:43+00:00\",\"dateModified\":\"2021-08-31T07:59:44+00:00\",\"breadcrumb\":{\"@id\":\"https:\\\/\\\/www.udc-chablais.ch\\\/?p=1811#breadcrumb\"},\"inLanguage\":\"fr-FR\",\"potentialAction\":[{\"@type\":\"ReadAction\",\"target\":[\"https:\\\/\\\/www.udc-chablais.ch\\\/?p=1811\"]}]},{\"@type\":\"ImageObject\",\"inLanguage\":\"fr-FR\",\"@id\":\"https:\\\/\\\/www.udc-chablais.ch\\\/?p=1811#primaryimage\",\"url\":\"https:\\\/\\\/www.udc-chablais.ch\\\/wp-content\\\/uploads\\\/dk2019_2.jpg\",\"contentUrl\":\"https:\\\/\\\/www.udc-chablais.ch\\\/wp-content\\\/uploads\\\/dk2019_2.jpg\",\"width\":800,\"height\":800},{\"@type\":\"BreadcrumbList\",\"@id\":\"https:\\\/\\\/www.udc-chablais.ch\\\/?p=1811#breadcrumb\",\"itemListElement\":[{\"@type\":\"ListItem\",\"position\":1,\"name\":\"Accueil\",\"item\":\"https:\\\/\\\/www.udc-chablais.ch\\\/\"},{\"@type\":\"ListItem\",\"position\":2,\"name\":\"L\u2019UDC Chablais \u00e9lit le d\u00e9put\u00e9 Dylan Karlen \u00e0 sa pr\u00e9sidence\"}]},{\"@type\":\"WebSite\",\"@id\":\"https:\\\/\\\/www.udc-chablais.ch\\\/#website\",\"url\":\"https:\\\/\\\/www.udc-chablais.ch\\\/\",\"name\":\"UDC Chablais\",\"description\":\"Une politique, la r\u00e9gion en plus\",\"publisher\":{\"@id\":\"https:\\\/\\\/www.udc-chablais.ch\\\/#organization\"},\"potentialAction\":[{\"@type\":\"SearchAction\",\"target\":{\"@type\":\"EntryPoint\",\"urlTemplate\":\"https:\\\/\\\/www.udc-chablais.ch\\\/?s={search_term_string}\"},\"query-input\":{\"@type\":\"PropertyValueSpecification\",\"valueRequired\":true,\"valueName\":\"search_term_string\"}}],\"inLanguage\":\"fr-FR\"},{\"@type\":\"Organization\",\"@id\":\"https:\\\/\\\/www.udc-chablais.ch\\\/#organization\",\"name\":\"UDC Chablais\",\"url\":\"https:\\\/\\\/www.udc-chablais.ch\\\/\",\"logo\":{\"@type\":\"ImageObject\",\"inLanguage\":\"fr-FR\",\"@id\":\"https:\\\/\\\/www.udc-chablais.ch\\\/#\\\/schema\\\/logo\\\/image\\\/\",\"url\":\"https:\\\/\\\/www.udc-chablais.ch\\\/wp-content\\\/uploads\\\/udc_chablais_logo_new_travail.jpg\",\"contentUrl\":\"https:\\\/\\\/www.udc-chablais.ch\\\/wp-content\\\/uploads\\\/udc_chablais_logo_new_travail.jpg\",\"width\":150,\"height\":150,\"caption\":\"UDC Chablais\"},\"image\":{\"@id\":\"https:\\\/\\\/www.udc-chablais.ch\\\/#\\\/schema\\\/logo\\\/image\\\/\"}},{\"@type\":\"Person\",\"@id\":\"https:\\\/\\\/www.udc-chablais.ch\\\/#\\\/schema\\\/person\\\/b62eaf6c7a833297cce77dfb363e9fa3\",\"name\":\"webmaster\",\"sameAs\":[\"http:\\\/\\\/www.dylankarlen.ch\"],\"url\":\"https:\\\/\\\/www.udc-chablais.ch\\\/?author=1\"}]}<\/script>\n<!-- \/ Yoast SEO plugin. -->","yoast_head_json":{"title":"UDC Chablais &#8226; L\u2019UDC Chablais \u00e9lit le d\u00e9put\u00e9 Dylan Karlen \u00e0 sa pr\u00e9sidence","robots":{"index":"index","follow":"follow","max-snippet":"max-snippet:-1","max-image-preview":"max-image-preview:large","max-video-preview":"max-video-preview:-1"},"canonical":"https:\/\/www.udc-chablais.ch\/?p=1811","og_locale":"fr_FR","og_type":"article","og_title":"UDC Chablais &#8226; L\u2019UDC Chablais \u00e9lit le d\u00e9put\u00e9 Dylan Karlen \u00e0 sa pr\u00e9sidence","og_description":"R\u00e9unie en Assembl\u00e9e g\u00e9n\u00e9rale extraordinaire lundi 30 ao\u00fbt dernier, la section UDC du district d\u2019Aigle a formellement \u00e9lu le d\u00e9put\u00e9 de Villeneuve Dylan Karlen \u00e0 sa pr\u00e9sidence. En charge par int\u00e9rim depuis le 5 novembre 2020, le Villeneuvois a \u00e9t\u00e9 confirm\u00e9 par l\u2019unanimit\u00e9 de l\u2019assembl\u00e9e et aura pour mission d\u2019organiser et de conduire la campagne [&hellip;]","og_url":"https:\/\/www.udc-chablais.ch\/?p=1811","og_site_name":"UDC Chablais","article_published_time":"2021-08-31T07:59:43+00:00","article_modified_time":"2021-08-31T07:59:44+00:00","og_image":[{"width":800,"height":800,"url":"https:\/\/www.udc-chablais.ch\/wp-content\/uploads\/dk2019_2.jpg","type":"image\/jpeg"}],"author":"webmaster","twitter_card":"summary_large_image","twitter_misc":{"\u00c9crit par":"webmaster","Dur\u00e9e de lecture estim\u00e9e":"1 minute"},"schema":{"@context":"https:\/\/schema.org","@graph":[{"@type":"Article","@id":"https:\/\/www.udc-chablais.ch\/?p=1811#article","isPartOf":{"@id":"https:\/\/www.udc-chablais.ch\/?p=1811"},"author":{"name":"webmaster","@id":"https:\/\/www.udc-chablais.ch\/#\/schema\/person\/b62eaf6c7a833297cce77dfb363e9fa3"},"headline":"L\u2019UDC Chablais \u00e9lit le d\u00e9put\u00e9 Dylan Karlen \u00e0 sa pr\u00e9sidence","datePublished":"2021-08-31T07:59:43+00:00","dateModified":"2021-08-31T07:59:44+00:00","mainEntityOfPage":{"@id":"https:\/\/www.udc-chablais.ch\/?p=1811"},"wordCount":219,"publisher":{"@id":"https:\/\/www.udc-chablais.ch\/#organization"},"image":{"@id":"https:\/\/www.udc-chablais.ch\/?p=1811#primaryimage"},"thumbnailUrl":"https:\/\/www.udc-chablais.ch\/wp-content\/uploads\/dk2019_2.jpg","articleSection":["Chablais"],"inLanguage":"fr-FR"},{"@type":"WebPage","@id":"https:\/\/www.udc-chablais.ch\/?p=1811","url":"https:\/\/www.udc-chablais.ch\/?p=1811","name":"UDC Chablais &#8226; L\u2019UDC Chablais \u00e9lit le d\u00e9put\u00e9 Dylan Karlen \u00e0 sa pr\u00e9sidence","isPartOf":{"@id":"https:\/\/www.udc-chablais.ch\/#website"},"primaryImageOfPage":{"@id":"https:\/\/www.udc-chablais.ch\/?p=1811#primaryimage"},"image":{"@id":"https:\/\/www.udc-chablais.ch\/?p=1811#primaryimage"},"thumbnailUrl":"https:\/\/www.udc-chablais.ch\/wp-content\/uploads\/dk2019_2.jpg","datePublished":"2021-08-31T07:59:43+00:00","dateModified":"2021-08-31T07:59:44+00:00","breadcrumb":{"@id":"https:\/\/www.udc-chablais.ch\/?p=1811#breadcrumb"},"inLanguage":"fr-FR","potentialAction":[{"@type":"ReadAction","target":["https:\/\/www.udc-chablais.ch\/?p=1811"]}]},{"@type":"ImageObject","inLanguage":"fr-FR","@id":"https:\/\/www.udc-chablais.ch\/?p=1811#primaryimage","url":"https:\/\/www.udc-chablais.ch\/wp-content\/uploads\/dk2019_2.jpg","contentUrl":"https:\/\/www.udc-chablais.ch\/wp-content\/uploads\/dk2019_2.jpg","width":800,"height":800},{"@type":"BreadcrumbList","@id":"https:\/\/www.udc-chablais.ch\/?p=1811#breadcrumb","itemListElement":[{"@type":"ListItem","position":1,"name":"Accueil","item":"https:\/\/www.udc-chablais.ch\/"},{"@type":"ListItem","position":2,"name":"L\u2019UDC Chablais \u00e9lit le d\u00e9put\u00e9 Dylan Karlen \u00e0 sa pr\u00e9sidence"}]},{"@type":"WebSite","@id":"https:\/\/www.udc-chablais.ch\/#website","url":"https:\/\/www.udc-chablais.ch\/","name":"UDC Chablais","description":"Une politique, la r\u00e9gion en plus","publisher":{"@id":"https:\/\/www.udc-chablais.ch\/#organization"},"potentialAction":[{"@type":"SearchAction","target":{"@type":"EntryPoint","urlTemplate":"https:\/\/www.udc-chablais.ch\/?s={search_term_string}"},"query-input":{"@type":"PropertyValueSpecification","valueRequired":true,"valueName":"search_term_string"}}],"inLanguage":"fr-FR"},{"@type":"Organization","@id":"https:\/\/www.udc-chablais.ch\/#organization","name":"UDC Chablais","url":"https:\/\/www.udc-chablais.ch\/","logo":{"@type":"ImageObject","inLanguage":"fr-FR","@id":"https:\/\/www.udc-chablais.ch\/#\/schema\/logo\/image\/","url":"https:\/\/www.udc-chablais.ch\/wp-content\/uploads\/udc_chablais_logo_new_travail.jpg","contentUrl":"https:\/\/www.udc-chablais.ch\/wp-content\/uploads\/udc_chablais_logo_new_travail.jpg","width":150,"height":150,"caption":"UDC Chablais"},"image":{"@id":"https:\/\/www.udc-chablais.ch\/#\/schema\/logo\/image\/"}},{"@type":"Person","@id":"https:\/\/www.udc-chablais.ch\/#\/schema\/person\/b62eaf6c7a833297cce77dfb363e9fa3","name":"webmaster","sameAs":["http:\/\/www.dylankarlen.ch"],"url":"https:\/\/www.udc-chablais.ch\/?author=1"}]}},"_links":{"self":[{"href":"https:\/\/www.udc-chablais.ch\/index.php?rest_route=\/wp\/v2\/posts\/1811","targetHints":{"allow":["GET"]}}],"collection":[{"href":"https:\/\/www.udc-chablais.ch\/index.php?rest_route=\/wp\/v2\/posts"}],"about":[{"href":"https:\/\/www.udc-chablais.ch\/index.php?rest_route=\/wp\/v2\/types\/post"}],"author":[{"embeddable":true,"href":"https:\/\/www.udc-chablais.ch\/index.php?rest_route=\/wp\/v2\/users\/1"}],"replies":[{"embeddable":true,"href":"https:\/\/www.udc-chablais.ch\/index.php?rest_route=%2Fwp%2Fv2%2Fcomments&post=1811"}],"version-history":[{"count":1,"href":"https:\/\/www.udc-chablais.ch\/index.php?rest_route=\/wp\/v2\/posts\/1811\/revisions"}],"predecessor-version":[{"id":1813,"href":"https:\/\/www.udc-chablais.ch\/index.php?rest_route=\/wp\/v2\/posts\/1811\/revisions\/1813"}],"wp:featuredmedia":[{"embeddable":true,"href":"https:\/\/www.udc-chablais.ch\/index.php?rest_route=\/wp\/v2\/media\/1812"}],"wp:attachment":[{"href":"https:\/\/www.udc-chablais.ch\/index.php?rest_route=%2Fwp%2Fv2%2Fmedia&parent=1811"}],"wp:term":[{"taxonomy":"category","embeddable":true,"href":"https:\/\/www.udc-chablais.ch\/index.php?rest_route=%2Fwp%2Fv2%2Fcategories&post=1811"},{"taxonomy":"post_tag","embeddable":true,"href":"https:\/\/www.udc-chablais.ch\/index.php?rest_route=%2Fwp%2Fv2%2Ftags&post=1811"}],"curies":[{"name":"wp","href":"https:\/\/api.w.org\/{rel}","templated":true}]}}