{"id":189,"date":"2012-02-08T11:00:25","date_gmt":"2012-02-08T10:00:25","guid":{"rendered":"http:\/\/www.udc-chablais.ch\/?p=189"},"modified":"2013-07-29T11:11:39","modified_gmt":"2013-07-29T10:11:39","slug":"debat-la-tele","status":"publish","type":"post","link":"https:\/\/www.udc-chablais.ch\/?p=189","title":{"rendered":"D\u00e9bat La T\u00e9l\u00e9"},"content":{"rendered":"<p><a href=\"http:\/\/www.latele.ch\/cantonalesvaudoises\" target=\"_blank\"><img loading=\"lazy\" decoding=\"async\" class=\"alignleft\" title=\"D\u00e9bat La T\u00e9l\u00e9 - Arrondissement d'Aigle\" src=\"https:\/\/p.twimg.com\/AlH02JDCIAAtiv7.jpg\" alt=\"\" width=\"600\" height=\"286\" \/><\/a><\/p>\n","protected":false},"excerpt":{"rendered":"","protected":false},"author":1,"featured_media":0,"comment_status":"closed","ping_status":"closed","sticky":false,"template":"","format":"standard","meta":{"footnotes":""},"categories":[13],"tags":[20,47],"class_list":["post-189","post","type-post","status-publish","format-standard","hentry","category-chablais","tag-candidats","tag-debat"],"yoast_head":"<!-- This site is optimized with the Yoast SEO plugin v27.4 - https:\/\/yoast.com\/product\/yoast-seo-wordpress\/ -->\n<title>UDC Chablais &#8226; D\u00e9bat La T\u00e9l\u00e9<\/title>\n<meta name=\"robots\" content=\"index, follow, max-snippet:-1, max-image-preview:large, max-video-preview:-1\" \/>\n<link rel=\"canonical\" href=\"https:\/\/www.udc-chablais.ch\/?p=189\" \/>\n<meta property=\"og:locale\" content=\"fr_FR\" \/>\n<meta property=\"og:type\" content=\"article\" \/>\n<meta property=\"og:title\" content=\"UDC Chablais &#8226; D\u00e9bat La T\u00e9l\u00e9\" \/>\n<meta property=\"og:url\" content=\"https:\/\/www.udc-chablais.ch\/?p=189\" \/>\n<meta property=\"og:site_name\" content=\"UDC Chablais\" \/>\n<meta property=\"article:published_time\" content=\"2012-02-08T10:00:25+00:00\" \/>\n<meta property=\"article:modified_time\" content=\"2013-07-29T10:11:39+00:00\" \/>\n<meta property=\"og:image\" content=\"https:\/\/p.twimg.com\/AlH02JDCIAAtiv7.jpg\" \/>\n<meta name=\"author\" content=\"webmaster\" \/>\n<meta name=\"twitter:card\" content=\"summary_large_image\" \/>\n<meta name=\"twitter:label1\" content=\"\u00c9crit par\" \/>\n\t<meta name=\"twitter:data1\" content=\"webmaster\" \/>\n<script type=\"application\/ld+json\" class=\"yoast-schema-graph\">{\"@context\":\"https:\\\/\\\/schema.org\",\"@graph\":[{\"@type\":\"Article\",\"@id\":\"https:\\\/\\\/www.udc-chablais.ch\\\/?p=189#article\",\"isPartOf\":{\"@id\":\"https:\\\/\\\/www.udc-chablais.ch\\\/?p=189\"},\"author\":{\"name\":\"webmaster\",\"@id\":\"https:\\\/\\\/www.udc-chablais.ch\\\/#\\\/schema\\\/person\\\/b62eaf6c7a833297cce77dfb363e9fa3\"},\"headline\":\"D\u00e9bat La T\u00e9l\u00e9\",\"datePublished\":\"2012-02-08T10:00:25+00:00\",\"dateModified\":\"2013-07-29T10:11:39+00:00\",\"mainEntityOfPage\":{\"@id\":\"https:\\\/\\\/www.udc-chablais.ch\\\/?p=189\"},\"wordCount\":5,\"publisher\":{\"@id\":\"https:\\\/\\\/www.udc-chablais.ch\\\/#organization\"},\"image\":{\"@id\":\"https:\\\/\\\/www.udc-chablais.ch\\\/?p=189#primaryimage\"},\"thumbnailUrl\":\"https:\\\/\\\/p.twimg.com\\\/AlH02JDCIAAtiv7.jpg\",\"keywords\":[\"candidats\",\"d\u00e9bat\"],\"articleSection\":[\"Chablais\"],\"inLanguage\":\"fr-FR\"},{\"@type\":\"WebPage\",\"@id\":\"https:\\\/\\\/www.udc-chablais.ch\\\/?p=189\",\"url\":\"https:\\\/\\\/www.udc-chablais.ch\\\/?p=189\",\"name\":\"UDC Chablais &#8226; D\u00e9bat La T\u00e9l\u00e9\",\"isPartOf\":{\"@id\":\"https:\\\/\\\/www.udc-chablais.ch\\\/#website\"},\"primaryImageOfPage\":{\"@id\":\"https:\\\/\\\/www.udc-chablais.ch\\\/?p=189#primaryimage\"},\"image\":{\"@id\":\"https:\\\/\\\/www.udc-chablais.ch\\\/?p=189#primaryimage\"},\"thumbnailUrl\":\"https:\\\/\\\/p.twimg.com\\\/AlH02JDCIAAtiv7.jpg\",\"datePublished\":\"2012-02-08T10:00:25+00:00\",\"dateModified\":\"2013-07-29T10:11:39+00:00\",\"breadcrumb\":{\"@id\":\"https:\\\/\\\/www.udc-chablais.ch\\\/?p=189#breadcrumb\"},\"inLanguage\":\"fr-FR\",\"potentialAction\":[{\"@type\":\"ReadAction\",\"target\":[\"https:\\\/\\\/www.udc-chablais.ch\\\/?p=189\"]}]},{\"@type\":\"ImageObject\",\"inLanguage\":\"fr-FR\",\"@id\":\"https:\\\/\\\/www.udc-chablais.ch\\\/?p=189#primaryimage\",\"url\":\"https:\\\/\\\/p.twimg.com\\\/AlH02JDCIAAtiv7.jpg\",\"contentUrl\":\"https:\\\/\\\/p.twimg.com\\\/AlH02JDCIAAtiv7.jpg\"},{\"@type\":\"BreadcrumbList\",\"@id\":\"https:\\\/\\\/www.udc-chablais.ch\\\/?p=189#breadcrumb\",\"itemListElement\":[{\"@type\":\"ListItem\",\"position\":1,\"name\":\"Accueil\",\"item\":\"https:\\\/\\\/www.udc-chablais.ch\\\/\"},{\"@type\":\"ListItem\",\"position\":2,\"name\":\"D\u00e9bat La T\u00e9l\u00e9\"}]},{\"@type\":\"WebSite\",\"@id\":\"https:\\\/\\\/www.udc-chablais.ch\\\/#website\",\"url\":\"https:\\\/\\\/www.udc-chablais.ch\\\/\",\"name\":\"UDC Chablais\",\"description\":\"Une politique, la r\u00e9gion en plus\",\"publisher\":{\"@id\":\"https:\\\/\\\/www.udc-chablais.ch\\\/#organization\"},\"potentialAction\":[{\"@type\":\"SearchAction\",\"target\":{\"@type\":\"EntryPoint\",\"urlTemplate\":\"https:\\\/\\\/www.udc-chablais.ch\\\/?s={search_term_string}\"},\"query-input\":{\"@type\":\"PropertyValueSpecification\",\"valueRequired\":true,\"valueName\":\"search_term_string\"}}],\"inLanguage\":\"fr-FR\"},{\"@type\":\"Organization\",\"@id\":\"https:\\\/\\\/www.udc-chablais.ch\\\/#organization\",\"name\":\"UDC Chablais\",\"url\":\"https:\\\/\\\/www.udc-chablais.ch\\\/\",\"logo\":{\"@type\":\"ImageObject\",\"inLanguage\":\"fr-FR\",\"@id\":\"https:\\\/\\\/www.udc-chablais.ch\\\/#\\\/schema\\\/logo\\\/image\\\/\",\"url\":\"https:\\\/\\\/www.udc-chablais.ch\\\/wp-content\\\/uploads\\\/udc_chablais_logo_new_travail.jpg\",\"contentUrl\":\"https:\\\/\\\/www.udc-chablais.ch\\\/wp-content\\\/uploads\\\/udc_chablais_logo_new_travail.jpg\",\"width\":150,\"height\":150,\"caption\":\"UDC Chablais\"},\"image\":{\"@id\":\"https:\\\/\\\/www.udc-chablais.ch\\\/#\\\/schema\\\/logo\\\/image\\\/\"}},{\"@type\":\"Person\",\"@id\":\"https:\\\/\\\/www.udc-chablais.ch\\\/#\\\/schema\\\/person\\\/b62eaf6c7a833297cce77dfb363e9fa3\",\"name\":\"webmaster\",\"sameAs\":[\"http:\\\/\\\/www.dylankarlen.ch\"],\"url\":\"https:\\\/\\\/www.udc-chablais.ch\\\/?author=1\"}]}<\/script>\n<!-- \/ Yoast SEO plugin. -->","yoast_head_json":{"title":"UDC Chablais &#8226; D\u00e9bat La T\u00e9l\u00e9","robots":{"index":"index","follow":"follow","max-snippet":"max-snippet:-1","max-image-preview":"max-image-preview:large","max-video-preview":"max-video-preview:-1"},"canonical":"https:\/\/www.udc-chablais.ch\/?p=189","og_locale":"fr_FR","og_type":"article","og_title":"UDC Chablais &#8226; D\u00e9bat La T\u00e9l\u00e9","og_url":"https:\/\/www.udc-chablais.ch\/?p=189","og_site_name":"UDC Chablais","article_published_time":"2012-02-08T10:00:25+00:00","article_modified_time":"2013-07-29T10:11:39+00:00","og_image":[{"url":"https:\/\/p.twimg.com\/AlH02JDCIAAtiv7.jpg","type":"","width":"","height":""}],"author":"webmaster","twitter_card":"summary_large_image","twitter_misc":{"\u00c9crit par":"webmaster"},"schema":{"@context":"https:\/\/schema.org","@graph":[{"@type":"Article","@id":"https:\/\/www.udc-chablais.ch\/?p=189#article","isPartOf":{"@id":"https:\/\/www.udc-chablais.ch\/?p=189"},"author":{"name":"webmaster","@id":"https:\/\/www.udc-chablais.ch\/#\/schema\/person\/b62eaf6c7a833297cce77dfb363e9fa3"},"headline":"D\u00e9bat La T\u00e9l\u00e9","datePublished":"2012-02-08T10:00:25+00:00","dateModified":"2013-07-29T10:11:39+00:00","mainEntityOfPage":{"@id":"https:\/\/www.udc-chablais.ch\/?p=189"},"wordCount":5,"publisher":{"@id":"https:\/\/www.udc-chablais.ch\/#organization"},"image":{"@id":"https:\/\/www.udc-chablais.ch\/?p=189#primaryimage"},"thumbnailUrl":"https:\/\/p.twimg.com\/AlH02JDCIAAtiv7.jpg","keywords":["candidats","d\u00e9bat"],"articleSection":["Chablais"],"inLanguage":"fr-FR"},{"@type":"WebPage","@id":"https:\/\/www.udc-chablais.ch\/?p=189","url":"https:\/\/www.udc-chablais.ch\/?p=189","name":"UDC Chablais &#8226; D\u00e9bat La T\u00e9l\u00e9","isPartOf":{"@id":"https:\/\/www.udc-chablais.ch\/#website"},"primaryImageOfPage":{"@id":"https:\/\/www.udc-chablais.ch\/?p=189#primaryimage"},"image":{"@id":"https:\/\/www.udc-chablais.ch\/?p=189#primaryimage"},"thumbnailUrl":"https:\/\/p.twimg.com\/AlH02JDCIAAtiv7.jpg","datePublished":"2012-02-08T10:00:25+00:00","dateModified":"2013-07-29T10:11:39+00:00","breadcrumb":{"@id":"https:\/\/www.udc-chablais.ch\/?p=189#breadcrumb"},"inLanguage":"fr-FR","potentialAction":[{"@type":"ReadAction","target":["https:\/\/www.udc-chablais.ch\/?p=189"]}]},{"@type":"ImageObject","inLanguage":"fr-FR","@id":"https:\/\/www.udc-chablais.ch\/?p=189#primaryimage","url":"https:\/\/p.twimg.com\/AlH02JDCIAAtiv7.jpg","contentUrl":"https:\/\/p.twimg.com\/AlH02JDCIAAtiv7.jpg"},{"@type":"BreadcrumbList","@id":"https:\/\/www.udc-chablais.ch\/?p=189#breadcrumb","itemListElement":[{"@type":"ListItem","position":1,"name":"Accueil","item":"https:\/\/www.udc-chablais.ch\/"},{"@type":"ListItem","position":2,"name":"D\u00e9bat La T\u00e9l\u00e9"}]},{"@type":"WebSite","@id":"https:\/\/www.udc-chablais.ch\/#website","url":"https:\/\/www.udc-chablais.ch\/","name":"UDC Chablais","description":"Une politique, la r\u00e9gion en plus","publisher":{"@id":"https:\/\/www.udc-chablais.ch\/#organization"},"potentialAction":[{"@type":"SearchAction","target":{"@type":"EntryPoint","urlTemplate":"https:\/\/www.udc-chablais.ch\/?s={search_term_string}"},"query-input":{"@type":"PropertyValueSpecification","valueRequired":true,"valueName":"search_term_string"}}],"inLanguage":"fr-FR"},{"@type":"Organization","@id":"https:\/\/www.udc-chablais.ch\/#organization","name":"UDC Chablais","url":"https:\/\/www.udc-chablais.ch\/","logo":{"@type":"ImageObject","inLanguage":"fr-FR","@id":"https:\/\/www.udc-chablais.ch\/#\/schema\/logo\/image\/","url":"https:\/\/www.udc-chablais.ch\/wp-content\/uploads\/udc_chablais_logo_new_travail.jpg","contentUrl":"https:\/\/www.udc-chablais.ch\/wp-content\/uploads\/udc_chablais_logo_new_travail.jpg","width":150,"height":150,"caption":"UDC Chablais"},"image":{"@id":"https:\/\/www.udc-chablais.ch\/#\/schema\/logo\/image\/"}},{"@type":"Person","@id":"https:\/\/www.udc-chablais.ch\/#\/schema\/person\/b62eaf6c7a833297cce77dfb363e9fa3","name":"webmaster","sameAs":["http:\/\/www.dylankarlen.ch"],"url":"https:\/\/www.udc-chablais.ch\/?author=1"}]}},"_links":{"self":[{"href":"https:\/\/www.udc-chablais.ch\/index.php?rest_route=\/wp\/v2\/posts\/189","targetHints":{"allow":["GET"]}}],"collection":[{"href":"https:\/\/www.udc-chablais.ch\/index.php?rest_route=\/wp\/v2\/posts"}],"about":[{"href":"https:\/\/www.udc-chablais.ch\/index.php?rest_route=\/wp\/v2\/types\/post"}],"author":[{"embeddable":true,"href":"https:\/\/www.udc-chablais.ch\/index.php?rest_route=\/wp\/v2\/users\/1"}],"replies":[{"embeddable":true,"href":"https:\/\/www.udc-chablais.ch\/index.php?rest_route=%2Fwp%2Fv2%2Fcomments&post=189"}],"version-history":[{"count":4,"href":"https:\/\/www.udc-chablais.ch\/index.php?rest_route=\/wp\/v2\/posts\/189\/revisions"}],"predecessor-version":[{"id":909,"href":"https:\/\/www.udc-chablais.ch\/index.php?rest_route=\/wp\/v2\/posts\/189\/revisions\/909"}],"wp:attachment":[{"href":"https:\/\/www.udc-chablais.ch\/index.php?rest_route=%2Fwp%2Fv2%2Fmedia&parent=189"}],"wp:term":[{"taxonomy":"category","embeddable":true,"href":"https:\/\/www.udc-chablais.ch\/index.php?rest_route=%2Fwp%2Fv2%2Fcategories&post=189"},{"taxonomy":"post_tag","embeddable":true,"href":"https:\/\/www.udc-chablais.ch\/index.php?rest_route=%2Fwp%2Fv2%2Ftags&post=189"}],"curies":[{"name":"wp","href":"https:\/\/api.w.org\/{rel}","templated":true}]}}