{"id":2080,"date":"2022-03-21T09:43:00","date_gmt":"2022-03-21T08:43:00","guid":{"rendered":"https:\/\/www.udc-chablais.ch\/?p=2080"},"modified":"2022-03-22T09:46:09","modified_gmt":"2022-03-22T08:46:09","slug":"la-gauche-echoue-a-prendre-la-majorite-au-grand-conseil-lalliance-vaudoise-a-fonctionne-et-doit-confirmer","status":"publish","type":"post","link":"https:\/\/www.udc-chablais.ch\/?p=2080","title":{"rendered":"La gauche \u00e9choue \u00e0 prendre la majorit\u00e9 au Grand Conseil, l&rsquo;Alliance vaudoise a fonctionn\u00e9 et doit confirmer"},"content":{"rendered":"\n<p><strong>En ce dimanche 20 mars 2022, la gauche a \u00e9chou\u00e9 \u00e0 conqu\u00e9rir la majorit\u00e9 au Grand Conseil. Mieux, la progression des Verts \u2013 visiblement moins forte qu\u2019esp\u00e9r\u00e9e par ces derniers \u2013 a \u00e9t\u00e9 surtout r\u00e9alis\u00e9e au d\u00e9triment du parti socialiste, principal perdant des \u00e9lections cantonales. Malgr\u00e9 un l\u00e9ger recul, l\u2019UDC reste \u2013 avec le PLR \u2013 partie prenante de la plus forte alliance de la prochaine l\u00e9gislature au Grand Conseil.<\/strong><\/p>\n\n\n\n<p>&nbsp;Alors que la gauche avait claironn\u00e9, \u00e0 la suite des \u00e9lections f\u00e9d\u00e9rales 2019 et communales 2021, que son objectif \u00e9tait de renverser la majorit\u00e9 au Grand Conseil, elle a \u00e9chou\u00e9. La \u00ab&nbsp;vague verte&nbsp;\u00bb a uniquement cannibalis\u00e9 d\u2019autres si\u00e8ges de gauche, notamment ceux du parti socialiste, qui est le principal perdant des \u00e9lections cantonales et qui, avec 21.12% de parts \u00e9lectorales, a perdu la l\u00e9gitimit\u00e9 de revendiquer trois si\u00e8ges, donc 42%, au Conseil d\u2019Etat.<\/p>\n\n\n\n<p>&nbsp;En conc\u00e9dant la perte de 2 si\u00e8ges au Grand Conseil, l\u2019UDC a mis un terme \u00e0 l\u2019h\u00e9morragie \u00e9lectorale qu\u2019elle subissait depuis 2019. En d\u00e9tenant d\u00e9sormais 23 si\u00e8ges au Grand Conseil qui viennent s\u2019ajouter aux 50 si\u00e8ges du PLR, l\u2019UDC et ses alli\u00e9s de l\u2019Alliance vaudoise constituent la plus grande alliance du Grand Conseil.<\/p>\n\n\n\n<p>&nbsp;<strong>L\u2019Alliance vaudoise a pris son envol et suscite l\u2019espoir d\u2019un changement de majorit\u00e9<\/strong><\/p>\n\n\n\n<p>Cr\u00e9\u00e9e en d\u00e9cembre 2021 par le PLR, le Centre et l\u2019UDC, l\u2019Alliance vaudoise a suscit\u00e9 un enthousiasme largement perceptible dans tout le canton. Les bons r\u00e9sultats obtenus par les cinq candidats d\u00e9montrent que les \u00e9lectrices et \u00e9lecteurs de centre-droite ont r\u00e9pondu pr\u00e9sents et permis \u00e0 l\u2019Alliance vaudoise de prendre son envol.<\/p>\n\n\n\n<p>&nbsp;Alors que la gauche a \u00e9chou\u00e9 dans son entreprise de renverser la majorit\u00e9 au Grand Conseil, l\u2019Alliance vaudoise a largement les moyens de r\u00e9ussir son parti en reprenant la majorit\u00e9 au Conseil d\u2019Etat le 10 avril prochain, \u00e0 l\u2019issue du 2<sup>e<\/sup> tour.<\/p>\n\n\n\n<p>&nbsp;Le r\u00e9sultat obtenu par Micha\u00ebl Buffat est bien plus haut qu\u2019estim\u00e9 par de nombreux observateurs de la vie politique. Gr\u00e2ce au bon r\u00e9sultat de notre candidat, la course au Conseil d\u2019Etat est totalement relanc\u00e9e. Kevin Grangier, pr\u00e9sident de l\u2019UDC Vaud, pr\u00e9cise \u00ab&nbsp;Micha\u00ebl Buffat r\u00e9alise un tr\u00e8s bon score, car sa personnalit\u00e9 attachante, son aptitude \u00e0 f\u00e9d\u00e9rer autour de lui et ses comp\u00e9tences politiques sont \u00e0 mille lieues des mauvaises \u00e9tiquettes que la gauche tente de lui coller depuis des ann\u00e9es. La population s\u2019en est rendu compte durant notre campagne&nbsp;\u00bb.<\/p>\n\n\n\n<p>&nbsp;<strong>Merci pour votre soutien et restons mobiliser pour le 2<sup>e<\/sup> tour&nbsp;!<\/strong><\/p>\n\n\n\n<p>La Direction de l\u2019UDC Vaud et Micha\u00ebl Buffat remercient les Vaudoises et les Vaudois qui ont soutenu notre parti, nos candidates et candidats lors des \u00e9lections cantonales 2022. Nous les encourageons \u00e0 rester mobiliser pour le 2<sup>e<\/sup> tour afin de rendre possible l\u2019\u00e9lection de Micha\u00ebl Buffat au Conseil d\u2019Etat le 10 avril 2022.<\/p>\n","protected":false},"excerpt":{"rendered":"<p>En ce dimanche 20 mars 2022, la gauche a \u00e9chou\u00e9 \u00e0 conqu\u00e9rir la majorit\u00e9 au Grand Conseil. Mieux, la progression des Verts \u2013 visiblement moins forte qu\u2019esp\u00e9r\u00e9e par ces derniers \u2013 a \u00e9t\u00e9 surtout r\u00e9alis\u00e9e au d\u00e9triment du parti socialiste, principal perdant des \u00e9lections cantonales. Malgr\u00e9 un l\u00e9ger recul, l\u2019UDC reste \u2013 avec le PLR [&hellip;]<\/p>\n","protected":false},"author":1,"featured_media":2081,"comment_status":"closed","ping_status":"closed","sticky":false,"template":"","format":"standard","meta":{"footnotes":""},"categories":[97],"tags":[],"class_list":["post-2080","post","type-post","status-publish","format-standard","has-post-thumbnail","hentry","category-vaud"],"yoast_head":"<!-- This site is optimized with the Yoast SEO plugin v27.4 - https:\/\/yoast.com\/product\/yoast-seo-wordpress\/ -->\n<title>UDC Chablais &#8226; La gauche \u00e9choue \u00e0 prendre la majorit\u00e9 au Grand Conseil, l&#039;Alliance vaudoise a fonctionn\u00e9 et doit confirmer<\/title>\n<meta name=\"robots\" content=\"index, follow, max-snippet:-1, max-image-preview:large, max-video-preview:-1\" \/>\n<link rel=\"canonical\" href=\"https:\/\/www.udc-chablais.ch\/?p=2080\" \/>\n<meta property=\"og:locale\" content=\"fr_FR\" \/>\n<meta property=\"og:type\" content=\"article\" \/>\n<meta property=\"og:title\" content=\"UDC Chablais &#8226; La gauche \u00e9choue \u00e0 prendre la majorit\u00e9 au Grand Conseil, l&#039;Alliance vaudoise a fonctionn\u00e9 et doit confirmer\" \/>\n<meta property=\"og:description\" content=\"En ce dimanche 20 mars 2022, la gauche a \u00e9chou\u00e9 \u00e0 conqu\u00e9rir la majorit\u00e9 au Grand Conseil. Mieux, la progression des Verts \u2013 visiblement moins forte qu\u2019esp\u00e9r\u00e9e par ces derniers \u2013 a \u00e9t\u00e9 surtout r\u00e9alis\u00e9e au d\u00e9triment du parti socialiste, principal perdant des \u00e9lections cantonales. Malgr\u00e9 un l\u00e9ger recul, l\u2019UDC reste \u2013 avec le PLR [&hellip;]\" \/>\n<meta property=\"og:url\" content=\"https:\/\/www.udc-chablais.ch\/?p=2080\" \/>\n<meta property=\"og:site_name\" content=\"UDC Chablais\" \/>\n<meta property=\"article:published_time\" content=\"2022-03-21T08:43:00+00:00\" \/>\n<meta property=\"article:modified_time\" content=\"2022-03-22T08:46:09+00:00\" \/>\n<meta property=\"og:image\" content=\"https:\/\/www.udc-chablais.ch\/wp-content\/uploads\/IMAGE-CP-ELECTIONS-1024x683.png\" \/>\n\t<meta property=\"og:image:width\" content=\"1024\" \/>\n\t<meta property=\"og:image:height\" content=\"683\" \/>\n\t<meta property=\"og:image:type\" content=\"image\/png\" \/>\n<meta name=\"author\" content=\"webmaster\" \/>\n<meta name=\"twitter:card\" content=\"summary_large_image\" \/>\n<meta name=\"twitter:label1\" content=\"\u00c9crit par\" \/>\n\t<meta name=\"twitter:data1\" content=\"webmaster\" \/>\n\t<meta name=\"twitter:label2\" content=\"Dur\u00e9e de lecture estim\u00e9e\" \/>\n\t<meta name=\"twitter:data2\" content=\"3 minutes\" \/>\n<script type=\"application\/ld+json\" class=\"yoast-schema-graph\">{\"@context\":\"https:\\\/\\\/schema.org\",\"@graph\":[{\"@type\":\"Article\",\"@id\":\"https:\\\/\\\/www.udc-chablais.ch\\\/?p=2080#article\",\"isPartOf\":{\"@id\":\"https:\\\/\\\/www.udc-chablais.ch\\\/?p=2080\"},\"author\":{\"name\":\"webmaster\",\"@id\":\"https:\\\/\\\/www.udc-chablais.ch\\\/#\\\/schema\\\/person\\\/b62eaf6c7a833297cce77dfb363e9fa3\"},\"headline\":\"La gauche \u00e9choue \u00e0 prendre la majorit\u00e9 au Grand Conseil, l&rsquo;Alliance vaudoise a fonctionn\u00e9 et doit confirmer\",\"datePublished\":\"2022-03-21T08:43:00+00:00\",\"dateModified\":\"2022-03-22T08:46:09+00:00\",\"mainEntityOfPage\":{\"@id\":\"https:\\\/\\\/www.udc-chablais.ch\\\/?p=2080\"},\"wordCount\":526,\"publisher\":{\"@id\":\"https:\\\/\\\/www.udc-chablais.ch\\\/#organization\"},\"image\":{\"@id\":\"https:\\\/\\\/www.udc-chablais.ch\\\/?p=2080#primaryimage\"},\"thumbnailUrl\":\"https:\\\/\\\/www.udc-chablais.ch\\\/wp-content\\\/uploads\\\/IMAGE-CP-ELECTIONS.png\",\"articleSection\":[\"Vaud\"],\"inLanguage\":\"fr-FR\"},{\"@type\":\"WebPage\",\"@id\":\"https:\\\/\\\/www.udc-chablais.ch\\\/?p=2080\",\"url\":\"https:\\\/\\\/www.udc-chablais.ch\\\/?p=2080\",\"name\":\"UDC Chablais &#8226; La gauche \u00e9choue \u00e0 prendre la majorit\u00e9 au Grand Conseil, l'Alliance vaudoise a fonctionn\u00e9 et doit confirmer\",\"isPartOf\":{\"@id\":\"https:\\\/\\\/www.udc-chablais.ch\\\/#website\"},\"primaryImageOfPage\":{\"@id\":\"https:\\\/\\\/www.udc-chablais.ch\\\/?p=2080#primaryimage\"},\"image\":{\"@id\":\"https:\\\/\\\/www.udc-chablais.ch\\\/?p=2080#primaryimage\"},\"thumbnailUrl\":\"https:\\\/\\\/www.udc-chablais.ch\\\/wp-content\\\/uploads\\\/IMAGE-CP-ELECTIONS.png\",\"datePublished\":\"2022-03-21T08:43:00+00:00\",\"dateModified\":\"2022-03-22T08:46:09+00:00\",\"breadcrumb\":{\"@id\":\"https:\\\/\\\/www.udc-chablais.ch\\\/?p=2080#breadcrumb\"},\"inLanguage\":\"fr-FR\",\"potentialAction\":[{\"@type\":\"ReadAction\",\"target\":[\"https:\\\/\\\/www.udc-chablais.ch\\\/?p=2080\"]}]},{\"@type\":\"ImageObject\",\"inLanguage\":\"fr-FR\",\"@id\":\"https:\\\/\\\/www.udc-chablais.ch\\\/?p=2080#primaryimage\",\"url\":\"https:\\\/\\\/www.udc-chablais.ch\\\/wp-content\\\/uploads\\\/IMAGE-CP-ELECTIONS.png\",\"contentUrl\":\"https:\\\/\\\/www.udc-chablais.ch\\\/wp-content\\\/uploads\\\/IMAGE-CP-ELECTIONS.png\",\"width\":2048,\"height\":1365},{\"@type\":\"BreadcrumbList\",\"@id\":\"https:\\\/\\\/www.udc-chablais.ch\\\/?p=2080#breadcrumb\",\"itemListElement\":[{\"@type\":\"ListItem\",\"position\":1,\"name\":\"Accueil\",\"item\":\"https:\\\/\\\/www.udc-chablais.ch\\\/\"},{\"@type\":\"ListItem\",\"position\":2,\"name\":\"La gauche \u00e9choue \u00e0 prendre la majorit\u00e9 au Grand Conseil, l&rsquo;Alliance vaudoise a fonctionn\u00e9 et doit confirmer\"}]},{\"@type\":\"WebSite\",\"@id\":\"https:\\\/\\\/www.udc-chablais.ch\\\/#website\",\"url\":\"https:\\\/\\\/www.udc-chablais.ch\\\/\",\"name\":\"UDC Chablais\",\"description\":\"Une politique, la r\u00e9gion en plus\",\"publisher\":{\"@id\":\"https:\\\/\\\/www.udc-chablais.ch\\\/#organization\"},\"potentialAction\":[{\"@type\":\"SearchAction\",\"target\":{\"@type\":\"EntryPoint\",\"urlTemplate\":\"https:\\\/\\\/www.udc-chablais.ch\\\/?s={search_term_string}\"},\"query-input\":{\"@type\":\"PropertyValueSpecification\",\"valueRequired\":true,\"valueName\":\"search_term_string\"}}],\"inLanguage\":\"fr-FR\"},{\"@type\":\"Organization\",\"@id\":\"https:\\\/\\\/www.udc-chablais.ch\\\/#organization\",\"name\":\"UDC Chablais\",\"url\":\"https:\\\/\\\/www.udc-chablais.ch\\\/\",\"logo\":{\"@type\":\"ImageObject\",\"inLanguage\":\"fr-FR\",\"@id\":\"https:\\\/\\\/www.udc-chablais.ch\\\/#\\\/schema\\\/logo\\\/image\\\/\",\"url\":\"https:\\\/\\\/www.udc-chablais.ch\\\/wp-content\\\/uploads\\\/udc_chablais_logo_new_travail.jpg\",\"contentUrl\":\"https:\\\/\\\/www.udc-chablais.ch\\\/wp-content\\\/uploads\\\/udc_chablais_logo_new_travail.jpg\",\"width\":150,\"height\":150,\"caption\":\"UDC Chablais\"},\"image\":{\"@id\":\"https:\\\/\\\/www.udc-chablais.ch\\\/#\\\/schema\\\/logo\\\/image\\\/\"}},{\"@type\":\"Person\",\"@id\":\"https:\\\/\\\/www.udc-chablais.ch\\\/#\\\/schema\\\/person\\\/b62eaf6c7a833297cce77dfb363e9fa3\",\"name\":\"webmaster\",\"sameAs\":[\"http:\\\/\\\/www.dylankarlen.ch\"],\"url\":\"https:\\\/\\\/www.udc-chablais.ch\\\/?author=1\"}]}<\/script>\n<!-- \/ Yoast SEO plugin. -->","yoast_head_json":{"title":"UDC Chablais &#8226; La gauche \u00e9choue \u00e0 prendre la majorit\u00e9 au Grand Conseil, l'Alliance vaudoise a fonctionn\u00e9 et doit confirmer","robots":{"index":"index","follow":"follow","max-snippet":"max-snippet:-1","max-image-preview":"max-image-preview:large","max-video-preview":"max-video-preview:-1"},"canonical":"https:\/\/www.udc-chablais.ch\/?p=2080","og_locale":"fr_FR","og_type":"article","og_title":"UDC Chablais &#8226; La gauche \u00e9choue \u00e0 prendre la majorit\u00e9 au Grand Conseil, l'Alliance vaudoise a fonctionn\u00e9 et doit confirmer","og_description":"En ce dimanche 20 mars 2022, la gauche a \u00e9chou\u00e9 \u00e0 conqu\u00e9rir la majorit\u00e9 au Grand Conseil. Mieux, la progression des Verts \u2013 visiblement moins forte qu\u2019esp\u00e9r\u00e9e par ces derniers \u2013 a \u00e9t\u00e9 surtout r\u00e9alis\u00e9e au d\u00e9triment du parti socialiste, principal perdant des \u00e9lections cantonales. Malgr\u00e9 un l\u00e9ger recul, l\u2019UDC reste \u2013 avec le PLR [&hellip;]","og_url":"https:\/\/www.udc-chablais.ch\/?p=2080","og_site_name":"UDC Chablais","article_published_time":"2022-03-21T08:43:00+00:00","article_modified_time":"2022-03-22T08:46:09+00:00","og_image":[{"width":1024,"height":683,"url":"https:\/\/www.udc-chablais.ch\/wp-content\/uploads\/IMAGE-CP-ELECTIONS-1024x683.png","type":"image\/png"}],"author":"webmaster","twitter_card":"summary_large_image","twitter_misc":{"\u00c9crit par":"webmaster","Dur\u00e9e de lecture estim\u00e9e":"3 minutes"},"schema":{"@context":"https:\/\/schema.org","@graph":[{"@type":"Article","@id":"https:\/\/www.udc-chablais.ch\/?p=2080#article","isPartOf":{"@id":"https:\/\/www.udc-chablais.ch\/?p=2080"},"author":{"name":"webmaster","@id":"https:\/\/www.udc-chablais.ch\/#\/schema\/person\/b62eaf6c7a833297cce77dfb363e9fa3"},"headline":"La gauche \u00e9choue \u00e0 prendre la majorit\u00e9 au Grand Conseil, l&rsquo;Alliance vaudoise a fonctionn\u00e9 et doit confirmer","datePublished":"2022-03-21T08:43:00+00:00","dateModified":"2022-03-22T08:46:09+00:00","mainEntityOfPage":{"@id":"https:\/\/www.udc-chablais.ch\/?p=2080"},"wordCount":526,"publisher":{"@id":"https:\/\/www.udc-chablais.ch\/#organization"},"image":{"@id":"https:\/\/www.udc-chablais.ch\/?p=2080#primaryimage"},"thumbnailUrl":"https:\/\/www.udc-chablais.ch\/wp-content\/uploads\/IMAGE-CP-ELECTIONS.png","articleSection":["Vaud"],"inLanguage":"fr-FR"},{"@type":"WebPage","@id":"https:\/\/www.udc-chablais.ch\/?p=2080","url":"https:\/\/www.udc-chablais.ch\/?p=2080","name":"UDC Chablais &#8226; La gauche \u00e9choue \u00e0 prendre la majorit\u00e9 au Grand Conseil, l'Alliance vaudoise a fonctionn\u00e9 et doit confirmer","isPartOf":{"@id":"https:\/\/www.udc-chablais.ch\/#website"},"primaryImageOfPage":{"@id":"https:\/\/www.udc-chablais.ch\/?p=2080#primaryimage"},"image":{"@id":"https:\/\/www.udc-chablais.ch\/?p=2080#primaryimage"},"thumbnailUrl":"https:\/\/www.udc-chablais.ch\/wp-content\/uploads\/IMAGE-CP-ELECTIONS.png","datePublished":"2022-03-21T08:43:00+00:00","dateModified":"2022-03-22T08:46:09+00:00","breadcrumb":{"@id":"https:\/\/www.udc-chablais.ch\/?p=2080#breadcrumb"},"inLanguage":"fr-FR","potentialAction":[{"@type":"ReadAction","target":["https:\/\/www.udc-chablais.ch\/?p=2080"]}]},{"@type":"ImageObject","inLanguage":"fr-FR","@id":"https:\/\/www.udc-chablais.ch\/?p=2080#primaryimage","url":"https:\/\/www.udc-chablais.ch\/wp-content\/uploads\/IMAGE-CP-ELECTIONS.png","contentUrl":"https:\/\/www.udc-chablais.ch\/wp-content\/uploads\/IMAGE-CP-ELECTIONS.png","width":2048,"height":1365},{"@type":"BreadcrumbList","@id":"https:\/\/www.udc-chablais.ch\/?p=2080#breadcrumb","itemListElement":[{"@type":"ListItem","position":1,"name":"Accueil","item":"https:\/\/www.udc-chablais.ch\/"},{"@type":"ListItem","position":2,"name":"La gauche \u00e9choue \u00e0 prendre la majorit\u00e9 au Grand Conseil, l&rsquo;Alliance vaudoise a fonctionn\u00e9 et doit confirmer"}]},{"@type":"WebSite","@id":"https:\/\/www.udc-chablais.ch\/#website","url":"https:\/\/www.udc-chablais.ch\/","name":"UDC Chablais","description":"Une politique, la r\u00e9gion en plus","publisher":{"@id":"https:\/\/www.udc-chablais.ch\/#organization"},"potentialAction":[{"@type":"SearchAction","target":{"@type":"EntryPoint","urlTemplate":"https:\/\/www.udc-chablais.ch\/?s={search_term_string}"},"query-input":{"@type":"PropertyValueSpecification","valueRequired":true,"valueName":"search_term_string"}}],"inLanguage":"fr-FR"},{"@type":"Organization","@id":"https:\/\/www.udc-chablais.ch\/#organization","name":"UDC Chablais","url":"https:\/\/www.udc-chablais.ch\/","logo":{"@type":"ImageObject","inLanguage":"fr-FR","@id":"https:\/\/www.udc-chablais.ch\/#\/schema\/logo\/image\/","url":"https:\/\/www.udc-chablais.ch\/wp-content\/uploads\/udc_chablais_logo_new_travail.jpg","contentUrl":"https:\/\/www.udc-chablais.ch\/wp-content\/uploads\/udc_chablais_logo_new_travail.jpg","width":150,"height":150,"caption":"UDC Chablais"},"image":{"@id":"https:\/\/www.udc-chablais.ch\/#\/schema\/logo\/image\/"}},{"@type":"Person","@id":"https:\/\/www.udc-chablais.ch\/#\/schema\/person\/b62eaf6c7a833297cce77dfb363e9fa3","name":"webmaster","sameAs":["http:\/\/www.dylankarlen.ch"],"url":"https:\/\/www.udc-chablais.ch\/?author=1"}]}},"_links":{"self":[{"href":"https:\/\/www.udc-chablais.ch\/index.php?rest_route=\/wp\/v2\/posts\/2080","targetHints":{"allow":["GET"]}}],"collection":[{"href":"https:\/\/www.udc-chablais.ch\/index.php?rest_route=\/wp\/v2\/posts"}],"about":[{"href":"https:\/\/www.udc-chablais.ch\/index.php?rest_route=\/wp\/v2\/types\/post"}],"author":[{"embeddable":true,"href":"https:\/\/www.udc-chablais.ch\/index.php?rest_route=\/wp\/v2\/users\/1"}],"replies":[{"embeddable":true,"href":"https:\/\/www.udc-chablais.ch\/index.php?rest_route=%2Fwp%2Fv2%2Fcomments&post=2080"}],"version-history":[{"count":1,"href":"https:\/\/www.udc-chablais.ch\/index.php?rest_route=\/wp\/v2\/posts\/2080\/revisions"}],"predecessor-version":[{"id":2082,"href":"https:\/\/www.udc-chablais.ch\/index.php?rest_route=\/wp\/v2\/posts\/2080\/revisions\/2082"}],"wp:featuredmedia":[{"embeddable":true,"href":"https:\/\/www.udc-chablais.ch\/index.php?rest_route=\/wp\/v2\/media\/2081"}],"wp:attachment":[{"href":"https:\/\/www.udc-chablais.ch\/index.php?rest_route=%2Fwp%2Fv2%2Fmedia&parent=2080"}],"wp:term":[{"taxonomy":"category","embeddable":true,"href":"https:\/\/www.udc-chablais.ch\/index.php?rest_route=%2Fwp%2Fv2%2Fcategories&post=2080"},{"taxonomy":"post_tag","embeddable":true,"href":"https:\/\/www.udc-chablais.ch\/index.php?rest_route=%2Fwp%2Fv2%2Ftags&post=2080"}],"curies":[{"name":"wp","href":"https:\/\/api.w.org\/{rel}","templated":true}]}}