{"id":2099,"date":"2022-06-24T13:58:11","date_gmt":"2022-06-24T12:58:11","guid":{"rendered":"https:\/\/www.udc-chablais.ch\/?p=2099"},"modified":"2022-06-24T13:58:12","modified_gmt":"2022-06-24T12:58:12","slug":"presidence-udc-du-conseil-communal-de-villeneuve","status":"publish","type":"post","link":"https:\/\/www.udc-chablais.ch\/?p=2099","title":{"rendered":"Pr\u00e9sidence UDC du Conseil communal de Villeneuve"},"content":{"rendered":"\n<p>Lors de sa s\u00e9ance du 23 juin dernier, le Conseil communal a proc\u00e9d\u00e9 \u00e0 l&rsquo;\u00e9lection de son bureau. A cette occasion, le conseiller communal UDC <strong>Charles-Henri Pilet<\/strong> a \u00e9t\u00e9 brillamment \u00e9lu \u00e0 la pr\u00e9sidence du Conseil communal pour l&rsquo;ann\u00e9e 2022-2023. Il a obtenu 38 voix sur 40 suffrages exprim\u00e9s. La section UDC Villeneuve et environs lui adresse ses f\u00e9licitations et tous ses voeux de succ\u00e8s pour cette nouvelle ann\u00e9e pr\u00e9sidentielle.<\/p>\n\n\n\n<p>La conseill\u00e8re communale UDC <strong>Brigitte Marie-Delugin<\/strong> a \u00e9t\u00e9 \u00e9lue en qualit\u00e9 de scrutatrice suppl\u00e9ante. F\u00e9licitations \u00e0 elle \u00e9galement.<\/p>\n\n\n\n<p>Au sein des commissions permanentes, <strong>Boris Nicolet<\/strong> a \u00e9t\u00e9 reconduit en qualit\u00e9 de membre de la Commission de gestion et <strong>Julien Oppliger<\/strong> a \u00e9t\u00e9 \u00e9lu \u00e0 la Commission des finances en remplacement de Charles-Henri Pilet, \u00e9lu au perchoir.<\/p>\n","protected":false},"excerpt":{"rendered":"<p>Lors de sa s\u00e9ance du 23 juin dernier, le Conseil communal a proc\u00e9d\u00e9 \u00e0 l&rsquo;\u00e9lection de son bureau. A cette occasion, le conseiller communal UDC Charles-Henri Pilet a \u00e9t\u00e9 brillamment \u00e9lu \u00e0 la pr\u00e9sidence du Conseil communal pour l&rsquo;ann\u00e9e 2022-2023. Il a obtenu 38 voix sur 40 suffrages exprim\u00e9s. La section UDC Villeneuve et environs [&hellip;]<\/p>\n","protected":false},"author":1,"featured_media":2100,"comment_status":"closed","ping_status":"closed","sticky":false,"template":"","format":"standard","meta":{"footnotes":""},"categories":[9],"tags":[],"class_list":["post-2099","post","type-post","status-publish","format-standard","has-post-thumbnail","hentry","category-villeneuve"],"yoast_head":"<!-- This site is optimized with the Yoast SEO plugin v27.4 - https:\/\/yoast.com\/product\/yoast-seo-wordpress\/ -->\n<title>UDC Chablais &#8226; Pr\u00e9sidence UDC du Conseil communal de Villeneuve<\/title>\n<meta name=\"robots\" content=\"index, follow, max-snippet:-1, max-image-preview:large, max-video-preview:-1\" \/>\n<link rel=\"canonical\" href=\"https:\/\/www.udc-chablais.ch\/?p=2099\" \/>\n<meta property=\"og:locale\" content=\"fr_FR\" \/>\n<meta property=\"og:type\" content=\"article\" \/>\n<meta property=\"og:title\" content=\"UDC Chablais &#8226; Pr\u00e9sidence UDC du Conseil communal de Villeneuve\" \/>\n<meta property=\"og:description\" content=\"Lors de sa s\u00e9ance du 23 juin dernier, le Conseil communal a proc\u00e9d\u00e9 \u00e0 l&rsquo;\u00e9lection de son bureau. A cette occasion, le conseiller communal UDC Charles-Henri Pilet a \u00e9t\u00e9 brillamment \u00e9lu \u00e0 la pr\u00e9sidence du Conseil communal pour l&rsquo;ann\u00e9e 2022-2023. Il a obtenu 38 voix sur 40 suffrages exprim\u00e9s. La section UDC Villeneuve et environs [&hellip;]\" \/>\n<meta property=\"og:url\" content=\"https:\/\/www.udc-chablais.ch\/?p=2099\" \/>\n<meta property=\"og:site_name\" content=\"UDC Chablais\" \/>\n<meta property=\"article:published_time\" content=\"2022-06-24T12:58:11+00:00\" \/>\n<meta property=\"article:modified_time\" content=\"2022-06-24T12:58:12+00:00\" \/>\n<meta property=\"og:image\" content=\"https:\/\/www.udc-chablais.ch\/wp-content\/uploads\/IMG_0180-scaled.jpg\" \/>\n\t<meta property=\"og:image:width\" content=\"2560\" \/>\n\t<meta property=\"og:image:height\" content=\"1707\" \/>\n\t<meta property=\"og:image:type\" content=\"image\/jpeg\" \/>\n<meta name=\"author\" content=\"webmaster\" \/>\n<meta name=\"twitter:card\" content=\"summary_large_image\" \/>\n<meta name=\"twitter:label1\" content=\"\u00c9crit par\" \/>\n\t<meta name=\"twitter:data1\" content=\"webmaster\" \/>\n\t<meta name=\"twitter:label2\" content=\"Dur\u00e9e de lecture estim\u00e9e\" \/>\n\t<meta name=\"twitter:data2\" content=\"1 minute\" \/>\n<script type=\"application\/ld+json\" class=\"yoast-schema-graph\">{\"@context\":\"https:\\\/\\\/schema.org\",\"@graph\":[{\"@type\":\"Article\",\"@id\":\"https:\\\/\\\/www.udc-chablais.ch\\\/?p=2099#article\",\"isPartOf\":{\"@id\":\"https:\\\/\\\/www.udc-chablais.ch\\\/?p=2099\"},\"author\":{\"name\":\"webmaster\",\"@id\":\"https:\\\/\\\/www.udc-chablais.ch\\\/#\\\/schema\\\/person\\\/b62eaf6c7a833297cce77dfb363e9fa3\"},\"headline\":\"Pr\u00e9sidence UDC du Conseil communal de Villeneuve\",\"datePublished\":\"2022-06-24T12:58:11+00:00\",\"dateModified\":\"2022-06-24T12:58:12+00:00\",\"mainEntityOfPage\":{\"@id\":\"https:\\\/\\\/www.udc-chablais.ch\\\/?p=2099\"},\"wordCount\":141,\"publisher\":{\"@id\":\"https:\\\/\\\/www.udc-chablais.ch\\\/#organization\"},\"image\":{\"@id\":\"https:\\\/\\\/www.udc-chablais.ch\\\/?p=2099#primaryimage\"},\"thumbnailUrl\":\"https:\\\/\\\/www.udc-chablais.ch\\\/wp-content\\\/uploads\\\/IMG_0180-scaled.jpg\",\"articleSection\":[\"Villeneuve et Environs\"],\"inLanguage\":\"fr-FR\"},{\"@type\":\"WebPage\",\"@id\":\"https:\\\/\\\/www.udc-chablais.ch\\\/?p=2099\",\"url\":\"https:\\\/\\\/www.udc-chablais.ch\\\/?p=2099\",\"name\":\"UDC Chablais &#8226; Pr\u00e9sidence UDC du Conseil communal de Villeneuve\",\"isPartOf\":{\"@id\":\"https:\\\/\\\/www.udc-chablais.ch\\\/#website\"},\"primaryImageOfPage\":{\"@id\":\"https:\\\/\\\/www.udc-chablais.ch\\\/?p=2099#primaryimage\"},\"image\":{\"@id\":\"https:\\\/\\\/www.udc-chablais.ch\\\/?p=2099#primaryimage\"},\"thumbnailUrl\":\"https:\\\/\\\/www.udc-chablais.ch\\\/wp-content\\\/uploads\\\/IMG_0180-scaled.jpg\",\"datePublished\":\"2022-06-24T12:58:11+00:00\",\"dateModified\":\"2022-06-24T12:58:12+00:00\",\"breadcrumb\":{\"@id\":\"https:\\\/\\\/www.udc-chablais.ch\\\/?p=2099#breadcrumb\"},\"inLanguage\":\"fr-FR\",\"potentialAction\":[{\"@type\":\"ReadAction\",\"target\":[\"https:\\\/\\\/www.udc-chablais.ch\\\/?p=2099\"]}]},{\"@type\":\"ImageObject\",\"inLanguage\":\"fr-FR\",\"@id\":\"https:\\\/\\\/www.udc-chablais.ch\\\/?p=2099#primaryimage\",\"url\":\"https:\\\/\\\/www.udc-chablais.ch\\\/wp-content\\\/uploads\\\/IMG_0180-scaled.jpg\",\"contentUrl\":\"https:\\\/\\\/www.udc-chablais.ch\\\/wp-content\\\/uploads\\\/IMG_0180-scaled.jpg\",\"width\":2560,\"height\":1707},{\"@type\":\"BreadcrumbList\",\"@id\":\"https:\\\/\\\/www.udc-chablais.ch\\\/?p=2099#breadcrumb\",\"itemListElement\":[{\"@type\":\"ListItem\",\"position\":1,\"name\":\"Accueil\",\"item\":\"https:\\\/\\\/www.udc-chablais.ch\\\/\"},{\"@type\":\"ListItem\",\"position\":2,\"name\":\"Pr\u00e9sidence UDC du Conseil communal de Villeneuve\"}]},{\"@type\":\"WebSite\",\"@id\":\"https:\\\/\\\/www.udc-chablais.ch\\\/#website\",\"url\":\"https:\\\/\\\/www.udc-chablais.ch\\\/\",\"name\":\"UDC Chablais\",\"description\":\"Une politique, la r\u00e9gion en plus\",\"publisher\":{\"@id\":\"https:\\\/\\\/www.udc-chablais.ch\\\/#organization\"},\"potentialAction\":[{\"@type\":\"SearchAction\",\"target\":{\"@type\":\"EntryPoint\",\"urlTemplate\":\"https:\\\/\\\/www.udc-chablais.ch\\\/?s={search_term_string}\"},\"query-input\":{\"@type\":\"PropertyValueSpecification\",\"valueRequired\":true,\"valueName\":\"search_term_string\"}}],\"inLanguage\":\"fr-FR\"},{\"@type\":\"Organization\",\"@id\":\"https:\\\/\\\/www.udc-chablais.ch\\\/#organization\",\"name\":\"UDC Chablais\",\"url\":\"https:\\\/\\\/www.udc-chablais.ch\\\/\",\"logo\":{\"@type\":\"ImageObject\",\"inLanguage\":\"fr-FR\",\"@id\":\"https:\\\/\\\/www.udc-chablais.ch\\\/#\\\/schema\\\/logo\\\/image\\\/\",\"url\":\"https:\\\/\\\/www.udc-chablais.ch\\\/wp-content\\\/uploads\\\/udc_chablais_logo_new_travail.jpg\",\"contentUrl\":\"https:\\\/\\\/www.udc-chablais.ch\\\/wp-content\\\/uploads\\\/udc_chablais_logo_new_travail.jpg\",\"width\":150,\"height\":150,\"caption\":\"UDC Chablais\"},\"image\":{\"@id\":\"https:\\\/\\\/www.udc-chablais.ch\\\/#\\\/schema\\\/logo\\\/image\\\/\"}},{\"@type\":\"Person\",\"@id\":\"https:\\\/\\\/www.udc-chablais.ch\\\/#\\\/schema\\\/person\\\/b62eaf6c7a833297cce77dfb363e9fa3\",\"name\":\"webmaster\",\"sameAs\":[\"http:\\\/\\\/www.dylankarlen.ch\"],\"url\":\"https:\\\/\\\/www.udc-chablais.ch\\\/?author=1\"}]}<\/script>\n<!-- \/ Yoast SEO plugin. -->","yoast_head_json":{"title":"UDC Chablais &#8226; Pr\u00e9sidence UDC du Conseil communal de Villeneuve","robots":{"index":"index","follow":"follow","max-snippet":"max-snippet:-1","max-image-preview":"max-image-preview:large","max-video-preview":"max-video-preview:-1"},"canonical":"https:\/\/www.udc-chablais.ch\/?p=2099","og_locale":"fr_FR","og_type":"article","og_title":"UDC Chablais &#8226; Pr\u00e9sidence UDC du Conseil communal de Villeneuve","og_description":"Lors de sa s\u00e9ance du 23 juin dernier, le Conseil communal a proc\u00e9d\u00e9 \u00e0 l&rsquo;\u00e9lection de son bureau. A cette occasion, le conseiller communal UDC Charles-Henri Pilet a \u00e9t\u00e9 brillamment \u00e9lu \u00e0 la pr\u00e9sidence du Conseil communal pour l&rsquo;ann\u00e9e 2022-2023. Il a obtenu 38 voix sur 40 suffrages exprim\u00e9s. La section UDC Villeneuve et environs [&hellip;]","og_url":"https:\/\/www.udc-chablais.ch\/?p=2099","og_site_name":"UDC Chablais","article_published_time":"2022-06-24T12:58:11+00:00","article_modified_time":"2022-06-24T12:58:12+00:00","og_image":[{"width":2560,"height":1707,"url":"https:\/\/www.udc-chablais.ch\/wp-content\/uploads\/IMG_0180-scaled.jpg","type":"image\/jpeg"}],"author":"webmaster","twitter_card":"summary_large_image","twitter_misc":{"\u00c9crit par":"webmaster","Dur\u00e9e de lecture estim\u00e9e":"1 minute"},"schema":{"@context":"https:\/\/schema.org","@graph":[{"@type":"Article","@id":"https:\/\/www.udc-chablais.ch\/?p=2099#article","isPartOf":{"@id":"https:\/\/www.udc-chablais.ch\/?p=2099"},"author":{"name":"webmaster","@id":"https:\/\/www.udc-chablais.ch\/#\/schema\/person\/b62eaf6c7a833297cce77dfb363e9fa3"},"headline":"Pr\u00e9sidence UDC du Conseil communal de Villeneuve","datePublished":"2022-06-24T12:58:11+00:00","dateModified":"2022-06-24T12:58:12+00:00","mainEntityOfPage":{"@id":"https:\/\/www.udc-chablais.ch\/?p=2099"},"wordCount":141,"publisher":{"@id":"https:\/\/www.udc-chablais.ch\/#organization"},"image":{"@id":"https:\/\/www.udc-chablais.ch\/?p=2099#primaryimage"},"thumbnailUrl":"https:\/\/www.udc-chablais.ch\/wp-content\/uploads\/IMG_0180-scaled.jpg","articleSection":["Villeneuve et Environs"],"inLanguage":"fr-FR"},{"@type":"WebPage","@id":"https:\/\/www.udc-chablais.ch\/?p=2099","url":"https:\/\/www.udc-chablais.ch\/?p=2099","name":"UDC Chablais &#8226; Pr\u00e9sidence UDC du Conseil communal de Villeneuve","isPartOf":{"@id":"https:\/\/www.udc-chablais.ch\/#website"},"primaryImageOfPage":{"@id":"https:\/\/www.udc-chablais.ch\/?p=2099#primaryimage"},"image":{"@id":"https:\/\/www.udc-chablais.ch\/?p=2099#primaryimage"},"thumbnailUrl":"https:\/\/www.udc-chablais.ch\/wp-content\/uploads\/IMG_0180-scaled.jpg","datePublished":"2022-06-24T12:58:11+00:00","dateModified":"2022-06-24T12:58:12+00:00","breadcrumb":{"@id":"https:\/\/www.udc-chablais.ch\/?p=2099#breadcrumb"},"inLanguage":"fr-FR","potentialAction":[{"@type":"ReadAction","target":["https:\/\/www.udc-chablais.ch\/?p=2099"]}]},{"@type":"ImageObject","inLanguage":"fr-FR","@id":"https:\/\/www.udc-chablais.ch\/?p=2099#primaryimage","url":"https:\/\/www.udc-chablais.ch\/wp-content\/uploads\/IMG_0180-scaled.jpg","contentUrl":"https:\/\/www.udc-chablais.ch\/wp-content\/uploads\/IMG_0180-scaled.jpg","width":2560,"height":1707},{"@type":"BreadcrumbList","@id":"https:\/\/www.udc-chablais.ch\/?p=2099#breadcrumb","itemListElement":[{"@type":"ListItem","position":1,"name":"Accueil","item":"https:\/\/www.udc-chablais.ch\/"},{"@type":"ListItem","position":2,"name":"Pr\u00e9sidence UDC du Conseil communal de Villeneuve"}]},{"@type":"WebSite","@id":"https:\/\/www.udc-chablais.ch\/#website","url":"https:\/\/www.udc-chablais.ch\/","name":"UDC Chablais","description":"Une politique, la r\u00e9gion en plus","publisher":{"@id":"https:\/\/www.udc-chablais.ch\/#organization"},"potentialAction":[{"@type":"SearchAction","target":{"@type":"EntryPoint","urlTemplate":"https:\/\/www.udc-chablais.ch\/?s={search_term_string}"},"query-input":{"@type":"PropertyValueSpecification","valueRequired":true,"valueName":"search_term_string"}}],"inLanguage":"fr-FR"},{"@type":"Organization","@id":"https:\/\/www.udc-chablais.ch\/#organization","name":"UDC Chablais","url":"https:\/\/www.udc-chablais.ch\/","logo":{"@type":"ImageObject","inLanguage":"fr-FR","@id":"https:\/\/www.udc-chablais.ch\/#\/schema\/logo\/image\/","url":"https:\/\/www.udc-chablais.ch\/wp-content\/uploads\/udc_chablais_logo_new_travail.jpg","contentUrl":"https:\/\/www.udc-chablais.ch\/wp-content\/uploads\/udc_chablais_logo_new_travail.jpg","width":150,"height":150,"caption":"UDC Chablais"},"image":{"@id":"https:\/\/www.udc-chablais.ch\/#\/schema\/logo\/image\/"}},{"@type":"Person","@id":"https:\/\/www.udc-chablais.ch\/#\/schema\/person\/b62eaf6c7a833297cce77dfb363e9fa3","name":"webmaster","sameAs":["http:\/\/www.dylankarlen.ch"],"url":"https:\/\/www.udc-chablais.ch\/?author=1"}]}},"_links":{"self":[{"href":"https:\/\/www.udc-chablais.ch\/index.php?rest_route=\/wp\/v2\/posts\/2099","targetHints":{"allow":["GET"]}}],"collection":[{"href":"https:\/\/www.udc-chablais.ch\/index.php?rest_route=\/wp\/v2\/posts"}],"about":[{"href":"https:\/\/www.udc-chablais.ch\/index.php?rest_route=\/wp\/v2\/types\/post"}],"author":[{"embeddable":true,"href":"https:\/\/www.udc-chablais.ch\/index.php?rest_route=\/wp\/v2\/users\/1"}],"replies":[{"embeddable":true,"href":"https:\/\/www.udc-chablais.ch\/index.php?rest_route=%2Fwp%2Fv2%2Fcomments&post=2099"}],"version-history":[{"count":1,"href":"https:\/\/www.udc-chablais.ch\/index.php?rest_route=\/wp\/v2\/posts\/2099\/revisions"}],"predecessor-version":[{"id":2101,"href":"https:\/\/www.udc-chablais.ch\/index.php?rest_route=\/wp\/v2\/posts\/2099\/revisions\/2101"}],"wp:featuredmedia":[{"embeddable":true,"href":"https:\/\/www.udc-chablais.ch\/index.php?rest_route=\/wp\/v2\/media\/2100"}],"wp:attachment":[{"href":"https:\/\/www.udc-chablais.ch\/index.php?rest_route=%2Fwp%2Fv2%2Fmedia&parent=2099"}],"wp:term":[{"taxonomy":"category","embeddable":true,"href":"https:\/\/www.udc-chablais.ch\/index.php?rest_route=%2Fwp%2Fv2%2Fcategories&post=2099"},{"taxonomy":"post_tag","embeddable":true,"href":"https:\/\/www.udc-chablais.ch\/index.php?rest_route=%2Fwp%2Fv2%2Ftags&post=2099"}],"curies":[{"name":"wp","href":"https:\/\/api.w.org\/{rel}","templated":true}]}}