{"id":2164,"date":"2023-03-21T08:56:13","date_gmt":"2023-03-21T07:56:13","guid":{"rendered":"https:\/\/www.udc-chablais.ch\/?p=2164"},"modified":"2023-03-21T08:56:14","modified_gmt":"2023-03-21T07:56:14","slug":"couteuse-irrealiste-et-nuisible-a-lenvironnement-les-delegues-de-ludc-suisse-disent-non-a-lunanimite-a-la-loi-sur-le-gaspillage-de-lelectricite","status":"publish","type":"post","link":"https:\/\/www.udc-chablais.ch\/?p=2164","title":{"rendered":"Co\u00fbteuse, irr\u00e9aliste et nuisible \u00e0 l\u2019environnement : les d\u00e9l\u00e9gu\u00e9s de l\u2019UDC Suisse disent NON \u00e0 l\u2019unanimit\u00e9 \u00e0 la loi sur le gaspillage de l\u2019\u00e9lectricit\u00e9"},"content":{"rendered":"\n<p><strong>Lors de leur assembl\u00e9e \u00e0 Meyrin (GE), les d\u00e9l\u00e9gu\u00e9s de l\u2019UDC Suisse se sont principalement pench\u00e9s sur la crise \u00e9nerg\u00e9tique et sur la loi sur le gaspillage de l\u2019\u00e9lectricit\u00e9, sur laquelle la population se prononcera le 18 juin 2023. Une loi qui, selon des experts comme l\u2019orateur invit\u00e9 et scientifique, le professeur Lino Guzzella, aggrave \u00e9galement la crise \u00e9nerg\u00e9tique. Pour les votations populaires du 18 juin 2023, les d\u00e9l\u00e9gu\u00e9s ont adopt\u00e9 les mots d\u2019ordre suivants : ils disent \u00e0 l\u2019unanimit\u00e9 NON \u00e0 la loi sur le gaspillage de l\u2019\u00e9lectricit\u00e9 et OUI \u00e0 l\u2019imp\u00f4t minimum de l\u2019OCDE.<\/strong><\/p>\n\n\n\n<p>L\u2019approvisionnement de la Suisse en \u00e9lectricit\u00e9, en quantit\u00e9 suffisante et \u00e0 un prix abordable, et donc la loi sur le gaspillage de l\u2019\u00e9lectricit\u00e9, sur laquelle les Suisses voteront le 18 juin, ont \u00e9t\u00e9 au c\u0153ur de l\u2019attention de l\u2019assembl\u00e9e des d\u00e9l\u00e9gu\u00e9s de l\u2019UDC Suisse \u00e0 Meyrin (GE). Cette loi, adopt\u00e9e par la majorit\u00e9 de centre-gauche du Parlement f\u00e9d\u00e9ral, vise \u00e0 atteindre l\u2019objectif de \u00ab \u00ab z\u00e9ro \u00e9mission nette de CO2 \u00bb d\u2019ici 2050. \u00ab Cela nous m\u00e8ne, de facto, \u00e0 l\u2019interdiction des sources d\u2019\u00e9nergie comme l\u2019essence, le diesel, le mazout et le gaz \u00bb, a d\u00e9clar\u00e9 le conseiller national Michael Graber. Comme la conduite automobile et le chauffage ne seront donc plus possibles qu\u2019\u00e0 l\u2019\u00e9lectricit\u00e9, les besoins en \u00e9lectricit\u00e9 vont massivement augmenter, tout comme les co\u00fbts ; selon une \u00e9tude de l\u2019EPFZ, les co\u00fbts \u00e9nerg\u00e9tiques passeront de 3\u2019000 francs aujourd\u2019hui \u00e0 9\u2019600 francs par personne et par an en cas de oui \u00e0 la loi.<\/p>\n\n\n\n<p><strong>Avec les changements pr\u00e9vus, 50% de l\u2019\u00e9lectricit\u00e9 va manquer en hiver<\/strong><br \/>Selon l\u2019orateur invit\u00e9, le Dr Markus Blocher, qui a abord\u00e9 les questions de l\u2019approvisionnement \u00e9nerg\u00e9tique d\u2019un point de vue entrepreneurial, l\u2019objectif z\u00e9ro net ne sera possible que dans 55 ans au plus t\u00f4t et co\u00fbtera au moins 10 \u00e0 30 milliards de francs par an. \u00ab&nbsp;<strong>L\u2019objectif z\u00e9ro net d\u2019ici 2050 est irr\u00e9aliste<\/strong>&nbsp;\u00bb, a d\u00e9clar\u00e9 Blocher. C\u2019est l\u2019\u00e9conomie et donc les consommateurs qui doivent assumer les co\u00fbts ; pour ce faire, l\u2019\u00e9conomie a besoin d\u2019un approvisionnement \u00e9lectrique et \u00e9nerg\u00e9tique fiable. Selon Markus Blocher, cela signifie concr\u00e8tement que la dur\u00e9e de vie des centrales nucl\u00e9aires doit \u00eatre de 80 ans. Pour assurer la transition jusqu\u2019\u00e0 ce qu\u2019il y ait suffisamment de production d\u2019\u00e9nergie alternatives avec des capacit\u00e9s de stockage et de transport d\u2019\u00e9lectricit\u00e9 suffisantes, il faut construire rapidement des g\u00e9n\u00e9rateurs d\u2019\u00e9lectricit\u00e9 \u00e0 base de combustibles fossiles, puis de combustibles \u00e9lectriques, afin de pouvoir pallier \u00e0 la p\u00e9nurie d\u2019\u00e9lectricit\u00e9. Sa conclusion sur la loi sur le gaspillage de l\u2019\u00e9lectricit\u00e9 : \u00ab&nbsp;<strong>Nous devons dire NON, c\u2019est trop t\u00f4t et trop cher.<\/strong>&nbsp;\u00bb<\/p>\n\n\n\n<p>Selon Lino Guzzella, scientifique et ancien pr\u00e9sident de l\u2019EPFZ, la loi sur le gaspillage de l\u2019\u00e9lectricit\u00e9 engendre \u00e9galement une aggravation de la crise \u00e9nerg\u00e9tique. \u00ab Avec les changements pr\u00e9vus \u2013 chauffage et mobilit\u00e9 \u00e9lectriques, fermeture des centrales nucl\u00e9aires, pas d\u2019importations, photovolta\u00efque comme nouvelle source centrale d\u2019\u00e9lectricit\u00e9 \u2013 environ 50% des besoins \u00e9lectriques de la Suisse ne seront pas couverts en hiver. \u00bb. Des installations photovolta\u00efques dans les Alpes am\u00e9lioreraient certes la situation, \u00ab&nbsp;<strong>mais pour produire suffisamment d\u2019\u00e9lectricit\u00e9 ainsi, il faudrait construire dans les Alpes 3\u2019300 installations solaires couvrant une surface de plus de 300 kilom\u00e8tres carr\u00e9s<\/strong>&nbsp;\u00bb.<\/p>\n\n\n\n<p><strong>\u00ab Sous pr\u00e9texte de prot\u00e9ger le climat, on veut sacrifier notre nature \u00bb<\/strong><br \/>Vera Weber, pr\u00e9sidente de la Fondation Franz Weber, organisation de protection de l\u2019environnement , a soulign\u00e9 dans son expos\u00e9 l\u2019aspect de la protection de la nature. \u00ab&nbsp;<strong>Ce qui s\u2019annonce est perfide et sournois. Sur l\u2019autel du tournant \u00e9nerg\u00e9tique, sous pr\u00e9texte d\u2019approvisionnement en \u00e9lectricit\u00e9 et de protection du climat, une majorit\u00e9 de nos \u00e9lus veut sacrifier notre bien le plus pr\u00e9cieux et le plus limit\u00e9 : ce qu\u2019il reste de notre nature, c\u2019est-\u00e0-dire notre biodiversit\u00e9, nos biotopes, nos for\u00eats et nos paysages intacts<\/strong>&nbsp;\u00bb. Au m\u00e9pris de notre Constitution, de nos lois et des r\u00e8gles de la d\u00e9mocratie directe, le Parlement foule aux pieds les valeurs de la Suisse et r\u00e9duit ainsi \u00e0 n\u00e9ant une grande partie des progr\u00e8s r\u00e9alis\u00e9s dans la protection de la nature et du paysage en Suisse.<\/p>\n\n\n\n<p>Les d\u00e9l\u00e9gu\u00e9s de l\u2019UDC Suisse ont d\u00e9cid\u00e9 \u00e0 l\u2019unanimit\u00e9 de voter NON \u00e0 la votation du 18 juin sur la loi sur le gaspillage de l\u2019\u00e9lectricit\u00e9 (Loi f\u00e9d\u00e9rale sur les objectifs en mati\u00e8re de protection du climat, sur l\u2019innovation et sur le renforcement de la s\u00e9curit\u00e9 \u00e9nerg\u00e9tique).<\/p>\n\n\n\n<p><strong>OUI \u00e0 l\u2019imposition minimum de l\u2019OCDE<\/strong><br \/>En ce qui concerne l\u2019arr\u00eat\u00e9 f\u00e9d\u00e9ral sur une imposition sp\u00e9ciale des grands groupes d\u2019entreprises (mise en \u0153uvre du projet OCDE\/G20 sur l\u2019imposition des grands groupes d\u2019entreprises), les d\u00e9l\u00e9gu\u00e9s ont d\u00e9cid\u00e9 de voter OUI par 112 voix contre 2 et 6 abstentions.<\/p>\n\n\n\n<p>172 d\u00e9l\u00e9gu\u00e9s et 32 invit\u00e9s ont particip\u00e9 \u00e0 l\u2019assembl\u00e9e \u00e0 Meyrin (GE). Comme il est courant dans les villes gouvern\u00e9es par la gauche, des cercles antid\u00e9mocratiques de gauche ont voulu perturber l\u2019assembl\u00e9e des d\u00e9l\u00e9gu\u00e9s ; la police genevoise s\u2019est rendue sur place avec un important dispositif. L\u2019UDC Suisse remercie chaleureusement les policiers et les polici\u00e8res pour leur engagement en faveur de notre d\u00e9mocratie.<\/p>\n","protected":false},"excerpt":{"rendered":"<p>Lors de leur assembl\u00e9e \u00e0 Meyrin (GE), les d\u00e9l\u00e9gu\u00e9s de l\u2019UDC Suisse se sont principalement pench\u00e9s sur la crise \u00e9nerg\u00e9tique et sur la loi sur le gaspillage de l\u2019\u00e9lectricit\u00e9, sur laquelle la population se prononcera le 18 juin 2023. Une loi qui, selon des experts comme l\u2019orateur invit\u00e9 et scientifique, le professeur Lino Guzzella, aggrave [&hellip;]<\/p>\n","protected":false},"author":1,"featured_media":2165,"comment_status":"closed","ping_status":"closed","sticky":false,"template":"","format":"standard","meta":{"footnotes":""},"categories":[13,97],"tags":[101,102,105],"class_list":["post-2164","post","type-post","status-publish","format-standard","has-post-thumbnail","hentry","category-chablais","category-vaud","tag-electricite","tag-energie","tag-votation"],"yoast_head":"<!-- This site is optimized with the Yoast SEO plugin v27.4 - https:\/\/yoast.com\/product\/yoast-seo-wordpress\/ -->\n<title>UDC Chablais &#8226; Co\u00fbteuse, irr\u00e9aliste et nuisible \u00e0 l\u2019environnement : les d\u00e9l\u00e9gu\u00e9s de l\u2019UDC Suisse disent NON \u00e0 l\u2019unanimit\u00e9 \u00e0 la loi sur le gaspillage de l\u2019\u00e9lectricit\u00e9<\/title>\n<meta name=\"robots\" content=\"index, follow, max-snippet:-1, max-image-preview:large, max-video-preview:-1\" \/>\n<link rel=\"canonical\" href=\"https:\/\/www.udc-chablais.ch\/?p=2164\" \/>\n<meta property=\"og:locale\" content=\"fr_FR\" \/>\n<meta property=\"og:type\" content=\"article\" \/>\n<meta property=\"og:title\" content=\"UDC Chablais &#8226; Co\u00fbteuse, irr\u00e9aliste et nuisible \u00e0 l\u2019environnement : les d\u00e9l\u00e9gu\u00e9s de l\u2019UDC Suisse disent NON \u00e0 l\u2019unanimit\u00e9 \u00e0 la loi sur le gaspillage de l\u2019\u00e9lectricit\u00e9\" \/>\n<meta property=\"og:description\" content=\"Lors de leur assembl\u00e9e \u00e0 Meyrin (GE), les d\u00e9l\u00e9gu\u00e9s de l\u2019UDC Suisse se sont principalement pench\u00e9s sur la crise \u00e9nerg\u00e9tique et sur la loi sur le gaspillage de l\u2019\u00e9lectricit\u00e9, sur laquelle la population se prononcera le 18 juin 2023. Une loi qui, selon des experts comme l\u2019orateur invit\u00e9 et scientifique, le professeur Lino Guzzella, aggrave [&hellip;]\" \/>\n<meta property=\"og:url\" content=\"https:\/\/www.udc-chablais.ch\/?p=2164\" \/>\n<meta property=\"og:site_name\" content=\"UDC Chablais\" \/>\n<meta property=\"article:published_time\" content=\"2023-03-21T07:56:13+00:00\" \/>\n<meta property=\"article:modified_time\" content=\"2023-03-21T07:56:14+00:00\" \/>\n<meta property=\"og:image\" content=\"https:\/\/www.udc-chablais.ch\/wp-content\/uploads\/dv-genf-article-1280x720-1.webp\" \/>\n\t<meta property=\"og:image:width\" content=\"1280\" \/>\n\t<meta property=\"og:image:height\" content=\"720\" \/>\n\t<meta property=\"og:image:type\" content=\"image\/webp\" \/>\n<meta name=\"author\" content=\"webmaster\" \/>\n<meta name=\"twitter:card\" content=\"summary_large_image\" \/>\n<meta name=\"twitter:label1\" content=\"\u00c9crit par\" \/>\n\t<meta name=\"twitter:data1\" content=\"webmaster\" \/>\n\t<meta name=\"twitter:label2\" content=\"Dur\u00e9e de lecture estim\u00e9e\" \/>\n\t<meta name=\"twitter:data2\" content=\"5 minutes\" \/>\n<script type=\"application\/ld+json\" class=\"yoast-schema-graph\">{\"@context\":\"https:\\\/\\\/schema.org\",\"@graph\":[{\"@type\":\"Article\",\"@id\":\"https:\\\/\\\/www.udc-chablais.ch\\\/?p=2164#article\",\"isPartOf\":{\"@id\":\"https:\\\/\\\/www.udc-chablais.ch\\\/?p=2164\"},\"author\":{\"name\":\"webmaster\",\"@id\":\"https:\\\/\\\/www.udc-chablais.ch\\\/#\\\/schema\\\/person\\\/b62eaf6c7a833297cce77dfb363e9fa3\"},\"headline\":\"Co\u00fbteuse, irr\u00e9aliste et nuisible \u00e0 l\u2019environnement : les d\u00e9l\u00e9gu\u00e9s de l\u2019UDC Suisse disent NON \u00e0 l\u2019unanimit\u00e9 \u00e0 la loi sur le gaspillage de l\u2019\u00e9lectricit\u00e9\",\"datePublished\":\"2023-03-21T07:56:13+00:00\",\"dateModified\":\"2023-03-21T07:56:14+00:00\",\"mainEntityOfPage\":{\"@id\":\"https:\\\/\\\/www.udc-chablais.ch\\\/?p=2164\"},\"wordCount\":965,\"publisher\":{\"@id\":\"https:\\\/\\\/www.udc-chablais.ch\\\/#organization\"},\"image\":{\"@id\":\"https:\\\/\\\/www.udc-chablais.ch\\\/?p=2164#primaryimage\"},\"thumbnailUrl\":\"https:\\\/\\\/www.udc-chablais.ch\\\/wp-content\\\/uploads\\\/dv-genf-article-1280x720-1.webp\",\"keywords\":[\"\u00e9lectricit\u00e9\",\"\u00e9nergie\",\"votation\"],\"articleSection\":[\"Chablais\",\"Vaud\"],\"inLanguage\":\"fr-FR\"},{\"@type\":\"WebPage\",\"@id\":\"https:\\\/\\\/www.udc-chablais.ch\\\/?p=2164\",\"url\":\"https:\\\/\\\/www.udc-chablais.ch\\\/?p=2164\",\"name\":\"UDC Chablais &#8226; Co\u00fbteuse, irr\u00e9aliste et nuisible \u00e0 l\u2019environnement : les d\u00e9l\u00e9gu\u00e9s de l\u2019UDC Suisse disent NON \u00e0 l\u2019unanimit\u00e9 \u00e0 la loi sur le gaspillage de l\u2019\u00e9lectricit\u00e9\",\"isPartOf\":{\"@id\":\"https:\\\/\\\/www.udc-chablais.ch\\\/#website\"},\"primaryImageOfPage\":{\"@id\":\"https:\\\/\\\/www.udc-chablais.ch\\\/?p=2164#primaryimage\"},\"image\":{\"@id\":\"https:\\\/\\\/www.udc-chablais.ch\\\/?p=2164#primaryimage\"},\"thumbnailUrl\":\"https:\\\/\\\/www.udc-chablais.ch\\\/wp-content\\\/uploads\\\/dv-genf-article-1280x720-1.webp\",\"datePublished\":\"2023-03-21T07:56:13+00:00\",\"dateModified\":\"2023-03-21T07:56:14+00:00\",\"breadcrumb\":{\"@id\":\"https:\\\/\\\/www.udc-chablais.ch\\\/?p=2164#breadcrumb\"},\"inLanguage\":\"fr-FR\",\"potentialAction\":[{\"@type\":\"ReadAction\",\"target\":[\"https:\\\/\\\/www.udc-chablais.ch\\\/?p=2164\"]}]},{\"@type\":\"ImageObject\",\"inLanguage\":\"fr-FR\",\"@id\":\"https:\\\/\\\/www.udc-chablais.ch\\\/?p=2164#primaryimage\",\"url\":\"https:\\\/\\\/www.udc-chablais.ch\\\/wp-content\\\/uploads\\\/dv-genf-article-1280x720-1.webp\",\"contentUrl\":\"https:\\\/\\\/www.udc-chablais.ch\\\/wp-content\\\/uploads\\\/dv-genf-article-1280x720-1.webp\",\"width\":1280,\"height\":720},{\"@type\":\"BreadcrumbList\",\"@id\":\"https:\\\/\\\/www.udc-chablais.ch\\\/?p=2164#breadcrumb\",\"itemListElement\":[{\"@type\":\"ListItem\",\"position\":1,\"name\":\"Accueil\",\"item\":\"https:\\\/\\\/www.udc-chablais.ch\\\/\"},{\"@type\":\"ListItem\",\"position\":2,\"name\":\"Co\u00fbteuse, irr\u00e9aliste et nuisible \u00e0 l\u2019environnement : les d\u00e9l\u00e9gu\u00e9s de l\u2019UDC Suisse disent NON \u00e0 l\u2019unanimit\u00e9 \u00e0 la loi sur le gaspillage de l\u2019\u00e9lectricit\u00e9\"}]},{\"@type\":\"WebSite\",\"@id\":\"https:\\\/\\\/www.udc-chablais.ch\\\/#website\",\"url\":\"https:\\\/\\\/www.udc-chablais.ch\\\/\",\"name\":\"UDC Chablais\",\"description\":\"Une politique, la r\u00e9gion en plus\",\"publisher\":{\"@id\":\"https:\\\/\\\/www.udc-chablais.ch\\\/#organization\"},\"potentialAction\":[{\"@type\":\"SearchAction\",\"target\":{\"@type\":\"EntryPoint\",\"urlTemplate\":\"https:\\\/\\\/www.udc-chablais.ch\\\/?s={search_term_string}\"},\"query-input\":{\"@type\":\"PropertyValueSpecification\",\"valueRequired\":true,\"valueName\":\"search_term_string\"}}],\"inLanguage\":\"fr-FR\"},{\"@type\":\"Organization\",\"@id\":\"https:\\\/\\\/www.udc-chablais.ch\\\/#organization\",\"name\":\"UDC Chablais\",\"url\":\"https:\\\/\\\/www.udc-chablais.ch\\\/\",\"logo\":{\"@type\":\"ImageObject\",\"inLanguage\":\"fr-FR\",\"@id\":\"https:\\\/\\\/www.udc-chablais.ch\\\/#\\\/schema\\\/logo\\\/image\\\/\",\"url\":\"https:\\\/\\\/www.udc-chablais.ch\\\/wp-content\\\/uploads\\\/udc_chablais_logo_new_travail.jpg\",\"contentUrl\":\"https:\\\/\\\/www.udc-chablais.ch\\\/wp-content\\\/uploads\\\/udc_chablais_logo_new_travail.jpg\",\"width\":150,\"height\":150,\"caption\":\"UDC Chablais\"},\"image\":{\"@id\":\"https:\\\/\\\/www.udc-chablais.ch\\\/#\\\/schema\\\/logo\\\/image\\\/\"}},{\"@type\":\"Person\",\"@id\":\"https:\\\/\\\/www.udc-chablais.ch\\\/#\\\/schema\\\/person\\\/b62eaf6c7a833297cce77dfb363e9fa3\",\"name\":\"webmaster\",\"sameAs\":[\"http:\\\/\\\/www.dylankarlen.ch\"],\"url\":\"https:\\\/\\\/www.udc-chablais.ch\\\/?author=1\"}]}<\/script>\n<!-- \/ Yoast SEO plugin. -->","yoast_head_json":{"title":"UDC Chablais &#8226; Co\u00fbteuse, irr\u00e9aliste et nuisible \u00e0 l\u2019environnement : les d\u00e9l\u00e9gu\u00e9s de l\u2019UDC Suisse disent NON \u00e0 l\u2019unanimit\u00e9 \u00e0 la loi sur le gaspillage de l\u2019\u00e9lectricit\u00e9","robots":{"index":"index","follow":"follow","max-snippet":"max-snippet:-1","max-image-preview":"max-image-preview:large","max-video-preview":"max-video-preview:-1"},"canonical":"https:\/\/www.udc-chablais.ch\/?p=2164","og_locale":"fr_FR","og_type":"article","og_title":"UDC Chablais &#8226; Co\u00fbteuse, irr\u00e9aliste et nuisible \u00e0 l\u2019environnement : les d\u00e9l\u00e9gu\u00e9s de l\u2019UDC Suisse disent NON \u00e0 l\u2019unanimit\u00e9 \u00e0 la loi sur le gaspillage de l\u2019\u00e9lectricit\u00e9","og_description":"Lors de leur assembl\u00e9e \u00e0 Meyrin (GE), les d\u00e9l\u00e9gu\u00e9s de l\u2019UDC Suisse se sont principalement pench\u00e9s sur la crise \u00e9nerg\u00e9tique et sur la loi sur le gaspillage de l\u2019\u00e9lectricit\u00e9, sur laquelle la population se prononcera le 18 juin 2023. Une loi qui, selon des experts comme l\u2019orateur invit\u00e9 et scientifique, le professeur Lino Guzzella, aggrave [&hellip;]","og_url":"https:\/\/www.udc-chablais.ch\/?p=2164","og_site_name":"UDC Chablais","article_published_time":"2023-03-21T07:56:13+00:00","article_modified_time":"2023-03-21T07:56:14+00:00","og_image":[{"width":1280,"height":720,"url":"https:\/\/www.udc-chablais.ch\/wp-content\/uploads\/dv-genf-article-1280x720-1.webp","type":"image\/webp"}],"author":"webmaster","twitter_card":"summary_large_image","twitter_misc":{"\u00c9crit par":"webmaster","Dur\u00e9e de lecture estim\u00e9e":"5 minutes"},"schema":{"@context":"https:\/\/schema.org","@graph":[{"@type":"Article","@id":"https:\/\/www.udc-chablais.ch\/?p=2164#article","isPartOf":{"@id":"https:\/\/www.udc-chablais.ch\/?p=2164"},"author":{"name":"webmaster","@id":"https:\/\/www.udc-chablais.ch\/#\/schema\/person\/b62eaf6c7a833297cce77dfb363e9fa3"},"headline":"Co\u00fbteuse, irr\u00e9aliste et nuisible \u00e0 l\u2019environnement : les d\u00e9l\u00e9gu\u00e9s de l\u2019UDC Suisse disent NON \u00e0 l\u2019unanimit\u00e9 \u00e0 la loi sur le gaspillage de l\u2019\u00e9lectricit\u00e9","datePublished":"2023-03-21T07:56:13+00:00","dateModified":"2023-03-21T07:56:14+00:00","mainEntityOfPage":{"@id":"https:\/\/www.udc-chablais.ch\/?p=2164"},"wordCount":965,"publisher":{"@id":"https:\/\/www.udc-chablais.ch\/#organization"},"image":{"@id":"https:\/\/www.udc-chablais.ch\/?p=2164#primaryimage"},"thumbnailUrl":"https:\/\/www.udc-chablais.ch\/wp-content\/uploads\/dv-genf-article-1280x720-1.webp","keywords":["\u00e9lectricit\u00e9","\u00e9nergie","votation"],"articleSection":["Chablais","Vaud"],"inLanguage":"fr-FR"},{"@type":"WebPage","@id":"https:\/\/www.udc-chablais.ch\/?p=2164","url":"https:\/\/www.udc-chablais.ch\/?p=2164","name":"UDC Chablais &#8226; Co\u00fbteuse, irr\u00e9aliste et nuisible \u00e0 l\u2019environnement : les d\u00e9l\u00e9gu\u00e9s de l\u2019UDC Suisse disent NON \u00e0 l\u2019unanimit\u00e9 \u00e0 la loi sur le gaspillage de l\u2019\u00e9lectricit\u00e9","isPartOf":{"@id":"https:\/\/www.udc-chablais.ch\/#website"},"primaryImageOfPage":{"@id":"https:\/\/www.udc-chablais.ch\/?p=2164#primaryimage"},"image":{"@id":"https:\/\/www.udc-chablais.ch\/?p=2164#primaryimage"},"thumbnailUrl":"https:\/\/www.udc-chablais.ch\/wp-content\/uploads\/dv-genf-article-1280x720-1.webp","datePublished":"2023-03-21T07:56:13+00:00","dateModified":"2023-03-21T07:56:14+00:00","breadcrumb":{"@id":"https:\/\/www.udc-chablais.ch\/?p=2164#breadcrumb"},"inLanguage":"fr-FR","potentialAction":[{"@type":"ReadAction","target":["https:\/\/www.udc-chablais.ch\/?p=2164"]}]},{"@type":"ImageObject","inLanguage":"fr-FR","@id":"https:\/\/www.udc-chablais.ch\/?p=2164#primaryimage","url":"https:\/\/www.udc-chablais.ch\/wp-content\/uploads\/dv-genf-article-1280x720-1.webp","contentUrl":"https:\/\/www.udc-chablais.ch\/wp-content\/uploads\/dv-genf-article-1280x720-1.webp","width":1280,"height":720},{"@type":"BreadcrumbList","@id":"https:\/\/www.udc-chablais.ch\/?p=2164#breadcrumb","itemListElement":[{"@type":"ListItem","position":1,"name":"Accueil","item":"https:\/\/www.udc-chablais.ch\/"},{"@type":"ListItem","position":2,"name":"Co\u00fbteuse, irr\u00e9aliste et nuisible \u00e0 l\u2019environnement : les d\u00e9l\u00e9gu\u00e9s de l\u2019UDC Suisse disent NON \u00e0 l\u2019unanimit\u00e9 \u00e0 la loi sur le gaspillage de l\u2019\u00e9lectricit\u00e9"}]},{"@type":"WebSite","@id":"https:\/\/www.udc-chablais.ch\/#website","url":"https:\/\/www.udc-chablais.ch\/","name":"UDC Chablais","description":"Une politique, la r\u00e9gion en plus","publisher":{"@id":"https:\/\/www.udc-chablais.ch\/#organization"},"potentialAction":[{"@type":"SearchAction","target":{"@type":"EntryPoint","urlTemplate":"https:\/\/www.udc-chablais.ch\/?s={search_term_string}"},"query-input":{"@type":"PropertyValueSpecification","valueRequired":true,"valueName":"search_term_string"}}],"inLanguage":"fr-FR"},{"@type":"Organization","@id":"https:\/\/www.udc-chablais.ch\/#organization","name":"UDC Chablais","url":"https:\/\/www.udc-chablais.ch\/","logo":{"@type":"ImageObject","inLanguage":"fr-FR","@id":"https:\/\/www.udc-chablais.ch\/#\/schema\/logo\/image\/","url":"https:\/\/www.udc-chablais.ch\/wp-content\/uploads\/udc_chablais_logo_new_travail.jpg","contentUrl":"https:\/\/www.udc-chablais.ch\/wp-content\/uploads\/udc_chablais_logo_new_travail.jpg","width":150,"height":150,"caption":"UDC Chablais"},"image":{"@id":"https:\/\/www.udc-chablais.ch\/#\/schema\/logo\/image\/"}},{"@type":"Person","@id":"https:\/\/www.udc-chablais.ch\/#\/schema\/person\/b62eaf6c7a833297cce77dfb363e9fa3","name":"webmaster","sameAs":["http:\/\/www.dylankarlen.ch"],"url":"https:\/\/www.udc-chablais.ch\/?author=1"}]}},"_links":{"self":[{"href":"https:\/\/www.udc-chablais.ch\/index.php?rest_route=\/wp\/v2\/posts\/2164","targetHints":{"allow":["GET"]}}],"collection":[{"href":"https:\/\/www.udc-chablais.ch\/index.php?rest_route=\/wp\/v2\/posts"}],"about":[{"href":"https:\/\/www.udc-chablais.ch\/index.php?rest_route=\/wp\/v2\/types\/post"}],"author":[{"embeddable":true,"href":"https:\/\/www.udc-chablais.ch\/index.php?rest_route=\/wp\/v2\/users\/1"}],"replies":[{"embeddable":true,"href":"https:\/\/www.udc-chablais.ch\/index.php?rest_route=%2Fwp%2Fv2%2Fcomments&post=2164"}],"version-history":[{"count":1,"href":"https:\/\/www.udc-chablais.ch\/index.php?rest_route=\/wp\/v2\/posts\/2164\/revisions"}],"predecessor-version":[{"id":2166,"href":"https:\/\/www.udc-chablais.ch\/index.php?rest_route=\/wp\/v2\/posts\/2164\/revisions\/2166"}],"wp:featuredmedia":[{"embeddable":true,"href":"https:\/\/www.udc-chablais.ch\/index.php?rest_route=\/wp\/v2\/media\/2165"}],"wp:attachment":[{"href":"https:\/\/www.udc-chablais.ch\/index.php?rest_route=%2Fwp%2Fv2%2Fmedia&parent=2164"}],"wp:term":[{"taxonomy":"category","embeddable":true,"href":"https:\/\/www.udc-chablais.ch\/index.php?rest_route=%2Fwp%2Fv2%2Fcategories&post=2164"},{"taxonomy":"post_tag","embeddable":true,"href":"https:\/\/www.udc-chablais.ch\/index.php?rest_route=%2Fwp%2Fv2%2Ftags&post=2164"}],"curies":[{"name":"wp","href":"https:\/\/api.w.org\/{rel}","templated":true}]}}