{"id":344,"date":"2012-05-21T15:09:10","date_gmt":"2012-05-21T14:09:10","guid":{"rendered":"http:\/\/www.udc-chablais.ch\/?p=344"},"modified":"2012-12-21T11:25:39","modified_gmt":"2012-12-21T10:25:39","slug":"ludc-chablais-tient-son-assemblee-generale-extraordinaire","status":"publish","type":"post","link":"https:\/\/www.udc-chablais.ch\/?p=344","title":{"rendered":"L&rsquo;UDC Chablais tient son assembl\u00e9e g\u00e9n\u00e9rale extraordinaire"},"content":{"rendered":"<p>Le comit\u00e9 a l\u2019immense plaisir de convoquer ses membres pour\u00a0l&rsquo;Assembl\u00e9e g\u00e9n\u00e9rale extraordinaire d\u2019arrondissement UDC-Chablais qui se tiendra le <strong>mercredi 6 juin 2012, <\/strong>\u00e0 20h00, \u00e0 la buvette du Camping Clos de la George, \u00e0 Yvorne<!--more--><\/p>\n<p>L\u2019ordre du jour sera le suivant\u00a0:<\/p>\n<ol>\n<li>Appel<\/li>\n<li>Adoption de l\u2019ordre du jour<\/li>\n<li>Messages de bienvenue<\/li>\n<li>R\u00e9sultats des \u00e9lections au Grand Conseil 2012<\/li>\n<li>Informations relatives \u00e0 la r\u00e9organisation de l\u2019UDC Chablais<\/li>\n<li>Election compl\u00e9mentaire\u00a0du vice-pr\u00e9sident d\u2019arrondissement<\/li>\n<li>Divers et propositions individuelles<\/li>\n<\/ol>\n<p>&nbsp;<\/p>\n","protected":false},"excerpt":{"rendered":"<p>Le comit\u00e9 a l\u2019immense plaisir de convoquer ses membres pour\u00a0l&rsquo;Assembl\u00e9e g\u00e9n\u00e9rale extraordinaire d\u2019arrondissement UDC-Chablais qui se tiendra le mercredi 6 juin 2012, \u00e0 20h00, \u00e0 la buvette du Camping Clos de la George, \u00e0 Yvorne<\/p>\n","protected":false},"author":1,"featured_media":0,"comment_status":"closed","ping_status":"closed","sticky":false,"template":"","format":"standard","meta":{"footnotes":""},"categories":[13],"tags":[23],"class_list":["post-344","post","type-post","status-publish","format-standard","hentry","category-chablais","tag-assemblee"],"yoast_head":"<!-- This site is optimized with the Yoast SEO plugin v27.4 - https:\/\/yoast.com\/product\/yoast-seo-wordpress\/ -->\n<title>UDC Chablais &#8226; L&#039;UDC Chablais tient son assembl\u00e9e g\u00e9n\u00e9rale extraordinaire<\/title>\n<meta name=\"robots\" content=\"index, follow, max-snippet:-1, max-image-preview:large, max-video-preview:-1\" \/>\n<link rel=\"canonical\" href=\"https:\/\/www.udc-chablais.ch\/?p=344\" \/>\n<meta property=\"og:locale\" content=\"fr_FR\" \/>\n<meta property=\"og:type\" content=\"article\" \/>\n<meta property=\"og:title\" content=\"UDC Chablais &#8226; L&#039;UDC Chablais tient son assembl\u00e9e g\u00e9n\u00e9rale extraordinaire\" \/>\n<meta property=\"og:description\" content=\"Le comit\u00e9 a l\u2019immense plaisir de convoquer ses membres pour\u00a0l&rsquo;Assembl\u00e9e g\u00e9n\u00e9rale extraordinaire d\u2019arrondissement UDC-Chablais qui se tiendra le mercredi 6 juin 2012, \u00e0 20h00, \u00e0 la buvette du Camping Clos de la George, \u00e0 Yvorne\" \/>\n<meta property=\"og:url\" content=\"https:\/\/www.udc-chablais.ch\/?p=344\" \/>\n<meta property=\"og:site_name\" content=\"UDC Chablais\" \/>\n<meta property=\"article:published_time\" content=\"2012-05-21T14:09:10+00:00\" \/>\n<meta property=\"article:modified_time\" content=\"2012-12-21T10:25:39+00:00\" \/>\n<meta name=\"author\" content=\"webmaster\" \/>\n<meta name=\"twitter:card\" content=\"summary_large_image\" \/>\n<meta name=\"twitter:label1\" content=\"\u00c9crit par\" \/>\n\t<meta name=\"twitter:data1\" content=\"webmaster\" \/>\n<script type=\"application\/ld+json\" class=\"yoast-schema-graph\">{\"@context\":\"https:\\\/\\\/schema.org\",\"@graph\":[{\"@type\":\"Article\",\"@id\":\"https:\\\/\\\/www.udc-chablais.ch\\\/?p=344#article\",\"isPartOf\":{\"@id\":\"https:\\\/\\\/www.udc-chablais.ch\\\/?p=344\"},\"author\":{\"name\":\"webmaster\",\"@id\":\"https:\\\/\\\/www.udc-chablais.ch\\\/#\\\/schema\\\/person\\\/b62eaf6c7a833297cce77dfb363e9fa3\"},\"headline\":\"L&rsquo;UDC Chablais tient son assembl\u00e9e g\u00e9n\u00e9rale extraordinaire\",\"datePublished\":\"2012-05-21T14:09:10+00:00\",\"dateModified\":\"2012-12-21T10:25:39+00:00\",\"mainEntityOfPage\":{\"@id\":\"https:\\\/\\\/www.udc-chablais.ch\\\/?p=344\"},\"wordCount\":94,\"publisher\":{\"@id\":\"https:\\\/\\\/www.udc-chablais.ch\\\/#organization\"},\"keywords\":[\"assembl\u00e9e\"],\"articleSection\":[\"Chablais\"],\"inLanguage\":\"fr-FR\"},{\"@type\":\"WebPage\",\"@id\":\"https:\\\/\\\/www.udc-chablais.ch\\\/?p=344\",\"url\":\"https:\\\/\\\/www.udc-chablais.ch\\\/?p=344\",\"name\":\"UDC Chablais &#8226; L'UDC Chablais tient son assembl\u00e9e g\u00e9n\u00e9rale extraordinaire\",\"isPartOf\":{\"@id\":\"https:\\\/\\\/www.udc-chablais.ch\\\/#website\"},\"datePublished\":\"2012-05-21T14:09:10+00:00\",\"dateModified\":\"2012-12-21T10:25:39+00:00\",\"breadcrumb\":{\"@id\":\"https:\\\/\\\/www.udc-chablais.ch\\\/?p=344#breadcrumb\"},\"inLanguage\":\"fr-FR\",\"potentialAction\":[{\"@type\":\"ReadAction\",\"target\":[\"https:\\\/\\\/www.udc-chablais.ch\\\/?p=344\"]}]},{\"@type\":\"BreadcrumbList\",\"@id\":\"https:\\\/\\\/www.udc-chablais.ch\\\/?p=344#breadcrumb\",\"itemListElement\":[{\"@type\":\"ListItem\",\"position\":1,\"name\":\"Accueil\",\"item\":\"https:\\\/\\\/www.udc-chablais.ch\\\/\"},{\"@type\":\"ListItem\",\"position\":2,\"name\":\"L&rsquo;UDC Chablais tient son assembl\u00e9e g\u00e9n\u00e9rale extraordinaire\"}]},{\"@type\":\"WebSite\",\"@id\":\"https:\\\/\\\/www.udc-chablais.ch\\\/#website\",\"url\":\"https:\\\/\\\/www.udc-chablais.ch\\\/\",\"name\":\"UDC Chablais\",\"description\":\"Une politique, la r\u00e9gion en plus\",\"publisher\":{\"@id\":\"https:\\\/\\\/www.udc-chablais.ch\\\/#organization\"},\"potentialAction\":[{\"@type\":\"SearchAction\",\"target\":{\"@type\":\"EntryPoint\",\"urlTemplate\":\"https:\\\/\\\/www.udc-chablais.ch\\\/?s={search_term_string}\"},\"query-input\":{\"@type\":\"PropertyValueSpecification\",\"valueRequired\":true,\"valueName\":\"search_term_string\"}}],\"inLanguage\":\"fr-FR\"},{\"@type\":\"Organization\",\"@id\":\"https:\\\/\\\/www.udc-chablais.ch\\\/#organization\",\"name\":\"UDC Chablais\",\"url\":\"https:\\\/\\\/www.udc-chablais.ch\\\/\",\"logo\":{\"@type\":\"ImageObject\",\"inLanguage\":\"fr-FR\",\"@id\":\"https:\\\/\\\/www.udc-chablais.ch\\\/#\\\/schema\\\/logo\\\/image\\\/\",\"url\":\"https:\\\/\\\/www.udc-chablais.ch\\\/wp-content\\\/uploads\\\/udc_chablais_logo_new_travail.jpg\",\"contentUrl\":\"https:\\\/\\\/www.udc-chablais.ch\\\/wp-content\\\/uploads\\\/udc_chablais_logo_new_travail.jpg\",\"width\":150,\"height\":150,\"caption\":\"UDC Chablais\"},\"image\":{\"@id\":\"https:\\\/\\\/www.udc-chablais.ch\\\/#\\\/schema\\\/logo\\\/image\\\/\"}},{\"@type\":\"Person\",\"@id\":\"https:\\\/\\\/www.udc-chablais.ch\\\/#\\\/schema\\\/person\\\/b62eaf6c7a833297cce77dfb363e9fa3\",\"name\":\"webmaster\",\"sameAs\":[\"http:\\\/\\\/www.dylankarlen.ch\"],\"url\":\"https:\\\/\\\/www.udc-chablais.ch\\\/?author=1\"}]}<\/script>\n<!-- \/ Yoast SEO plugin. -->","yoast_head_json":{"title":"UDC Chablais &#8226; L'UDC Chablais tient son assembl\u00e9e g\u00e9n\u00e9rale extraordinaire","robots":{"index":"index","follow":"follow","max-snippet":"max-snippet:-1","max-image-preview":"max-image-preview:large","max-video-preview":"max-video-preview:-1"},"canonical":"https:\/\/www.udc-chablais.ch\/?p=344","og_locale":"fr_FR","og_type":"article","og_title":"UDC Chablais &#8226; L'UDC Chablais tient son assembl\u00e9e g\u00e9n\u00e9rale extraordinaire","og_description":"Le comit\u00e9 a l\u2019immense plaisir de convoquer ses membres pour\u00a0l&rsquo;Assembl\u00e9e g\u00e9n\u00e9rale extraordinaire d\u2019arrondissement UDC-Chablais qui se tiendra le mercredi 6 juin 2012, \u00e0 20h00, \u00e0 la buvette du Camping Clos de la George, \u00e0 Yvorne","og_url":"https:\/\/www.udc-chablais.ch\/?p=344","og_site_name":"UDC Chablais","article_published_time":"2012-05-21T14:09:10+00:00","article_modified_time":"2012-12-21T10:25:39+00:00","author":"webmaster","twitter_card":"summary_large_image","twitter_misc":{"\u00c9crit par":"webmaster"},"schema":{"@context":"https:\/\/schema.org","@graph":[{"@type":"Article","@id":"https:\/\/www.udc-chablais.ch\/?p=344#article","isPartOf":{"@id":"https:\/\/www.udc-chablais.ch\/?p=344"},"author":{"name":"webmaster","@id":"https:\/\/www.udc-chablais.ch\/#\/schema\/person\/b62eaf6c7a833297cce77dfb363e9fa3"},"headline":"L&rsquo;UDC Chablais tient son assembl\u00e9e g\u00e9n\u00e9rale extraordinaire","datePublished":"2012-05-21T14:09:10+00:00","dateModified":"2012-12-21T10:25:39+00:00","mainEntityOfPage":{"@id":"https:\/\/www.udc-chablais.ch\/?p=344"},"wordCount":94,"publisher":{"@id":"https:\/\/www.udc-chablais.ch\/#organization"},"keywords":["assembl\u00e9e"],"articleSection":["Chablais"],"inLanguage":"fr-FR"},{"@type":"WebPage","@id":"https:\/\/www.udc-chablais.ch\/?p=344","url":"https:\/\/www.udc-chablais.ch\/?p=344","name":"UDC Chablais &#8226; L'UDC Chablais tient son assembl\u00e9e g\u00e9n\u00e9rale extraordinaire","isPartOf":{"@id":"https:\/\/www.udc-chablais.ch\/#website"},"datePublished":"2012-05-21T14:09:10+00:00","dateModified":"2012-12-21T10:25:39+00:00","breadcrumb":{"@id":"https:\/\/www.udc-chablais.ch\/?p=344#breadcrumb"},"inLanguage":"fr-FR","potentialAction":[{"@type":"ReadAction","target":["https:\/\/www.udc-chablais.ch\/?p=344"]}]},{"@type":"BreadcrumbList","@id":"https:\/\/www.udc-chablais.ch\/?p=344#breadcrumb","itemListElement":[{"@type":"ListItem","position":1,"name":"Accueil","item":"https:\/\/www.udc-chablais.ch\/"},{"@type":"ListItem","position":2,"name":"L&rsquo;UDC Chablais tient son assembl\u00e9e g\u00e9n\u00e9rale extraordinaire"}]},{"@type":"WebSite","@id":"https:\/\/www.udc-chablais.ch\/#website","url":"https:\/\/www.udc-chablais.ch\/","name":"UDC Chablais","description":"Une politique, la r\u00e9gion en plus","publisher":{"@id":"https:\/\/www.udc-chablais.ch\/#organization"},"potentialAction":[{"@type":"SearchAction","target":{"@type":"EntryPoint","urlTemplate":"https:\/\/www.udc-chablais.ch\/?s={search_term_string}"},"query-input":{"@type":"PropertyValueSpecification","valueRequired":true,"valueName":"search_term_string"}}],"inLanguage":"fr-FR"},{"@type":"Organization","@id":"https:\/\/www.udc-chablais.ch\/#organization","name":"UDC Chablais","url":"https:\/\/www.udc-chablais.ch\/","logo":{"@type":"ImageObject","inLanguage":"fr-FR","@id":"https:\/\/www.udc-chablais.ch\/#\/schema\/logo\/image\/","url":"https:\/\/www.udc-chablais.ch\/wp-content\/uploads\/udc_chablais_logo_new_travail.jpg","contentUrl":"https:\/\/www.udc-chablais.ch\/wp-content\/uploads\/udc_chablais_logo_new_travail.jpg","width":150,"height":150,"caption":"UDC Chablais"},"image":{"@id":"https:\/\/www.udc-chablais.ch\/#\/schema\/logo\/image\/"}},{"@type":"Person","@id":"https:\/\/www.udc-chablais.ch\/#\/schema\/person\/b62eaf6c7a833297cce77dfb363e9fa3","name":"webmaster","sameAs":["http:\/\/www.dylankarlen.ch"],"url":"https:\/\/www.udc-chablais.ch\/?author=1"}]}},"_links":{"self":[{"href":"https:\/\/www.udc-chablais.ch\/index.php?rest_route=\/wp\/v2\/posts\/344","targetHints":{"allow":["GET"]}}],"collection":[{"href":"https:\/\/www.udc-chablais.ch\/index.php?rest_route=\/wp\/v2\/posts"}],"about":[{"href":"https:\/\/www.udc-chablais.ch\/index.php?rest_route=\/wp\/v2\/types\/post"}],"author":[{"embeddable":true,"href":"https:\/\/www.udc-chablais.ch\/index.php?rest_route=\/wp\/v2\/users\/1"}],"replies":[{"embeddable":true,"href":"https:\/\/www.udc-chablais.ch\/index.php?rest_route=%2Fwp%2Fv2%2Fcomments&post=344"}],"version-history":[{"count":6,"href":"https:\/\/www.udc-chablais.ch\/index.php?rest_route=\/wp\/v2\/posts\/344\/revisions"}],"predecessor-version":[{"id":645,"href":"https:\/\/www.udc-chablais.ch\/index.php?rest_route=\/wp\/v2\/posts\/344\/revisions\/645"}],"wp:attachment":[{"href":"https:\/\/www.udc-chablais.ch\/index.php?rest_route=%2Fwp%2Fv2%2Fmedia&parent=344"}],"wp:term":[{"taxonomy":"category","embeddable":true,"href":"https:\/\/www.udc-chablais.ch\/index.php?rest_route=%2Fwp%2Fv2%2Fcategories&post=344"},{"taxonomy":"post_tag","embeddable":true,"href":"https:\/\/www.udc-chablais.ch\/index.php?rest_route=%2Fwp%2Fv2%2Ftags&post=344"}],"curies":[{"name":"wp","href":"https:\/\/api.w.org\/{rel}","templated":true}]}}