{"id":390,"date":"2012-06-22T08:58:41","date_gmt":"2012-06-22T07:58:41","guid":{"rendered":"http:\/\/www.udc-chablais.ch\/?p=390"},"modified":"2012-12-21T11:23:39","modified_gmt":"2012-12-21T10:23:39","slug":"premiere-presidence-udc-au-conseil-communal-de-villeneuve","status":"publish","type":"post","link":"https:\/\/www.udc-chablais.ch\/?p=390","title":{"rendered":"Premi\u00e8re pr\u00e9sidence UDC au Conseil communal de Villeneuve"},"content":{"rendered":"<p><a href=\"http:\/\/www.udc-chablais.ch.preview02.oxito.com\/wp-content\/uploads\/2012\/01\/dsk.jpg\"><img loading=\"lazy\" decoding=\"async\" class=\"alignleft size-medium wp-image-39\" title=\"dsk\" src=\"http:\/\/www.udc-chablais.ch.preview02.oxito.com\/wp-content\/uploads\/2012\/01\/dsk-199x300.jpg\" alt=\"\" width=\"199\" height=\"300\" srcset=\"https:\/\/www.udc-chablais.ch\/wp-content\/uploads\/2012\/01\/dsk-199x300.jpg 199w, https:\/\/www.udc-chablais.ch\/wp-content\/uploads\/2012\/01\/dsk-681x1024.jpg 681w\" sizes=\"auto, (max-width: 199px) 100vw, 199px\" \/><\/a>Dans sa s\u00e9ance d&rsquo;hier soir, le Conseil communal de Villeneuve a \u00e9lu <strong>Dylan Karlen<\/strong> \u00e0 sa pr\u00e9sidence \u00e0 l&rsquo;unanimit\u00e9\u00a0(30 voix sur 30 bulletins valables,\u00a012 bulletins blancs). Il officiera en qualit\u00e9 de pr\u00e9sident du 1er juillet 2012 au 30 juin 2013. Il succ\u00e8de au socialiste Serge Lopez. Fait particulier : le Conseil communal n&rsquo;a pas proc\u00e9d\u00e9 \u00e0 l&rsquo;\u00e9lection d&rsquo;un deuxi\u00e8me vice-pr\u00e9sident pour cette ann\u00e9e, contrairement \u00e0 ce que pr\u00e9voit le r\u00e8glement.<\/p>\n<p>Lors de cette m\u00eame\u00a0s\u00e9ance, la conseill\u00e8re communale UDC <strong>Claudia Rithner<\/strong> a \u00e9t\u00e9 r\u00e9\u00e9lue comme scrutatrice suppl\u00e9ante pour la prochaine ann\u00e9e. D\u00e8s le 1er juillet, la pr\u00e9sidence du groupe UDC au Conseil communal sera confi\u00e9e \u00e0 la conseill\u00e8re <strong>Brigitte Delugin<\/strong>, secr\u00e9taire du parti. <strong>Thierry Schwitzgu\u00e9bel<\/strong> a \u00e9t\u00e9 r\u00e9\u00e9lu \u00e0 la commission des finances tandis que <strong>Boris Nicolet<\/strong> est reconduit au sein de la commission de gestion. La s\u00e9ance s&rsquo;est suivie des traditionnelles grillades de fin d&rsquo;ann\u00e9e politique.<\/p>\n","protected":false},"excerpt":{"rendered":"<p>Dans sa s\u00e9ance d&rsquo;hier soir, le Conseil communal de Villeneuve a \u00e9lu Dylan Karlen \u00e0 sa pr\u00e9sidence \u00e0 l&rsquo;unanimit\u00e9\u00a0(30 voix sur 30 bulletins valables,\u00a012 bulletins blancs). Il officiera en qualit\u00e9 de pr\u00e9sident du 1er juillet 2012 au 30 juin 2013. Il succ\u00e8de au socialiste Serge Lopez. Fait particulier : le Conseil communal n&rsquo;a pas proc\u00e9d\u00e9 [&hellip;]<\/p>\n","protected":false},"author":1,"featured_media":0,"comment_status":"closed","ping_status":"closed","sticky":false,"template":"","format":"standard","meta":{"footnotes":""},"categories":[9],"tags":[42],"class_list":["post-390","post","type-post","status-publish","format-standard","hentry","category-villeneuve","tag-conseil-communal"],"yoast_head":"<!-- This site is optimized with the Yoast SEO plugin v27.4 - https:\/\/yoast.com\/product\/yoast-seo-wordpress\/ -->\n<title>UDC Chablais &#8226; Premi\u00e8re pr\u00e9sidence UDC au Conseil communal de Villeneuve<\/title>\n<meta name=\"robots\" content=\"index, follow, max-snippet:-1, max-image-preview:large, max-video-preview:-1\" \/>\n<link rel=\"canonical\" href=\"https:\/\/www.udc-chablais.ch\/?p=390\" \/>\n<meta property=\"og:locale\" content=\"fr_FR\" \/>\n<meta property=\"og:type\" content=\"article\" \/>\n<meta property=\"og:title\" content=\"UDC Chablais &#8226; Premi\u00e8re pr\u00e9sidence UDC au Conseil communal de Villeneuve\" \/>\n<meta property=\"og:description\" content=\"Dans sa s\u00e9ance d&rsquo;hier soir, le Conseil communal de Villeneuve a \u00e9lu Dylan Karlen \u00e0 sa pr\u00e9sidence \u00e0 l&rsquo;unanimit\u00e9\u00a0(30 voix sur 30 bulletins valables,\u00a012 bulletins blancs). Il officiera en qualit\u00e9 de pr\u00e9sident du 1er juillet 2012 au 30 juin 2013. Il succ\u00e8de au socialiste Serge Lopez. Fait particulier : le Conseil communal n&rsquo;a pas proc\u00e9d\u00e9 [&hellip;]\" \/>\n<meta property=\"og:url\" content=\"https:\/\/www.udc-chablais.ch\/?p=390\" \/>\n<meta property=\"og:site_name\" content=\"UDC Chablais\" \/>\n<meta property=\"article:published_time\" content=\"2012-06-22T07:58:41+00:00\" \/>\n<meta property=\"article:modified_time\" content=\"2012-12-21T10:23:39+00:00\" \/>\n<meta property=\"og:image\" content=\"http:\/\/www.udc-chablais.ch.preview02.oxito.com\/wp-content\/uploads\/2012\/01\/dsk-199x300.jpg\" \/>\n<meta name=\"author\" content=\"webmaster\" \/>\n<meta name=\"twitter:card\" content=\"summary_large_image\" \/>\n<meta name=\"twitter:label1\" content=\"\u00c9crit par\" \/>\n\t<meta name=\"twitter:data1\" content=\"webmaster\" \/>\n\t<meta name=\"twitter:label2\" content=\"Dur\u00e9e de lecture estim\u00e9e\" \/>\n\t<meta name=\"twitter:data2\" content=\"1 minute\" \/>\n<script type=\"application\/ld+json\" class=\"yoast-schema-graph\">{\"@context\":\"https:\\\/\\\/schema.org\",\"@graph\":[{\"@type\":\"Article\",\"@id\":\"https:\\\/\\\/www.udc-chablais.ch\\\/?p=390#article\",\"isPartOf\":{\"@id\":\"https:\\\/\\\/www.udc-chablais.ch\\\/?p=390\"},\"author\":{\"name\":\"webmaster\",\"@id\":\"https:\\\/\\\/www.udc-chablais.ch\\\/#\\\/schema\\\/person\\\/b62eaf6c7a833297cce77dfb363e9fa3\"},\"headline\":\"Premi\u00e8re pr\u00e9sidence UDC au Conseil communal de Villeneuve\",\"datePublished\":\"2012-06-22T07:58:41+00:00\",\"dateModified\":\"2012-12-21T10:23:39+00:00\",\"mainEntityOfPage\":{\"@id\":\"https:\\\/\\\/www.udc-chablais.ch\\\/?p=390\"},\"wordCount\":178,\"publisher\":{\"@id\":\"https:\\\/\\\/www.udc-chablais.ch\\\/#organization\"},\"image\":{\"@id\":\"https:\\\/\\\/www.udc-chablais.ch\\\/?p=390#primaryimage\"},\"thumbnailUrl\":\"http:\\\/\\\/www.udc-chablais.ch.preview02.oxito.com\\\/wp-content\\\/uploads\\\/2012\\\/01\\\/dsk-199x300.jpg\",\"keywords\":[\"conseil communal\"],\"articleSection\":[\"Villeneuve et Environs\"],\"inLanguage\":\"fr-FR\"},{\"@type\":\"WebPage\",\"@id\":\"https:\\\/\\\/www.udc-chablais.ch\\\/?p=390\",\"url\":\"https:\\\/\\\/www.udc-chablais.ch\\\/?p=390\",\"name\":\"UDC Chablais &#8226; Premi\u00e8re pr\u00e9sidence UDC au Conseil communal de Villeneuve\",\"isPartOf\":{\"@id\":\"https:\\\/\\\/www.udc-chablais.ch\\\/#website\"},\"primaryImageOfPage\":{\"@id\":\"https:\\\/\\\/www.udc-chablais.ch\\\/?p=390#primaryimage\"},\"image\":{\"@id\":\"https:\\\/\\\/www.udc-chablais.ch\\\/?p=390#primaryimage\"},\"thumbnailUrl\":\"http:\\\/\\\/www.udc-chablais.ch.preview02.oxito.com\\\/wp-content\\\/uploads\\\/2012\\\/01\\\/dsk-199x300.jpg\",\"datePublished\":\"2012-06-22T07:58:41+00:00\",\"dateModified\":\"2012-12-21T10:23:39+00:00\",\"breadcrumb\":{\"@id\":\"https:\\\/\\\/www.udc-chablais.ch\\\/?p=390#breadcrumb\"},\"inLanguage\":\"fr-FR\",\"potentialAction\":[{\"@type\":\"ReadAction\",\"target\":[\"https:\\\/\\\/www.udc-chablais.ch\\\/?p=390\"]}]},{\"@type\":\"ImageObject\",\"inLanguage\":\"fr-FR\",\"@id\":\"https:\\\/\\\/www.udc-chablais.ch\\\/?p=390#primaryimage\",\"url\":\"http:\\\/\\\/www.udc-chablais.ch.preview02.oxito.com\\\/wp-content\\\/uploads\\\/2012\\\/01\\\/dsk-199x300.jpg\",\"contentUrl\":\"http:\\\/\\\/www.udc-chablais.ch.preview02.oxito.com\\\/wp-content\\\/uploads\\\/2012\\\/01\\\/dsk-199x300.jpg\"},{\"@type\":\"BreadcrumbList\",\"@id\":\"https:\\\/\\\/www.udc-chablais.ch\\\/?p=390#breadcrumb\",\"itemListElement\":[{\"@type\":\"ListItem\",\"position\":1,\"name\":\"Accueil\",\"item\":\"https:\\\/\\\/www.udc-chablais.ch\\\/\"},{\"@type\":\"ListItem\",\"position\":2,\"name\":\"Premi\u00e8re pr\u00e9sidence UDC au Conseil communal de Villeneuve\"}]},{\"@type\":\"WebSite\",\"@id\":\"https:\\\/\\\/www.udc-chablais.ch\\\/#website\",\"url\":\"https:\\\/\\\/www.udc-chablais.ch\\\/\",\"name\":\"UDC Chablais\",\"description\":\"Une politique, la r\u00e9gion en plus\",\"publisher\":{\"@id\":\"https:\\\/\\\/www.udc-chablais.ch\\\/#organization\"},\"potentialAction\":[{\"@type\":\"SearchAction\",\"target\":{\"@type\":\"EntryPoint\",\"urlTemplate\":\"https:\\\/\\\/www.udc-chablais.ch\\\/?s={search_term_string}\"},\"query-input\":{\"@type\":\"PropertyValueSpecification\",\"valueRequired\":true,\"valueName\":\"search_term_string\"}}],\"inLanguage\":\"fr-FR\"},{\"@type\":\"Organization\",\"@id\":\"https:\\\/\\\/www.udc-chablais.ch\\\/#organization\",\"name\":\"UDC Chablais\",\"url\":\"https:\\\/\\\/www.udc-chablais.ch\\\/\",\"logo\":{\"@type\":\"ImageObject\",\"inLanguage\":\"fr-FR\",\"@id\":\"https:\\\/\\\/www.udc-chablais.ch\\\/#\\\/schema\\\/logo\\\/image\\\/\",\"url\":\"https:\\\/\\\/www.udc-chablais.ch\\\/wp-content\\\/uploads\\\/udc_chablais_logo_new_travail.jpg\",\"contentUrl\":\"https:\\\/\\\/www.udc-chablais.ch\\\/wp-content\\\/uploads\\\/udc_chablais_logo_new_travail.jpg\",\"width\":150,\"height\":150,\"caption\":\"UDC Chablais\"},\"image\":{\"@id\":\"https:\\\/\\\/www.udc-chablais.ch\\\/#\\\/schema\\\/logo\\\/image\\\/\"}},{\"@type\":\"Person\",\"@id\":\"https:\\\/\\\/www.udc-chablais.ch\\\/#\\\/schema\\\/person\\\/b62eaf6c7a833297cce77dfb363e9fa3\",\"name\":\"webmaster\",\"sameAs\":[\"http:\\\/\\\/www.dylankarlen.ch\"],\"url\":\"https:\\\/\\\/www.udc-chablais.ch\\\/?author=1\"}]}<\/script>\n<!-- \/ Yoast SEO plugin. -->","yoast_head_json":{"title":"UDC Chablais &#8226; Premi\u00e8re pr\u00e9sidence UDC au Conseil communal de Villeneuve","robots":{"index":"index","follow":"follow","max-snippet":"max-snippet:-1","max-image-preview":"max-image-preview:large","max-video-preview":"max-video-preview:-1"},"canonical":"https:\/\/www.udc-chablais.ch\/?p=390","og_locale":"fr_FR","og_type":"article","og_title":"UDC Chablais &#8226; Premi\u00e8re pr\u00e9sidence UDC au Conseil communal de Villeneuve","og_description":"Dans sa s\u00e9ance d&rsquo;hier soir, le Conseil communal de Villeneuve a \u00e9lu Dylan Karlen \u00e0 sa pr\u00e9sidence \u00e0 l&rsquo;unanimit\u00e9\u00a0(30 voix sur 30 bulletins valables,\u00a012 bulletins blancs). Il officiera en qualit\u00e9 de pr\u00e9sident du 1er juillet 2012 au 30 juin 2013. Il succ\u00e8de au socialiste Serge Lopez. Fait particulier : le Conseil communal n&rsquo;a pas proc\u00e9d\u00e9 [&hellip;]","og_url":"https:\/\/www.udc-chablais.ch\/?p=390","og_site_name":"UDC Chablais","article_published_time":"2012-06-22T07:58:41+00:00","article_modified_time":"2012-12-21T10:23:39+00:00","og_image":[{"url":"http:\/\/www.udc-chablais.ch.preview02.oxito.com\/wp-content\/uploads\/2012\/01\/dsk-199x300.jpg","type":"","width":"","height":""}],"author":"webmaster","twitter_card":"summary_large_image","twitter_misc":{"\u00c9crit par":"webmaster","Dur\u00e9e de lecture estim\u00e9e":"1 minute"},"schema":{"@context":"https:\/\/schema.org","@graph":[{"@type":"Article","@id":"https:\/\/www.udc-chablais.ch\/?p=390#article","isPartOf":{"@id":"https:\/\/www.udc-chablais.ch\/?p=390"},"author":{"name":"webmaster","@id":"https:\/\/www.udc-chablais.ch\/#\/schema\/person\/b62eaf6c7a833297cce77dfb363e9fa3"},"headline":"Premi\u00e8re pr\u00e9sidence UDC au Conseil communal de Villeneuve","datePublished":"2012-06-22T07:58:41+00:00","dateModified":"2012-12-21T10:23:39+00:00","mainEntityOfPage":{"@id":"https:\/\/www.udc-chablais.ch\/?p=390"},"wordCount":178,"publisher":{"@id":"https:\/\/www.udc-chablais.ch\/#organization"},"image":{"@id":"https:\/\/www.udc-chablais.ch\/?p=390#primaryimage"},"thumbnailUrl":"http:\/\/www.udc-chablais.ch.preview02.oxito.com\/wp-content\/uploads\/2012\/01\/dsk-199x300.jpg","keywords":["conseil communal"],"articleSection":["Villeneuve et Environs"],"inLanguage":"fr-FR"},{"@type":"WebPage","@id":"https:\/\/www.udc-chablais.ch\/?p=390","url":"https:\/\/www.udc-chablais.ch\/?p=390","name":"UDC Chablais &#8226; Premi\u00e8re pr\u00e9sidence UDC au Conseil communal de Villeneuve","isPartOf":{"@id":"https:\/\/www.udc-chablais.ch\/#website"},"primaryImageOfPage":{"@id":"https:\/\/www.udc-chablais.ch\/?p=390#primaryimage"},"image":{"@id":"https:\/\/www.udc-chablais.ch\/?p=390#primaryimage"},"thumbnailUrl":"http:\/\/www.udc-chablais.ch.preview02.oxito.com\/wp-content\/uploads\/2012\/01\/dsk-199x300.jpg","datePublished":"2012-06-22T07:58:41+00:00","dateModified":"2012-12-21T10:23:39+00:00","breadcrumb":{"@id":"https:\/\/www.udc-chablais.ch\/?p=390#breadcrumb"},"inLanguage":"fr-FR","potentialAction":[{"@type":"ReadAction","target":["https:\/\/www.udc-chablais.ch\/?p=390"]}]},{"@type":"ImageObject","inLanguage":"fr-FR","@id":"https:\/\/www.udc-chablais.ch\/?p=390#primaryimage","url":"http:\/\/www.udc-chablais.ch.preview02.oxito.com\/wp-content\/uploads\/2012\/01\/dsk-199x300.jpg","contentUrl":"http:\/\/www.udc-chablais.ch.preview02.oxito.com\/wp-content\/uploads\/2012\/01\/dsk-199x300.jpg"},{"@type":"BreadcrumbList","@id":"https:\/\/www.udc-chablais.ch\/?p=390#breadcrumb","itemListElement":[{"@type":"ListItem","position":1,"name":"Accueil","item":"https:\/\/www.udc-chablais.ch\/"},{"@type":"ListItem","position":2,"name":"Premi\u00e8re pr\u00e9sidence UDC au Conseil communal de Villeneuve"}]},{"@type":"WebSite","@id":"https:\/\/www.udc-chablais.ch\/#website","url":"https:\/\/www.udc-chablais.ch\/","name":"UDC Chablais","description":"Une politique, la r\u00e9gion en plus","publisher":{"@id":"https:\/\/www.udc-chablais.ch\/#organization"},"potentialAction":[{"@type":"SearchAction","target":{"@type":"EntryPoint","urlTemplate":"https:\/\/www.udc-chablais.ch\/?s={search_term_string}"},"query-input":{"@type":"PropertyValueSpecification","valueRequired":true,"valueName":"search_term_string"}}],"inLanguage":"fr-FR"},{"@type":"Organization","@id":"https:\/\/www.udc-chablais.ch\/#organization","name":"UDC Chablais","url":"https:\/\/www.udc-chablais.ch\/","logo":{"@type":"ImageObject","inLanguage":"fr-FR","@id":"https:\/\/www.udc-chablais.ch\/#\/schema\/logo\/image\/","url":"https:\/\/www.udc-chablais.ch\/wp-content\/uploads\/udc_chablais_logo_new_travail.jpg","contentUrl":"https:\/\/www.udc-chablais.ch\/wp-content\/uploads\/udc_chablais_logo_new_travail.jpg","width":150,"height":150,"caption":"UDC Chablais"},"image":{"@id":"https:\/\/www.udc-chablais.ch\/#\/schema\/logo\/image\/"}},{"@type":"Person","@id":"https:\/\/www.udc-chablais.ch\/#\/schema\/person\/b62eaf6c7a833297cce77dfb363e9fa3","name":"webmaster","sameAs":["http:\/\/www.dylankarlen.ch"],"url":"https:\/\/www.udc-chablais.ch\/?author=1"}]}},"_links":{"self":[{"href":"https:\/\/www.udc-chablais.ch\/index.php?rest_route=\/wp\/v2\/posts\/390","targetHints":{"allow":["GET"]}}],"collection":[{"href":"https:\/\/www.udc-chablais.ch\/index.php?rest_route=\/wp\/v2\/posts"}],"about":[{"href":"https:\/\/www.udc-chablais.ch\/index.php?rest_route=\/wp\/v2\/types\/post"}],"author":[{"embeddable":true,"href":"https:\/\/www.udc-chablais.ch\/index.php?rest_route=\/wp\/v2\/users\/1"}],"replies":[{"embeddable":true,"href":"https:\/\/www.udc-chablais.ch\/index.php?rest_route=%2Fwp%2Fv2%2Fcomments&post=390"}],"version-history":[{"count":3,"href":"https:\/\/www.udc-chablais.ch\/index.php?rest_route=\/wp\/v2\/posts\/390\/revisions"}],"predecessor-version":[{"id":640,"href":"https:\/\/www.udc-chablais.ch\/index.php?rest_route=\/wp\/v2\/posts\/390\/revisions\/640"}],"wp:attachment":[{"href":"https:\/\/www.udc-chablais.ch\/index.php?rest_route=%2Fwp%2Fv2%2Fmedia&parent=390"}],"wp:term":[{"taxonomy":"category","embeddable":true,"href":"https:\/\/www.udc-chablais.ch\/index.php?rest_route=%2Fwp%2Fv2%2Fcategories&post=390"},{"taxonomy":"post_tag","embeddable":true,"href":"https:\/\/www.udc-chablais.ch\/index.php?rest_route=%2Fwp%2Fv2%2Ftags&post=390"}],"curies":[{"name":"wp","href":"https:\/\/api.w.org\/{rel}","templated":true}]}}