{"id":456,"date":"2012-08-31T17:27:42","date_gmt":"2012-08-31T16:27:42","guid":{"rendered":"http:\/\/www.udc-chablais.ch\/?p=456"},"modified":"2012-12-21T11:21:55","modified_gmt":"2012-12-21T10:21:55","slug":"postulat-entretien-des-routes-de-montagne-2","status":"publish","type":"post","link":"https:\/\/www.udc-chablais.ch\/?p=456","title":{"rendered":"Postulat: entretien des routes de montagne"},"content":{"rendered":"<p><strong><em><\/em><\/strong>La conseill\u00e8re communale <strong>Brigitte Delugin<\/strong>, au nom du groupe UDC, a d\u00e9pos\u00e9 hier un postulat au Conseil\u00a0communal\u00a0de Villeneuve sur l&rsquo;\u00e9tat des routes de montagne de notre commune :<\/p>\n<blockquote><p>Laissez-moi faire devant cette assembl\u00e9e un bref \u00e9tat des lieux des routes de montagne de notre Commune.<\/p>\n<p>La route de la Tini\u00e8re n\u2019est tout simplement plus entretenue et se d\u00e9t\u00e9riore de jour en jour. D\u00e8s Plan Cudrey d\u00e9j\u00e0, on peut apercevoir une importante fissure \u00e0 la crois\u00e9e de la route de la Borgettan et de la Gotale. Ensuite, tout au long de cette route qui passe par le Cimeti\u00e8re, la Chevaleyre, les Clavons, le Manon jusqu\u2019\u00e0 la Joue Derri\u00e8re, d\u2019importantes d\u00e9t\u00e9riorations emp\u00eachent un acc\u00e8s normal pour les v\u00e9hicules qui se rendent dans cette r\u00e9gion. <!--more-->Ces d\u00e9t\u00e9riorations sont provoqu\u00e9es par l\u2019eau qui se d\u00e9verse directement sur le centre de la route puisque les rigoles ne sont plus entretenues. Il serait opportun de construire des travers\u00e9es pour l\u2019\u00e9coulement de l\u2019eau comme cela se fait partout sur les routes de montagne. M\u00eame bilan pour la route foresti\u00e8re de la Gotale. En ce qui concerne la route de Sonchaux, l\u2019important trafic d\u00fb aux divers travaux qui se d\u00e9roulent actuellement endommage une route d\u00e9j\u00e0 bien ab\u00eem\u00e9e. J\u2019ose esp\u00e9rer que la Municipalit\u00e9 avait pr\u00e9venu ces d\u00e9g\u00e2ts et avait pris des dispositions quant \u00e0 la remise en \u00e9tat de cette route par ses utilisateurs.<\/p>\n<p>Je signifie ici mon attachement, celui des membres de mon groupe et celui de nombreux Villeneuvois \u00e0 ces routes de montagne. L\u2019histoire de Villeneuve est intimement li\u00e9e \u00e0 ces routes et aux divers endroits o\u00f9 elles nous m\u00e8nent. Cet h\u00e9ritage m\u00e9rite d\u2019\u00eatre conserv\u00e9 par nous autres descendants. Elles sont aujourd\u2019hui encore utilis\u00e9es par tous les locataires ou propri\u00e9taires de chalets, mais aussi par tous les amoureux de notre territoire communal. Il est de notre devoir de pr\u00e9server ce patrimoine pour nous et nos enfants.<\/p>\n<p>J\u2019invite donc la Municipalit\u00e9 \u00e0 \u00e9tudier l\u2019opportunit\u00e9 d\u2019effectuer des travaux d\u2019entretien de nos routes de montagne et \u00e0 en faire rapport devant le Conseil communal.<\/p><\/blockquote>\n<p>Le postulat n&rsquo;a pas \u00e9t\u00e9 suivi par la majorit\u00e9 du Conseil communal et a donc \u00e9t\u00e9 class\u00e9, quand bien m\u00eame la Municipalit\u00e9 a pris note des demandes sous-jacentes.<\/p>\n<p style=\"padding-left: 30px\">\n","protected":false},"excerpt":{"rendered":"<p>La conseill\u00e8re communale Brigitte Delugin, au nom du groupe UDC, a d\u00e9pos\u00e9 hier un postulat au Conseil\u00a0communal\u00a0de Villeneuve sur l&rsquo;\u00e9tat des routes de montagne de notre commune : Laissez-moi faire devant cette assembl\u00e9e un bref \u00e9tat des lieux des routes de montagne de notre Commune. La route de la Tini\u00e8re n\u2019est tout simplement plus entretenue [&hellip;]<\/p>\n","protected":false},"author":1,"featured_media":0,"comment_status":"closed","ping_status":"closed","sticky":false,"template":"","format":"standard","meta":{"footnotes":""},"categories":[9],"tags":[46],"class_list":["post-456","post","type-post","status-publish","format-standard","hentry","category-villeneuve","tag-routes"],"yoast_head":"<!-- This site is optimized with the Yoast SEO plugin v27.4 - https:\/\/yoast.com\/product\/yoast-seo-wordpress\/ -->\n<title>UDC Chablais &#8226; Postulat: entretien des routes de montagne<\/title>\n<meta name=\"robots\" content=\"index, follow, max-snippet:-1, max-image-preview:large, max-video-preview:-1\" \/>\n<link rel=\"canonical\" href=\"https:\/\/www.udc-chablais.ch\/?p=456\" \/>\n<meta property=\"og:locale\" content=\"fr_FR\" \/>\n<meta property=\"og:type\" content=\"article\" \/>\n<meta property=\"og:title\" content=\"UDC Chablais &#8226; Postulat: entretien des routes de montagne\" \/>\n<meta property=\"og:description\" content=\"La conseill\u00e8re communale Brigitte Delugin, au nom du groupe UDC, a d\u00e9pos\u00e9 hier un postulat au Conseil\u00a0communal\u00a0de Villeneuve sur l&rsquo;\u00e9tat des routes de montagne de notre commune : Laissez-moi faire devant cette assembl\u00e9e un bref \u00e9tat des lieux des routes de montagne de notre Commune. La route de la Tini\u00e8re n\u2019est tout simplement plus entretenue [&hellip;]\" \/>\n<meta property=\"og:url\" content=\"https:\/\/www.udc-chablais.ch\/?p=456\" \/>\n<meta property=\"og:site_name\" content=\"UDC Chablais\" \/>\n<meta property=\"article:published_time\" content=\"2012-08-31T16:27:42+00:00\" \/>\n<meta property=\"article:modified_time\" content=\"2012-12-21T10:21:55+00:00\" \/>\n<meta name=\"author\" content=\"webmaster\" \/>\n<meta name=\"twitter:card\" content=\"summary_large_image\" \/>\n<meta name=\"twitter:label1\" content=\"\u00c9crit par\" \/>\n\t<meta name=\"twitter:data1\" content=\"webmaster\" \/>\n\t<meta name=\"twitter:label2\" content=\"Dur\u00e9e de lecture estim\u00e9e\" \/>\n\t<meta name=\"twitter:data2\" content=\"2 minutes\" \/>\n<script type=\"application\/ld+json\" class=\"yoast-schema-graph\">{\"@context\":\"https:\\\/\\\/schema.org\",\"@graph\":[{\"@type\":\"Article\",\"@id\":\"https:\\\/\\\/www.udc-chablais.ch\\\/?p=456#article\",\"isPartOf\":{\"@id\":\"https:\\\/\\\/www.udc-chablais.ch\\\/?p=456\"},\"author\":{\"name\":\"webmaster\",\"@id\":\"https:\\\/\\\/www.udc-chablais.ch\\\/#\\\/schema\\\/person\\\/b62eaf6c7a833297cce77dfb363e9fa3\"},\"headline\":\"Postulat: entretien des routes de montagne\",\"datePublished\":\"2012-08-31T16:27:42+00:00\",\"dateModified\":\"2012-12-21T10:21:55+00:00\",\"mainEntityOfPage\":{\"@id\":\"https:\\\/\\\/www.udc-chablais.ch\\\/?p=456\"},\"wordCount\":419,\"publisher\":{\"@id\":\"https:\\\/\\\/www.udc-chablais.ch\\\/#organization\"},\"keywords\":[\"routes\"],\"articleSection\":[\"Villeneuve et Environs\"],\"inLanguage\":\"fr-FR\"},{\"@type\":\"WebPage\",\"@id\":\"https:\\\/\\\/www.udc-chablais.ch\\\/?p=456\",\"url\":\"https:\\\/\\\/www.udc-chablais.ch\\\/?p=456\",\"name\":\"UDC Chablais &#8226; Postulat: entretien des routes de montagne\",\"isPartOf\":{\"@id\":\"https:\\\/\\\/www.udc-chablais.ch\\\/#website\"},\"datePublished\":\"2012-08-31T16:27:42+00:00\",\"dateModified\":\"2012-12-21T10:21:55+00:00\",\"breadcrumb\":{\"@id\":\"https:\\\/\\\/www.udc-chablais.ch\\\/?p=456#breadcrumb\"},\"inLanguage\":\"fr-FR\",\"potentialAction\":[{\"@type\":\"ReadAction\",\"target\":[\"https:\\\/\\\/www.udc-chablais.ch\\\/?p=456\"]}]},{\"@type\":\"BreadcrumbList\",\"@id\":\"https:\\\/\\\/www.udc-chablais.ch\\\/?p=456#breadcrumb\",\"itemListElement\":[{\"@type\":\"ListItem\",\"position\":1,\"name\":\"Accueil\",\"item\":\"https:\\\/\\\/www.udc-chablais.ch\\\/\"},{\"@type\":\"ListItem\",\"position\":2,\"name\":\"Postulat: entretien des routes de montagne\"}]},{\"@type\":\"WebSite\",\"@id\":\"https:\\\/\\\/www.udc-chablais.ch\\\/#website\",\"url\":\"https:\\\/\\\/www.udc-chablais.ch\\\/\",\"name\":\"UDC Chablais\",\"description\":\"Une politique, la r\u00e9gion en plus\",\"publisher\":{\"@id\":\"https:\\\/\\\/www.udc-chablais.ch\\\/#organization\"},\"potentialAction\":[{\"@type\":\"SearchAction\",\"target\":{\"@type\":\"EntryPoint\",\"urlTemplate\":\"https:\\\/\\\/www.udc-chablais.ch\\\/?s={search_term_string}\"},\"query-input\":{\"@type\":\"PropertyValueSpecification\",\"valueRequired\":true,\"valueName\":\"search_term_string\"}}],\"inLanguage\":\"fr-FR\"},{\"@type\":\"Organization\",\"@id\":\"https:\\\/\\\/www.udc-chablais.ch\\\/#organization\",\"name\":\"UDC Chablais\",\"url\":\"https:\\\/\\\/www.udc-chablais.ch\\\/\",\"logo\":{\"@type\":\"ImageObject\",\"inLanguage\":\"fr-FR\",\"@id\":\"https:\\\/\\\/www.udc-chablais.ch\\\/#\\\/schema\\\/logo\\\/image\\\/\",\"url\":\"https:\\\/\\\/www.udc-chablais.ch\\\/wp-content\\\/uploads\\\/udc_chablais_logo_new_travail.jpg\",\"contentUrl\":\"https:\\\/\\\/www.udc-chablais.ch\\\/wp-content\\\/uploads\\\/udc_chablais_logo_new_travail.jpg\",\"width\":150,\"height\":150,\"caption\":\"UDC Chablais\"},\"image\":{\"@id\":\"https:\\\/\\\/www.udc-chablais.ch\\\/#\\\/schema\\\/logo\\\/image\\\/\"}},{\"@type\":\"Person\",\"@id\":\"https:\\\/\\\/www.udc-chablais.ch\\\/#\\\/schema\\\/person\\\/b62eaf6c7a833297cce77dfb363e9fa3\",\"name\":\"webmaster\",\"sameAs\":[\"http:\\\/\\\/www.dylankarlen.ch\"],\"url\":\"https:\\\/\\\/www.udc-chablais.ch\\\/?author=1\"}]}<\/script>\n<!-- \/ Yoast SEO plugin. -->","yoast_head_json":{"title":"UDC Chablais &#8226; Postulat: entretien des routes de montagne","robots":{"index":"index","follow":"follow","max-snippet":"max-snippet:-1","max-image-preview":"max-image-preview:large","max-video-preview":"max-video-preview:-1"},"canonical":"https:\/\/www.udc-chablais.ch\/?p=456","og_locale":"fr_FR","og_type":"article","og_title":"UDC Chablais &#8226; Postulat: entretien des routes de montagne","og_description":"La conseill\u00e8re communale Brigitte Delugin, au nom du groupe UDC, a d\u00e9pos\u00e9 hier un postulat au Conseil\u00a0communal\u00a0de Villeneuve sur l&rsquo;\u00e9tat des routes de montagne de notre commune : Laissez-moi faire devant cette assembl\u00e9e un bref \u00e9tat des lieux des routes de montagne de notre Commune. La route de la Tini\u00e8re n\u2019est tout simplement plus entretenue [&hellip;]","og_url":"https:\/\/www.udc-chablais.ch\/?p=456","og_site_name":"UDC Chablais","article_published_time":"2012-08-31T16:27:42+00:00","article_modified_time":"2012-12-21T10:21:55+00:00","author":"webmaster","twitter_card":"summary_large_image","twitter_misc":{"\u00c9crit par":"webmaster","Dur\u00e9e de lecture estim\u00e9e":"2 minutes"},"schema":{"@context":"https:\/\/schema.org","@graph":[{"@type":"Article","@id":"https:\/\/www.udc-chablais.ch\/?p=456#article","isPartOf":{"@id":"https:\/\/www.udc-chablais.ch\/?p=456"},"author":{"name":"webmaster","@id":"https:\/\/www.udc-chablais.ch\/#\/schema\/person\/b62eaf6c7a833297cce77dfb363e9fa3"},"headline":"Postulat: entretien des routes de montagne","datePublished":"2012-08-31T16:27:42+00:00","dateModified":"2012-12-21T10:21:55+00:00","mainEntityOfPage":{"@id":"https:\/\/www.udc-chablais.ch\/?p=456"},"wordCount":419,"publisher":{"@id":"https:\/\/www.udc-chablais.ch\/#organization"},"keywords":["routes"],"articleSection":["Villeneuve et Environs"],"inLanguage":"fr-FR"},{"@type":"WebPage","@id":"https:\/\/www.udc-chablais.ch\/?p=456","url":"https:\/\/www.udc-chablais.ch\/?p=456","name":"UDC Chablais &#8226; Postulat: entretien des routes de montagne","isPartOf":{"@id":"https:\/\/www.udc-chablais.ch\/#website"},"datePublished":"2012-08-31T16:27:42+00:00","dateModified":"2012-12-21T10:21:55+00:00","breadcrumb":{"@id":"https:\/\/www.udc-chablais.ch\/?p=456#breadcrumb"},"inLanguage":"fr-FR","potentialAction":[{"@type":"ReadAction","target":["https:\/\/www.udc-chablais.ch\/?p=456"]}]},{"@type":"BreadcrumbList","@id":"https:\/\/www.udc-chablais.ch\/?p=456#breadcrumb","itemListElement":[{"@type":"ListItem","position":1,"name":"Accueil","item":"https:\/\/www.udc-chablais.ch\/"},{"@type":"ListItem","position":2,"name":"Postulat: entretien des routes de montagne"}]},{"@type":"WebSite","@id":"https:\/\/www.udc-chablais.ch\/#website","url":"https:\/\/www.udc-chablais.ch\/","name":"UDC Chablais","description":"Une politique, la r\u00e9gion en plus","publisher":{"@id":"https:\/\/www.udc-chablais.ch\/#organization"},"potentialAction":[{"@type":"SearchAction","target":{"@type":"EntryPoint","urlTemplate":"https:\/\/www.udc-chablais.ch\/?s={search_term_string}"},"query-input":{"@type":"PropertyValueSpecification","valueRequired":true,"valueName":"search_term_string"}}],"inLanguage":"fr-FR"},{"@type":"Organization","@id":"https:\/\/www.udc-chablais.ch\/#organization","name":"UDC Chablais","url":"https:\/\/www.udc-chablais.ch\/","logo":{"@type":"ImageObject","inLanguage":"fr-FR","@id":"https:\/\/www.udc-chablais.ch\/#\/schema\/logo\/image\/","url":"https:\/\/www.udc-chablais.ch\/wp-content\/uploads\/udc_chablais_logo_new_travail.jpg","contentUrl":"https:\/\/www.udc-chablais.ch\/wp-content\/uploads\/udc_chablais_logo_new_travail.jpg","width":150,"height":150,"caption":"UDC Chablais"},"image":{"@id":"https:\/\/www.udc-chablais.ch\/#\/schema\/logo\/image\/"}},{"@type":"Person","@id":"https:\/\/www.udc-chablais.ch\/#\/schema\/person\/b62eaf6c7a833297cce77dfb363e9fa3","name":"webmaster","sameAs":["http:\/\/www.dylankarlen.ch"],"url":"https:\/\/www.udc-chablais.ch\/?author=1"}]}},"_links":{"self":[{"href":"https:\/\/www.udc-chablais.ch\/index.php?rest_route=\/wp\/v2\/posts\/456","targetHints":{"allow":["GET"]}}],"collection":[{"href":"https:\/\/www.udc-chablais.ch\/index.php?rest_route=\/wp\/v2\/posts"}],"about":[{"href":"https:\/\/www.udc-chablais.ch\/index.php?rest_route=\/wp\/v2\/types\/post"}],"author":[{"embeddable":true,"href":"https:\/\/www.udc-chablais.ch\/index.php?rest_route=\/wp\/v2\/users\/1"}],"replies":[{"embeddable":true,"href":"https:\/\/www.udc-chablais.ch\/index.php?rest_route=%2Fwp%2Fv2%2Fcomments&post=456"}],"version-history":[{"count":17,"href":"https:\/\/www.udc-chablais.ch\/index.php?rest_route=\/wp\/v2\/posts\/456\/revisions"}],"predecessor-version":[{"id":635,"href":"https:\/\/www.udc-chablais.ch\/index.php?rest_route=\/wp\/v2\/posts\/456\/revisions\/635"}],"wp:attachment":[{"href":"https:\/\/www.udc-chablais.ch\/index.php?rest_route=%2Fwp%2Fv2%2Fmedia&parent=456"}],"wp:term":[{"taxonomy":"category","embeddable":true,"href":"https:\/\/www.udc-chablais.ch\/index.php?rest_route=%2Fwp%2Fv2%2Fcategories&post=456"},{"taxonomy":"post_tag","embeddable":true,"href":"https:\/\/www.udc-chablais.ch\/index.php?rest_route=%2Fwp%2Fv2%2Ftags&post=456"}],"curies":[{"name":"wp","href":"https:\/\/api.w.org\/{rel}","templated":true}]}}