{"id":479,"date":"2012-09-01T09:14:06","date_gmt":"2012-09-01T08:14:06","guid":{"rendered":"http:\/\/www.udc-chablais.ch\/?p=479"},"modified":"2012-12-21T11:17:56","modified_gmt":"2012-12-21T10:17:56","slug":"pour-une-premiere-on-ne-ma-rien-epargne","status":"publish","type":"post","link":"https:\/\/www.udc-chablais.ch\/?p=479","title":{"rendered":"\u00ab\u00a0Pour une premi\u00e8re, on ne m&rsquo;a rien \u00e9pargn\u00e9&#8230;\u00a0\u00bb"},"content":{"rendered":"<p><a href=\"http:\/\/www.udc-chablais.ch.preview02.oxito.com\/wp-content\/uploads\/2012\/05\/banner_dsk_nb-72.png\"><img loading=\"lazy\" decoding=\"async\" class=\"alignleft size-full wp-image-312\" title=\"banner_dsk_nb-72\" src=\"http:\/\/www.udc-chablais.ch.preview02.oxito.com\/wp-content\/uploads\/2012\/05\/banner_dsk_nb-72.png\" alt=\"\" width=\"500\" height=\"118\" srcset=\"https:\/\/www.udc-chablais.ch\/wp-content\/uploads\/2012\/05\/banner_dsk_nb-72.png 500w, https:\/\/www.udc-chablais.ch\/wp-content\/uploads\/2012\/05\/banner_dsk_nb-72-300x70.png 300w\" sizes=\"auto, (max-width: 500px) 100vw, 500px\" \/><\/a><\/p>\n<p>&nbsp;<\/p>\n<p>&nbsp;<\/p>\n<p>&nbsp;<\/p>\n<p>Jeudi 30 ao\u00fbt, 20h00, pour la premi\u00e8re fois, je manie la clochette du pr\u00e9sident du Conseil communal de Villeneuve. S&rsquo;il y a bien une s\u00e9ance dont je dois me souvenir \u00e0 jamais, c&rsquo;est bien celle-ci. Hormis l&rsquo;\u00e9motion caus\u00e9e pour cette charge tr\u00e8s honorifique que je prends au s\u00e9rieux, les circonstances de cette s\u00e9ance furent sujettes \u00e0 quelques gouttes de transpiration de ma part. Mes coll\u00e8gues m&rsquo;ont en effet rien \u00e9pargn\u00e9 : au moins 3 motions d&rsquo;ordre, 4 postulats, 2 interpellations, une suspension de s\u00e9ance et&#8230; un tirage au sort pour d\u00e9partager les deux candidats \u00e0 la 1\u00e8re vice-pr\u00e9sidence du Conseil communal ! Quasiment tout l&rsquo;arsenal du r\u00e8glement fut d\u00e9ploy\u00e9. Je crois pouvoir dire que mon bapt\u00eame du feu pr\u00e9sidentiel\u00a0s&rsquo;est effectu\u00e9 \u00e0 l&rsquo;aide d&rsquo;un lance-flammes !<\/p>\n<p><a href=\"http:\/\/www.twitter.com\/dylankarlen\" target=\"_blank\">www.twitter.com\/dylankarlen<\/a><\/p>\n","protected":false},"excerpt":{"rendered":"<p>&nbsp; &nbsp; &nbsp; Jeudi 30 ao\u00fbt, 20h00, pour la premi\u00e8re fois, je manie la clochette du pr\u00e9sident du Conseil communal de Villeneuve. S&rsquo;il y a bien une s\u00e9ance dont je dois me souvenir \u00e0 jamais, c&rsquo;est bien celle-ci. Hormis l&rsquo;\u00e9motion caus\u00e9e pour cette charge tr\u00e8s honorifique que je prends au s\u00e9rieux, les circonstances de cette [&hellip;]<\/p>\n","protected":false},"author":1,"featured_media":0,"comment_status":"closed","ping_status":"closed","sticky":false,"template":"","format":"standard","meta":{"footnotes":""},"categories":[9],"tags":[42],"class_list":["post-479","post","type-post","status-publish","format-standard","hentry","category-villeneuve","tag-conseil-communal"],"yoast_head":"<!-- This site is optimized with the Yoast SEO plugin v27.4 - https:\/\/yoast.com\/product\/yoast-seo-wordpress\/ -->\n<title>UDC Chablais &#8226; &quot;Pour une premi\u00e8re, on ne m&#039;a rien \u00e9pargn\u00e9...&quot;<\/title>\n<meta name=\"robots\" content=\"index, follow, max-snippet:-1, max-image-preview:large, max-video-preview:-1\" \/>\n<link rel=\"canonical\" href=\"https:\/\/www.udc-chablais.ch\/?p=479\" \/>\n<meta property=\"og:locale\" content=\"fr_FR\" \/>\n<meta property=\"og:type\" content=\"article\" \/>\n<meta property=\"og:title\" content=\"UDC Chablais &#8226; &quot;Pour une premi\u00e8re, on ne m&#039;a rien \u00e9pargn\u00e9...&quot;\" \/>\n<meta property=\"og:description\" content=\"&nbsp; &nbsp; &nbsp; Jeudi 30 ao\u00fbt, 20h00, pour la premi\u00e8re fois, je manie la clochette du pr\u00e9sident du Conseil communal de Villeneuve. S&rsquo;il y a bien une s\u00e9ance dont je dois me souvenir \u00e0 jamais, c&rsquo;est bien celle-ci. Hormis l&rsquo;\u00e9motion caus\u00e9e pour cette charge tr\u00e8s honorifique que je prends au s\u00e9rieux, les circonstances de cette [&hellip;]\" \/>\n<meta property=\"og:url\" content=\"https:\/\/www.udc-chablais.ch\/?p=479\" \/>\n<meta property=\"og:site_name\" content=\"UDC Chablais\" \/>\n<meta property=\"article:published_time\" content=\"2012-09-01T08:14:06+00:00\" \/>\n<meta property=\"article:modified_time\" content=\"2012-12-21T10:17:56+00:00\" \/>\n<meta property=\"og:image\" content=\"http:\/\/www.udc-chablais.ch.preview02.oxito.com\/wp-content\/uploads\/2012\/05\/banner_dsk_nb-72.png\" \/>\n<meta name=\"author\" content=\"webmaster\" \/>\n<meta name=\"twitter:card\" content=\"summary_large_image\" \/>\n<meta name=\"twitter:label1\" content=\"\u00c9crit par\" \/>\n\t<meta name=\"twitter:data1\" content=\"webmaster\" \/>\n\t<meta name=\"twitter:label2\" content=\"Dur\u00e9e de lecture estim\u00e9e\" \/>\n\t<meta name=\"twitter:data2\" content=\"1 minute\" \/>\n<script type=\"application\/ld+json\" class=\"yoast-schema-graph\">{\"@context\":\"https:\\\/\\\/schema.org\",\"@graph\":[{\"@type\":\"Article\",\"@id\":\"https:\\\/\\\/www.udc-chablais.ch\\\/?p=479#article\",\"isPartOf\":{\"@id\":\"https:\\\/\\\/www.udc-chablais.ch\\\/?p=479\"},\"author\":{\"name\":\"webmaster\",\"@id\":\"https:\\\/\\\/www.udc-chablais.ch\\\/#\\\/schema\\\/person\\\/b62eaf6c7a833297cce77dfb363e9fa3\"},\"headline\":\"\u00ab\u00a0Pour une premi\u00e8re, on ne m&rsquo;a rien \u00e9pargn\u00e9&#8230;\u00a0\u00bb\",\"datePublished\":\"2012-09-01T08:14:06+00:00\",\"dateModified\":\"2012-12-21T10:17:56+00:00\",\"mainEntityOfPage\":{\"@id\":\"https:\\\/\\\/www.udc-chablais.ch\\\/?p=479\"},\"wordCount\":157,\"publisher\":{\"@id\":\"https:\\\/\\\/www.udc-chablais.ch\\\/#organization\"},\"image\":{\"@id\":\"https:\\\/\\\/www.udc-chablais.ch\\\/?p=479#primaryimage\"},\"thumbnailUrl\":\"http:\\\/\\\/www.udc-chablais.ch.preview02.oxito.com\\\/wp-content\\\/uploads\\\/2012\\\/05\\\/banner_dsk_nb-72.png\",\"keywords\":[\"conseil communal\"],\"articleSection\":[\"Villeneuve et Environs\"],\"inLanguage\":\"fr-FR\"},{\"@type\":\"WebPage\",\"@id\":\"https:\\\/\\\/www.udc-chablais.ch\\\/?p=479\",\"url\":\"https:\\\/\\\/www.udc-chablais.ch\\\/?p=479\",\"name\":\"UDC Chablais &#8226; \\\"Pour une premi\u00e8re, on ne m'a rien \u00e9pargn\u00e9...\\\"\",\"isPartOf\":{\"@id\":\"https:\\\/\\\/www.udc-chablais.ch\\\/#website\"},\"primaryImageOfPage\":{\"@id\":\"https:\\\/\\\/www.udc-chablais.ch\\\/?p=479#primaryimage\"},\"image\":{\"@id\":\"https:\\\/\\\/www.udc-chablais.ch\\\/?p=479#primaryimage\"},\"thumbnailUrl\":\"http:\\\/\\\/www.udc-chablais.ch.preview02.oxito.com\\\/wp-content\\\/uploads\\\/2012\\\/05\\\/banner_dsk_nb-72.png\",\"datePublished\":\"2012-09-01T08:14:06+00:00\",\"dateModified\":\"2012-12-21T10:17:56+00:00\",\"breadcrumb\":{\"@id\":\"https:\\\/\\\/www.udc-chablais.ch\\\/?p=479#breadcrumb\"},\"inLanguage\":\"fr-FR\",\"potentialAction\":[{\"@type\":\"ReadAction\",\"target\":[\"https:\\\/\\\/www.udc-chablais.ch\\\/?p=479\"]}]},{\"@type\":\"ImageObject\",\"inLanguage\":\"fr-FR\",\"@id\":\"https:\\\/\\\/www.udc-chablais.ch\\\/?p=479#primaryimage\",\"url\":\"http:\\\/\\\/www.udc-chablais.ch.preview02.oxito.com\\\/wp-content\\\/uploads\\\/2012\\\/05\\\/banner_dsk_nb-72.png\",\"contentUrl\":\"http:\\\/\\\/www.udc-chablais.ch.preview02.oxito.com\\\/wp-content\\\/uploads\\\/2012\\\/05\\\/banner_dsk_nb-72.png\"},{\"@type\":\"BreadcrumbList\",\"@id\":\"https:\\\/\\\/www.udc-chablais.ch\\\/?p=479#breadcrumb\",\"itemListElement\":[{\"@type\":\"ListItem\",\"position\":1,\"name\":\"Accueil\",\"item\":\"https:\\\/\\\/www.udc-chablais.ch\\\/\"},{\"@type\":\"ListItem\",\"position\":2,\"name\":\"\u00ab\u00a0Pour une premi\u00e8re, on ne m&rsquo;a rien \u00e9pargn\u00e9&#8230;\u00a0\u00bb\"}]},{\"@type\":\"WebSite\",\"@id\":\"https:\\\/\\\/www.udc-chablais.ch\\\/#website\",\"url\":\"https:\\\/\\\/www.udc-chablais.ch\\\/\",\"name\":\"UDC Chablais\",\"description\":\"Une politique, la r\u00e9gion en plus\",\"publisher\":{\"@id\":\"https:\\\/\\\/www.udc-chablais.ch\\\/#organization\"},\"potentialAction\":[{\"@type\":\"SearchAction\",\"target\":{\"@type\":\"EntryPoint\",\"urlTemplate\":\"https:\\\/\\\/www.udc-chablais.ch\\\/?s={search_term_string}\"},\"query-input\":{\"@type\":\"PropertyValueSpecification\",\"valueRequired\":true,\"valueName\":\"search_term_string\"}}],\"inLanguage\":\"fr-FR\"},{\"@type\":\"Organization\",\"@id\":\"https:\\\/\\\/www.udc-chablais.ch\\\/#organization\",\"name\":\"UDC Chablais\",\"url\":\"https:\\\/\\\/www.udc-chablais.ch\\\/\",\"logo\":{\"@type\":\"ImageObject\",\"inLanguage\":\"fr-FR\",\"@id\":\"https:\\\/\\\/www.udc-chablais.ch\\\/#\\\/schema\\\/logo\\\/image\\\/\",\"url\":\"https:\\\/\\\/www.udc-chablais.ch\\\/wp-content\\\/uploads\\\/udc_chablais_logo_new_travail.jpg\",\"contentUrl\":\"https:\\\/\\\/www.udc-chablais.ch\\\/wp-content\\\/uploads\\\/udc_chablais_logo_new_travail.jpg\",\"width\":150,\"height\":150,\"caption\":\"UDC Chablais\"},\"image\":{\"@id\":\"https:\\\/\\\/www.udc-chablais.ch\\\/#\\\/schema\\\/logo\\\/image\\\/\"}},{\"@type\":\"Person\",\"@id\":\"https:\\\/\\\/www.udc-chablais.ch\\\/#\\\/schema\\\/person\\\/b62eaf6c7a833297cce77dfb363e9fa3\",\"name\":\"webmaster\",\"sameAs\":[\"http:\\\/\\\/www.dylankarlen.ch\"],\"url\":\"https:\\\/\\\/www.udc-chablais.ch\\\/?author=1\"}]}<\/script>\n<!-- \/ Yoast SEO plugin. -->","yoast_head_json":{"title":"UDC Chablais &#8226; \"Pour une premi\u00e8re, on ne m'a rien \u00e9pargn\u00e9...\"","robots":{"index":"index","follow":"follow","max-snippet":"max-snippet:-1","max-image-preview":"max-image-preview:large","max-video-preview":"max-video-preview:-1"},"canonical":"https:\/\/www.udc-chablais.ch\/?p=479","og_locale":"fr_FR","og_type":"article","og_title":"UDC Chablais &#8226; \"Pour une premi\u00e8re, on ne m'a rien \u00e9pargn\u00e9...\"","og_description":"&nbsp; &nbsp; &nbsp; Jeudi 30 ao\u00fbt, 20h00, pour la premi\u00e8re fois, je manie la clochette du pr\u00e9sident du Conseil communal de Villeneuve. S&rsquo;il y a bien une s\u00e9ance dont je dois me souvenir \u00e0 jamais, c&rsquo;est bien celle-ci. Hormis l&rsquo;\u00e9motion caus\u00e9e pour cette charge tr\u00e8s honorifique que je prends au s\u00e9rieux, les circonstances de cette [&hellip;]","og_url":"https:\/\/www.udc-chablais.ch\/?p=479","og_site_name":"UDC Chablais","article_published_time":"2012-09-01T08:14:06+00:00","article_modified_time":"2012-12-21T10:17:56+00:00","og_image":[{"url":"http:\/\/www.udc-chablais.ch.preview02.oxito.com\/wp-content\/uploads\/2012\/05\/banner_dsk_nb-72.png","type":"","width":"","height":""}],"author":"webmaster","twitter_card":"summary_large_image","twitter_misc":{"\u00c9crit par":"webmaster","Dur\u00e9e de lecture estim\u00e9e":"1 minute"},"schema":{"@context":"https:\/\/schema.org","@graph":[{"@type":"Article","@id":"https:\/\/www.udc-chablais.ch\/?p=479#article","isPartOf":{"@id":"https:\/\/www.udc-chablais.ch\/?p=479"},"author":{"name":"webmaster","@id":"https:\/\/www.udc-chablais.ch\/#\/schema\/person\/b62eaf6c7a833297cce77dfb363e9fa3"},"headline":"\u00ab\u00a0Pour une premi\u00e8re, on ne m&rsquo;a rien \u00e9pargn\u00e9&#8230;\u00a0\u00bb","datePublished":"2012-09-01T08:14:06+00:00","dateModified":"2012-12-21T10:17:56+00:00","mainEntityOfPage":{"@id":"https:\/\/www.udc-chablais.ch\/?p=479"},"wordCount":157,"publisher":{"@id":"https:\/\/www.udc-chablais.ch\/#organization"},"image":{"@id":"https:\/\/www.udc-chablais.ch\/?p=479#primaryimage"},"thumbnailUrl":"http:\/\/www.udc-chablais.ch.preview02.oxito.com\/wp-content\/uploads\/2012\/05\/banner_dsk_nb-72.png","keywords":["conseil communal"],"articleSection":["Villeneuve et Environs"],"inLanguage":"fr-FR"},{"@type":"WebPage","@id":"https:\/\/www.udc-chablais.ch\/?p=479","url":"https:\/\/www.udc-chablais.ch\/?p=479","name":"UDC Chablais &#8226; \"Pour une premi\u00e8re, on ne m'a rien \u00e9pargn\u00e9...\"","isPartOf":{"@id":"https:\/\/www.udc-chablais.ch\/#website"},"primaryImageOfPage":{"@id":"https:\/\/www.udc-chablais.ch\/?p=479#primaryimage"},"image":{"@id":"https:\/\/www.udc-chablais.ch\/?p=479#primaryimage"},"thumbnailUrl":"http:\/\/www.udc-chablais.ch.preview02.oxito.com\/wp-content\/uploads\/2012\/05\/banner_dsk_nb-72.png","datePublished":"2012-09-01T08:14:06+00:00","dateModified":"2012-12-21T10:17:56+00:00","breadcrumb":{"@id":"https:\/\/www.udc-chablais.ch\/?p=479#breadcrumb"},"inLanguage":"fr-FR","potentialAction":[{"@type":"ReadAction","target":["https:\/\/www.udc-chablais.ch\/?p=479"]}]},{"@type":"ImageObject","inLanguage":"fr-FR","@id":"https:\/\/www.udc-chablais.ch\/?p=479#primaryimage","url":"http:\/\/www.udc-chablais.ch.preview02.oxito.com\/wp-content\/uploads\/2012\/05\/banner_dsk_nb-72.png","contentUrl":"http:\/\/www.udc-chablais.ch.preview02.oxito.com\/wp-content\/uploads\/2012\/05\/banner_dsk_nb-72.png"},{"@type":"BreadcrumbList","@id":"https:\/\/www.udc-chablais.ch\/?p=479#breadcrumb","itemListElement":[{"@type":"ListItem","position":1,"name":"Accueil","item":"https:\/\/www.udc-chablais.ch\/"},{"@type":"ListItem","position":2,"name":"\u00ab\u00a0Pour une premi\u00e8re, on ne m&rsquo;a rien \u00e9pargn\u00e9&#8230;\u00a0\u00bb"}]},{"@type":"WebSite","@id":"https:\/\/www.udc-chablais.ch\/#website","url":"https:\/\/www.udc-chablais.ch\/","name":"UDC Chablais","description":"Une politique, la r\u00e9gion en plus","publisher":{"@id":"https:\/\/www.udc-chablais.ch\/#organization"},"potentialAction":[{"@type":"SearchAction","target":{"@type":"EntryPoint","urlTemplate":"https:\/\/www.udc-chablais.ch\/?s={search_term_string}"},"query-input":{"@type":"PropertyValueSpecification","valueRequired":true,"valueName":"search_term_string"}}],"inLanguage":"fr-FR"},{"@type":"Organization","@id":"https:\/\/www.udc-chablais.ch\/#organization","name":"UDC Chablais","url":"https:\/\/www.udc-chablais.ch\/","logo":{"@type":"ImageObject","inLanguage":"fr-FR","@id":"https:\/\/www.udc-chablais.ch\/#\/schema\/logo\/image\/","url":"https:\/\/www.udc-chablais.ch\/wp-content\/uploads\/udc_chablais_logo_new_travail.jpg","contentUrl":"https:\/\/www.udc-chablais.ch\/wp-content\/uploads\/udc_chablais_logo_new_travail.jpg","width":150,"height":150,"caption":"UDC Chablais"},"image":{"@id":"https:\/\/www.udc-chablais.ch\/#\/schema\/logo\/image\/"}},{"@type":"Person","@id":"https:\/\/www.udc-chablais.ch\/#\/schema\/person\/b62eaf6c7a833297cce77dfb363e9fa3","name":"webmaster","sameAs":["http:\/\/www.dylankarlen.ch"],"url":"https:\/\/www.udc-chablais.ch\/?author=1"}]}},"_links":{"self":[{"href":"https:\/\/www.udc-chablais.ch\/index.php?rest_route=\/wp\/v2\/posts\/479","targetHints":{"allow":["GET"]}}],"collection":[{"href":"https:\/\/www.udc-chablais.ch\/index.php?rest_route=\/wp\/v2\/posts"}],"about":[{"href":"https:\/\/www.udc-chablais.ch\/index.php?rest_route=\/wp\/v2\/types\/post"}],"author":[{"embeddable":true,"href":"https:\/\/www.udc-chablais.ch\/index.php?rest_route=\/wp\/v2\/users\/1"}],"replies":[{"embeddable":true,"href":"https:\/\/www.udc-chablais.ch\/index.php?rest_route=%2Fwp%2Fv2%2Fcomments&post=479"}],"version-history":[{"count":7,"href":"https:\/\/www.udc-chablais.ch\/index.php?rest_route=\/wp\/v2\/posts\/479\/revisions"}],"predecessor-version":[{"id":482,"href":"https:\/\/www.udc-chablais.ch\/index.php?rest_route=\/wp\/v2\/posts\/479\/revisions\/482"}],"wp:attachment":[{"href":"https:\/\/www.udc-chablais.ch\/index.php?rest_route=%2Fwp%2Fv2%2Fmedia&parent=479"}],"wp:term":[{"taxonomy":"category","embeddable":true,"href":"https:\/\/www.udc-chablais.ch\/index.php?rest_route=%2Fwp%2Fv2%2Fcategories&post=479"},{"taxonomy":"post_tag","embeddable":true,"href":"https:\/\/www.udc-chablais.ch\/index.php?rest_route=%2Fwp%2Fv2%2Ftags&post=479"}],"curies":[{"name":"wp","href":"https:\/\/api.w.org\/{rel}","templated":true}]}}