{"id":537,"date":"2012-10-09T10:42:59","date_gmt":"2012-10-09T09:42:59","guid":{"rendered":"http:\/\/www.udc-chablais.ch\/?p=537"},"modified":"2012-12-21T11:14:41","modified_gmt":"2012-12-21T10:14:41","slug":"ludc-villeneuve-soppose-en-letat-au-plan-directeur-localise-de-la-gare","status":"publish","type":"post","link":"https:\/\/www.udc-chablais.ch\/?p=537","title":{"rendered":"L&rsquo;UDC Villeneuve s&rsquo;oppose en l&rsquo;\u00e9tat au Plan directeur localis\u00e9 de la Gare"},"content":{"rendered":"<p>Le plan directeur localis\u00e9 de la Gare soumis \u00e0 consultation doit \u00eatre rejet\u00e9 en bloc, car il ne s&rsquo;int\u00e8gre pas dans le d\u00e9veloppement durable de la commune. Il g\u00e9n\u00e8re une zone de blocages et de surcharge sur l&rsquo;axe de transit RC 780a d&rsquo;importance nationale et il ne s&rsquo;int\u00e8gre dans aucun plan d&rsquo;urbanisation et de gestion du trafic dans la commune de Villeneuve.<\/p>\n<p>Le Groupe UDC au Conseil communal a proc\u00e9d\u00e9 \u00e0 une analyse globale des contraintes pour les 15 \u00e0 20 prochaines ann\u00e9es ainsi qu&rsquo;\u00e0 la d\u00e9finition de ses visions pour le d\u00e9veloppement durable de notre territoire sur la base de ses atouts inali\u00e9nables.<\/p>\n<p><a href=\"http:\/\/www.udc-chablais.ch.preview02.oxito.com\/wp-content\/uploads\/2012\/10\/prise_de_position_UDC_sur_PDL-Gare_Villeneuve.pdf\">T\u00e9l\u00e9charger le document de fond (.pdf)<\/a><\/p>\n","protected":false},"excerpt":{"rendered":"<p>Le plan directeur localis\u00e9 de la Gare soumis \u00e0 consultation doit \u00eatre rejet\u00e9 en bloc, car il ne s&rsquo;int\u00e8gre pas dans le d\u00e9veloppement durable de la commune. Il g\u00e9n\u00e8re une zone de blocages et de surcharge sur l&rsquo;axe de transit RC 780a d&rsquo;importance nationale et il ne s&rsquo;int\u00e8gre dans aucun plan d&rsquo;urbanisation et de gestion [&hellip;]<\/p>\n","protected":false},"author":4,"featured_media":0,"comment_status":"closed","ping_status":"closed","sticky":false,"template":"","format":"standard","meta":{"footnotes":""},"categories":[9],"tags":[71,65],"class_list":["post-537","post","type-post","status-publish","format-standard","hentry","category-villeneuve","tag-plan-directeur","tag-transports"],"yoast_head":"<!-- This site is optimized with the Yoast SEO plugin v27.4 - https:\/\/yoast.com\/product\/yoast-seo-wordpress\/ -->\n<title>UDC Chablais &#8226; L&#039;UDC Villeneuve s&#039;oppose en l&#039;\u00e9tat au Plan directeur localis\u00e9 de la Gare<\/title>\n<meta name=\"robots\" content=\"index, follow, max-snippet:-1, max-image-preview:large, max-video-preview:-1\" \/>\n<link rel=\"canonical\" href=\"https:\/\/www.udc-chablais.ch\/?p=537\" \/>\n<meta property=\"og:locale\" content=\"fr_FR\" \/>\n<meta property=\"og:type\" content=\"article\" \/>\n<meta property=\"og:title\" content=\"UDC Chablais &#8226; L&#039;UDC Villeneuve s&#039;oppose en l&#039;\u00e9tat au Plan directeur localis\u00e9 de la Gare\" \/>\n<meta property=\"og:description\" content=\"Le plan directeur localis\u00e9 de la Gare soumis \u00e0 consultation doit \u00eatre rejet\u00e9 en bloc, car il ne s&rsquo;int\u00e8gre pas dans le d\u00e9veloppement durable de la commune. Il g\u00e9n\u00e8re une zone de blocages et de surcharge sur l&rsquo;axe de transit RC 780a d&rsquo;importance nationale et il ne s&rsquo;int\u00e8gre dans aucun plan d&rsquo;urbanisation et de gestion [&hellip;]\" \/>\n<meta property=\"og:url\" content=\"https:\/\/www.udc-chablais.ch\/?p=537\" \/>\n<meta property=\"og:site_name\" content=\"UDC Chablais\" \/>\n<meta property=\"article:published_time\" content=\"2012-10-09T09:42:59+00:00\" \/>\n<meta property=\"article:modified_time\" content=\"2012-12-21T10:14:41+00:00\" \/>\n<meta name=\"author\" content=\"dylankarlen\" \/>\n<meta name=\"twitter:card\" content=\"summary_large_image\" \/>\n<meta name=\"twitter:label1\" content=\"\u00c9crit par\" \/>\n\t<meta name=\"twitter:data1\" content=\"dylankarlen\" \/>\n\t<meta name=\"twitter:label2\" content=\"Dur\u00e9e de lecture estim\u00e9e\" \/>\n\t<meta name=\"twitter:data2\" content=\"1 minute\" \/>\n<script type=\"application\/ld+json\" class=\"yoast-schema-graph\">{\"@context\":\"https:\\\/\\\/schema.org\",\"@graph\":[{\"@type\":\"Article\",\"@id\":\"https:\\\/\\\/www.udc-chablais.ch\\\/?p=537#article\",\"isPartOf\":{\"@id\":\"https:\\\/\\\/www.udc-chablais.ch\\\/?p=537\"},\"author\":{\"name\":\"dylankarlen\",\"@id\":\"https:\\\/\\\/www.udc-chablais.ch\\\/#\\\/schema\\\/person\\\/9a1331f9d3596d11e69de408ae6bd1b3\"},\"headline\":\"L&rsquo;UDC Villeneuve s&rsquo;oppose en l&rsquo;\u00e9tat au Plan directeur localis\u00e9 de la Gare\",\"datePublished\":\"2012-10-09T09:42:59+00:00\",\"dateModified\":\"2012-12-21T10:14:41+00:00\",\"mainEntityOfPage\":{\"@id\":\"https:\\\/\\\/www.udc-chablais.ch\\\/?p=537\"},\"wordCount\":137,\"publisher\":{\"@id\":\"https:\\\/\\\/www.udc-chablais.ch\\\/#organization\"},\"keywords\":[\"plan directeur\",\"transports\"],\"articleSection\":[\"Villeneuve et Environs\"],\"inLanguage\":\"fr-FR\"},{\"@type\":\"WebPage\",\"@id\":\"https:\\\/\\\/www.udc-chablais.ch\\\/?p=537\",\"url\":\"https:\\\/\\\/www.udc-chablais.ch\\\/?p=537\",\"name\":\"UDC Chablais &#8226; L'UDC Villeneuve s'oppose en l'\u00e9tat au Plan directeur localis\u00e9 de la Gare\",\"isPartOf\":{\"@id\":\"https:\\\/\\\/www.udc-chablais.ch\\\/#website\"},\"datePublished\":\"2012-10-09T09:42:59+00:00\",\"dateModified\":\"2012-12-21T10:14:41+00:00\",\"breadcrumb\":{\"@id\":\"https:\\\/\\\/www.udc-chablais.ch\\\/?p=537#breadcrumb\"},\"inLanguage\":\"fr-FR\",\"potentialAction\":[{\"@type\":\"ReadAction\",\"target\":[\"https:\\\/\\\/www.udc-chablais.ch\\\/?p=537\"]}]},{\"@type\":\"BreadcrumbList\",\"@id\":\"https:\\\/\\\/www.udc-chablais.ch\\\/?p=537#breadcrumb\",\"itemListElement\":[{\"@type\":\"ListItem\",\"position\":1,\"name\":\"Accueil\",\"item\":\"https:\\\/\\\/www.udc-chablais.ch\\\/\"},{\"@type\":\"ListItem\",\"position\":2,\"name\":\"L&rsquo;UDC Villeneuve s&rsquo;oppose en l&rsquo;\u00e9tat au Plan directeur localis\u00e9 de la Gare\"}]},{\"@type\":\"WebSite\",\"@id\":\"https:\\\/\\\/www.udc-chablais.ch\\\/#website\",\"url\":\"https:\\\/\\\/www.udc-chablais.ch\\\/\",\"name\":\"UDC Chablais\",\"description\":\"Une politique, la r\u00e9gion en plus\",\"publisher\":{\"@id\":\"https:\\\/\\\/www.udc-chablais.ch\\\/#organization\"},\"potentialAction\":[{\"@type\":\"SearchAction\",\"target\":{\"@type\":\"EntryPoint\",\"urlTemplate\":\"https:\\\/\\\/www.udc-chablais.ch\\\/?s={search_term_string}\"},\"query-input\":{\"@type\":\"PropertyValueSpecification\",\"valueRequired\":true,\"valueName\":\"search_term_string\"}}],\"inLanguage\":\"fr-FR\"},{\"@type\":\"Organization\",\"@id\":\"https:\\\/\\\/www.udc-chablais.ch\\\/#organization\",\"name\":\"UDC Chablais\",\"url\":\"https:\\\/\\\/www.udc-chablais.ch\\\/\",\"logo\":{\"@type\":\"ImageObject\",\"inLanguage\":\"fr-FR\",\"@id\":\"https:\\\/\\\/www.udc-chablais.ch\\\/#\\\/schema\\\/logo\\\/image\\\/\",\"url\":\"https:\\\/\\\/www.udc-chablais.ch\\\/wp-content\\\/uploads\\\/udc_chablais_logo_new_travail.jpg\",\"contentUrl\":\"https:\\\/\\\/www.udc-chablais.ch\\\/wp-content\\\/uploads\\\/udc_chablais_logo_new_travail.jpg\",\"width\":150,\"height\":150,\"caption\":\"UDC Chablais\"},\"image\":{\"@id\":\"https:\\\/\\\/www.udc-chablais.ch\\\/#\\\/schema\\\/logo\\\/image\\\/\"}},{\"@type\":\"Person\",\"@id\":\"https:\\\/\\\/www.udc-chablais.ch\\\/#\\\/schema\\\/person\\\/9a1331f9d3596d11e69de408ae6bd1b3\",\"name\":\"dylankarlen\",\"sameAs\":[\"http:\\\/\\\/www.dylankarlen.ch\"],\"url\":\"https:\\\/\\\/www.udc-chablais.ch\\\/?author=4\"}]}<\/script>\n<!-- \/ Yoast SEO plugin. -->","yoast_head_json":{"title":"UDC Chablais &#8226; L'UDC Villeneuve s'oppose en l'\u00e9tat au Plan directeur localis\u00e9 de la Gare","robots":{"index":"index","follow":"follow","max-snippet":"max-snippet:-1","max-image-preview":"max-image-preview:large","max-video-preview":"max-video-preview:-1"},"canonical":"https:\/\/www.udc-chablais.ch\/?p=537","og_locale":"fr_FR","og_type":"article","og_title":"UDC Chablais &#8226; L'UDC Villeneuve s'oppose en l'\u00e9tat au Plan directeur localis\u00e9 de la Gare","og_description":"Le plan directeur localis\u00e9 de la Gare soumis \u00e0 consultation doit \u00eatre rejet\u00e9 en bloc, car il ne s&rsquo;int\u00e8gre pas dans le d\u00e9veloppement durable de la commune. Il g\u00e9n\u00e8re une zone de blocages et de surcharge sur l&rsquo;axe de transit RC 780a d&rsquo;importance nationale et il ne s&rsquo;int\u00e8gre dans aucun plan d&rsquo;urbanisation et de gestion [&hellip;]","og_url":"https:\/\/www.udc-chablais.ch\/?p=537","og_site_name":"UDC Chablais","article_published_time":"2012-10-09T09:42:59+00:00","article_modified_time":"2012-12-21T10:14:41+00:00","author":"dylankarlen","twitter_card":"summary_large_image","twitter_misc":{"\u00c9crit par":"dylankarlen","Dur\u00e9e de lecture estim\u00e9e":"1 minute"},"schema":{"@context":"https:\/\/schema.org","@graph":[{"@type":"Article","@id":"https:\/\/www.udc-chablais.ch\/?p=537#article","isPartOf":{"@id":"https:\/\/www.udc-chablais.ch\/?p=537"},"author":{"name":"dylankarlen","@id":"https:\/\/www.udc-chablais.ch\/#\/schema\/person\/9a1331f9d3596d11e69de408ae6bd1b3"},"headline":"L&rsquo;UDC Villeneuve s&rsquo;oppose en l&rsquo;\u00e9tat au Plan directeur localis\u00e9 de la Gare","datePublished":"2012-10-09T09:42:59+00:00","dateModified":"2012-12-21T10:14:41+00:00","mainEntityOfPage":{"@id":"https:\/\/www.udc-chablais.ch\/?p=537"},"wordCount":137,"publisher":{"@id":"https:\/\/www.udc-chablais.ch\/#organization"},"keywords":["plan directeur","transports"],"articleSection":["Villeneuve et Environs"],"inLanguage":"fr-FR"},{"@type":"WebPage","@id":"https:\/\/www.udc-chablais.ch\/?p=537","url":"https:\/\/www.udc-chablais.ch\/?p=537","name":"UDC Chablais &#8226; L'UDC Villeneuve s'oppose en l'\u00e9tat au Plan directeur localis\u00e9 de la Gare","isPartOf":{"@id":"https:\/\/www.udc-chablais.ch\/#website"},"datePublished":"2012-10-09T09:42:59+00:00","dateModified":"2012-12-21T10:14:41+00:00","breadcrumb":{"@id":"https:\/\/www.udc-chablais.ch\/?p=537#breadcrumb"},"inLanguage":"fr-FR","potentialAction":[{"@type":"ReadAction","target":["https:\/\/www.udc-chablais.ch\/?p=537"]}]},{"@type":"BreadcrumbList","@id":"https:\/\/www.udc-chablais.ch\/?p=537#breadcrumb","itemListElement":[{"@type":"ListItem","position":1,"name":"Accueil","item":"https:\/\/www.udc-chablais.ch\/"},{"@type":"ListItem","position":2,"name":"L&rsquo;UDC Villeneuve s&rsquo;oppose en l&rsquo;\u00e9tat au Plan directeur localis\u00e9 de la Gare"}]},{"@type":"WebSite","@id":"https:\/\/www.udc-chablais.ch\/#website","url":"https:\/\/www.udc-chablais.ch\/","name":"UDC Chablais","description":"Une politique, la r\u00e9gion en plus","publisher":{"@id":"https:\/\/www.udc-chablais.ch\/#organization"},"potentialAction":[{"@type":"SearchAction","target":{"@type":"EntryPoint","urlTemplate":"https:\/\/www.udc-chablais.ch\/?s={search_term_string}"},"query-input":{"@type":"PropertyValueSpecification","valueRequired":true,"valueName":"search_term_string"}}],"inLanguage":"fr-FR"},{"@type":"Organization","@id":"https:\/\/www.udc-chablais.ch\/#organization","name":"UDC Chablais","url":"https:\/\/www.udc-chablais.ch\/","logo":{"@type":"ImageObject","inLanguage":"fr-FR","@id":"https:\/\/www.udc-chablais.ch\/#\/schema\/logo\/image\/","url":"https:\/\/www.udc-chablais.ch\/wp-content\/uploads\/udc_chablais_logo_new_travail.jpg","contentUrl":"https:\/\/www.udc-chablais.ch\/wp-content\/uploads\/udc_chablais_logo_new_travail.jpg","width":150,"height":150,"caption":"UDC Chablais"},"image":{"@id":"https:\/\/www.udc-chablais.ch\/#\/schema\/logo\/image\/"}},{"@type":"Person","@id":"https:\/\/www.udc-chablais.ch\/#\/schema\/person\/9a1331f9d3596d11e69de408ae6bd1b3","name":"dylankarlen","sameAs":["http:\/\/www.dylankarlen.ch"],"url":"https:\/\/www.udc-chablais.ch\/?author=4"}]}},"_links":{"self":[{"href":"https:\/\/www.udc-chablais.ch\/index.php?rest_route=\/wp\/v2\/posts\/537","targetHints":{"allow":["GET"]}}],"collection":[{"href":"https:\/\/www.udc-chablais.ch\/index.php?rest_route=\/wp\/v2\/posts"}],"about":[{"href":"https:\/\/www.udc-chablais.ch\/index.php?rest_route=\/wp\/v2\/types\/post"}],"author":[{"embeddable":true,"href":"https:\/\/www.udc-chablais.ch\/index.php?rest_route=\/wp\/v2\/users\/4"}],"replies":[{"embeddable":true,"href":"https:\/\/www.udc-chablais.ch\/index.php?rest_route=%2Fwp%2Fv2%2Fcomments&post=537"}],"version-history":[{"count":2,"href":"https:\/\/www.udc-chablais.ch\/index.php?rest_route=\/wp\/v2\/posts\/537\/revisions"}],"predecessor-version":[{"id":626,"href":"https:\/\/www.udc-chablais.ch\/index.php?rest_route=\/wp\/v2\/posts\/537\/revisions\/626"}],"wp:attachment":[{"href":"https:\/\/www.udc-chablais.ch\/index.php?rest_route=%2Fwp%2Fv2%2Fmedia&parent=537"}],"wp:term":[{"taxonomy":"category","embeddable":true,"href":"https:\/\/www.udc-chablais.ch\/index.php?rest_route=%2Fwp%2Fv2%2Fcategories&post=537"},{"taxonomy":"post_tag","embeddable":true,"href":"https:\/\/www.udc-chablais.ch\/index.php?rest_route=%2Fwp%2Fv2%2Ftags&post=537"}],"curies":[{"name":"wp","href":"https:\/\/api.w.org\/{rel}","templated":true}]}}