{"id":602,"date":"2012-12-01T10:29:35","date_gmt":"2012-12-01T09:29:35","guid":{"rendered":"http:\/\/www.udc-chablais.ch\/?p=602"},"modified":"2012-12-01T10:29:35","modified_gmt":"2012-12-01T09:29:35","slug":"recolte-de-signatures-pour-lelection-du-conseil-communal-a-la-proportionnelle","status":"publish","type":"post","link":"https:\/\/www.udc-chablais.ch\/?p=602","title":{"rendered":"R\u00e9colte de signatures pour l&rsquo;\u00e9lection du Conseil communal \u00e0 la proportionnelle"},"content":{"rendered":"<p>La r\u00e9colte de signatures en faveur de signatures de l&rsquo;initiative populaire communale visant \u00e0 \u00e9lire le Conseil communal d&rsquo;Yvorne au scrutin proportionnel est en cours. Les initiants disposent de trois mois pour recueillir les 115 paraphes n\u00e9cessaires \u00e0 l&rsquo;aboutissement de l&rsquo;initiative, lanc\u00e9e par le groupe Arc-en-ciel et l&rsquo;UDC Yvorne. <\/p>\n<p>Actuellement les 35 membres du Conseil communal d&rsquo;Yvorne sont \u00e9lus au scrutin majoritaire, situation qui n&rsquo;assure pas une saine et juste r\u00e9partition des partis en pr\u00e9sence .<\/p>\n","protected":false},"excerpt":{"rendered":"<p>La r\u00e9colte de signatures en faveur de signatures de l&rsquo;initiative populaire communale visant \u00e0 \u00e9lire le Conseil communal d&rsquo;Yvorne au scrutin proportionnel est en cours. Les initiants disposent de trois mois pour recueillir les 115 paraphes n\u00e9cessaires \u00e0 l&rsquo;aboutissement de l&rsquo;initiative, lanc\u00e9e par le groupe Arc-en-ciel et l&rsquo;UDC Yvorne. Actuellement les 35 membres du Conseil [&hellip;]<\/p>\n","protected":false},"author":4,"featured_media":0,"comment_status":"closed","ping_status":"closed","sticky":false,"template":"","format":"standard","meta":{"footnotes":""},"categories":[10],"tags":[66],"class_list":["post-602","post","type-post","status-publish","format-standard","hentry","category-yvorne","tag-proportionnelle"],"yoast_head":"<!-- This site is optimized with the Yoast SEO plugin v27.4 - https:\/\/yoast.com\/product\/yoast-seo-wordpress\/ -->\n<title>UDC Chablais &#8226; R\u00e9colte de signatures pour l&#039;\u00e9lection du Conseil communal \u00e0 la proportionnelle<\/title>\n<meta name=\"robots\" content=\"index, follow, max-snippet:-1, max-image-preview:large, max-video-preview:-1\" \/>\n<link rel=\"canonical\" href=\"https:\/\/www.udc-chablais.ch\/?p=602\" \/>\n<meta property=\"og:locale\" content=\"fr_FR\" \/>\n<meta property=\"og:type\" content=\"article\" \/>\n<meta property=\"og:title\" content=\"UDC Chablais &#8226; R\u00e9colte de signatures pour l&#039;\u00e9lection du Conseil communal \u00e0 la proportionnelle\" \/>\n<meta property=\"og:description\" content=\"La r\u00e9colte de signatures en faveur de signatures de l&rsquo;initiative populaire communale visant \u00e0 \u00e9lire le Conseil communal d&rsquo;Yvorne au scrutin proportionnel est en cours. Les initiants disposent de trois mois pour recueillir les 115 paraphes n\u00e9cessaires \u00e0 l&rsquo;aboutissement de l&rsquo;initiative, lanc\u00e9e par le groupe Arc-en-ciel et l&rsquo;UDC Yvorne. Actuellement les 35 membres du Conseil [&hellip;]\" \/>\n<meta property=\"og:url\" content=\"https:\/\/www.udc-chablais.ch\/?p=602\" \/>\n<meta property=\"og:site_name\" content=\"UDC Chablais\" \/>\n<meta property=\"article:published_time\" content=\"2012-12-01T09:29:35+00:00\" \/>\n<meta name=\"author\" content=\"dylankarlen\" \/>\n<meta name=\"twitter:card\" content=\"summary_large_image\" \/>\n<meta name=\"twitter:label1\" content=\"\u00c9crit par\" \/>\n\t<meta name=\"twitter:data1\" content=\"dylankarlen\" \/>\n<script type=\"application\/ld+json\" class=\"yoast-schema-graph\">{\"@context\":\"https:\\\/\\\/schema.org\",\"@graph\":[{\"@type\":\"Article\",\"@id\":\"https:\\\/\\\/www.udc-chablais.ch\\\/?p=602#article\",\"isPartOf\":{\"@id\":\"https:\\\/\\\/www.udc-chablais.ch\\\/?p=602\"},\"author\":{\"name\":\"dylankarlen\",\"@id\":\"https:\\\/\\\/www.udc-chablais.ch\\\/#\\\/schema\\\/person\\\/9a1331f9d3596d11e69de408ae6bd1b3\"},\"headline\":\"R\u00e9colte de signatures pour l&rsquo;\u00e9lection du Conseil communal \u00e0 la proportionnelle\",\"datePublished\":\"2012-12-01T09:29:35+00:00\",\"mainEntityOfPage\":{\"@id\":\"https:\\\/\\\/www.udc-chablais.ch\\\/?p=602\"},\"wordCount\":95,\"publisher\":{\"@id\":\"https:\\\/\\\/www.udc-chablais.ch\\\/#organization\"},\"keywords\":[\"proportionnelle\"],\"articleSection\":[\"Yvorne\"],\"inLanguage\":\"fr-FR\"},{\"@type\":\"WebPage\",\"@id\":\"https:\\\/\\\/www.udc-chablais.ch\\\/?p=602\",\"url\":\"https:\\\/\\\/www.udc-chablais.ch\\\/?p=602\",\"name\":\"UDC Chablais &#8226; R\u00e9colte de signatures pour l'\u00e9lection du Conseil communal \u00e0 la proportionnelle\",\"isPartOf\":{\"@id\":\"https:\\\/\\\/www.udc-chablais.ch\\\/#website\"},\"datePublished\":\"2012-12-01T09:29:35+00:00\",\"breadcrumb\":{\"@id\":\"https:\\\/\\\/www.udc-chablais.ch\\\/?p=602#breadcrumb\"},\"inLanguage\":\"fr-FR\",\"potentialAction\":[{\"@type\":\"ReadAction\",\"target\":[\"https:\\\/\\\/www.udc-chablais.ch\\\/?p=602\"]}]},{\"@type\":\"BreadcrumbList\",\"@id\":\"https:\\\/\\\/www.udc-chablais.ch\\\/?p=602#breadcrumb\",\"itemListElement\":[{\"@type\":\"ListItem\",\"position\":1,\"name\":\"Accueil\",\"item\":\"https:\\\/\\\/www.udc-chablais.ch\\\/\"},{\"@type\":\"ListItem\",\"position\":2,\"name\":\"R\u00e9colte de signatures pour l&rsquo;\u00e9lection du Conseil communal \u00e0 la proportionnelle\"}]},{\"@type\":\"WebSite\",\"@id\":\"https:\\\/\\\/www.udc-chablais.ch\\\/#website\",\"url\":\"https:\\\/\\\/www.udc-chablais.ch\\\/\",\"name\":\"UDC Chablais\",\"description\":\"Une politique, la r\u00e9gion en plus\",\"publisher\":{\"@id\":\"https:\\\/\\\/www.udc-chablais.ch\\\/#organization\"},\"potentialAction\":[{\"@type\":\"SearchAction\",\"target\":{\"@type\":\"EntryPoint\",\"urlTemplate\":\"https:\\\/\\\/www.udc-chablais.ch\\\/?s={search_term_string}\"},\"query-input\":{\"@type\":\"PropertyValueSpecification\",\"valueRequired\":true,\"valueName\":\"search_term_string\"}}],\"inLanguage\":\"fr-FR\"},{\"@type\":\"Organization\",\"@id\":\"https:\\\/\\\/www.udc-chablais.ch\\\/#organization\",\"name\":\"UDC Chablais\",\"url\":\"https:\\\/\\\/www.udc-chablais.ch\\\/\",\"logo\":{\"@type\":\"ImageObject\",\"inLanguage\":\"fr-FR\",\"@id\":\"https:\\\/\\\/www.udc-chablais.ch\\\/#\\\/schema\\\/logo\\\/image\\\/\",\"url\":\"https:\\\/\\\/www.udc-chablais.ch\\\/wp-content\\\/uploads\\\/udc_chablais_logo_new_travail.jpg\",\"contentUrl\":\"https:\\\/\\\/www.udc-chablais.ch\\\/wp-content\\\/uploads\\\/udc_chablais_logo_new_travail.jpg\",\"width\":150,\"height\":150,\"caption\":\"UDC Chablais\"},\"image\":{\"@id\":\"https:\\\/\\\/www.udc-chablais.ch\\\/#\\\/schema\\\/logo\\\/image\\\/\"}},{\"@type\":\"Person\",\"@id\":\"https:\\\/\\\/www.udc-chablais.ch\\\/#\\\/schema\\\/person\\\/9a1331f9d3596d11e69de408ae6bd1b3\",\"name\":\"dylankarlen\",\"sameAs\":[\"http:\\\/\\\/www.dylankarlen.ch\"],\"url\":\"https:\\\/\\\/www.udc-chablais.ch\\\/?author=4\"}]}<\/script>\n<!-- \/ Yoast SEO plugin. -->","yoast_head_json":{"title":"UDC Chablais &#8226; R\u00e9colte de signatures pour l'\u00e9lection du Conseil communal \u00e0 la proportionnelle","robots":{"index":"index","follow":"follow","max-snippet":"max-snippet:-1","max-image-preview":"max-image-preview:large","max-video-preview":"max-video-preview:-1"},"canonical":"https:\/\/www.udc-chablais.ch\/?p=602","og_locale":"fr_FR","og_type":"article","og_title":"UDC Chablais &#8226; R\u00e9colte de signatures pour l'\u00e9lection du Conseil communal \u00e0 la proportionnelle","og_description":"La r\u00e9colte de signatures en faveur de signatures de l&rsquo;initiative populaire communale visant \u00e0 \u00e9lire le Conseil communal d&rsquo;Yvorne au scrutin proportionnel est en cours. Les initiants disposent de trois mois pour recueillir les 115 paraphes n\u00e9cessaires \u00e0 l&rsquo;aboutissement de l&rsquo;initiative, lanc\u00e9e par le groupe Arc-en-ciel et l&rsquo;UDC Yvorne. Actuellement les 35 membres du Conseil [&hellip;]","og_url":"https:\/\/www.udc-chablais.ch\/?p=602","og_site_name":"UDC Chablais","article_published_time":"2012-12-01T09:29:35+00:00","author":"dylankarlen","twitter_card":"summary_large_image","twitter_misc":{"\u00c9crit par":"dylankarlen"},"schema":{"@context":"https:\/\/schema.org","@graph":[{"@type":"Article","@id":"https:\/\/www.udc-chablais.ch\/?p=602#article","isPartOf":{"@id":"https:\/\/www.udc-chablais.ch\/?p=602"},"author":{"name":"dylankarlen","@id":"https:\/\/www.udc-chablais.ch\/#\/schema\/person\/9a1331f9d3596d11e69de408ae6bd1b3"},"headline":"R\u00e9colte de signatures pour l&rsquo;\u00e9lection du Conseil communal \u00e0 la proportionnelle","datePublished":"2012-12-01T09:29:35+00:00","mainEntityOfPage":{"@id":"https:\/\/www.udc-chablais.ch\/?p=602"},"wordCount":95,"publisher":{"@id":"https:\/\/www.udc-chablais.ch\/#organization"},"keywords":["proportionnelle"],"articleSection":["Yvorne"],"inLanguage":"fr-FR"},{"@type":"WebPage","@id":"https:\/\/www.udc-chablais.ch\/?p=602","url":"https:\/\/www.udc-chablais.ch\/?p=602","name":"UDC Chablais &#8226; R\u00e9colte de signatures pour l'\u00e9lection du Conseil communal \u00e0 la proportionnelle","isPartOf":{"@id":"https:\/\/www.udc-chablais.ch\/#website"},"datePublished":"2012-12-01T09:29:35+00:00","breadcrumb":{"@id":"https:\/\/www.udc-chablais.ch\/?p=602#breadcrumb"},"inLanguage":"fr-FR","potentialAction":[{"@type":"ReadAction","target":["https:\/\/www.udc-chablais.ch\/?p=602"]}]},{"@type":"BreadcrumbList","@id":"https:\/\/www.udc-chablais.ch\/?p=602#breadcrumb","itemListElement":[{"@type":"ListItem","position":1,"name":"Accueil","item":"https:\/\/www.udc-chablais.ch\/"},{"@type":"ListItem","position":2,"name":"R\u00e9colte de signatures pour l&rsquo;\u00e9lection du Conseil communal \u00e0 la proportionnelle"}]},{"@type":"WebSite","@id":"https:\/\/www.udc-chablais.ch\/#website","url":"https:\/\/www.udc-chablais.ch\/","name":"UDC Chablais","description":"Une politique, la r\u00e9gion en plus","publisher":{"@id":"https:\/\/www.udc-chablais.ch\/#organization"},"potentialAction":[{"@type":"SearchAction","target":{"@type":"EntryPoint","urlTemplate":"https:\/\/www.udc-chablais.ch\/?s={search_term_string}"},"query-input":{"@type":"PropertyValueSpecification","valueRequired":true,"valueName":"search_term_string"}}],"inLanguage":"fr-FR"},{"@type":"Organization","@id":"https:\/\/www.udc-chablais.ch\/#organization","name":"UDC Chablais","url":"https:\/\/www.udc-chablais.ch\/","logo":{"@type":"ImageObject","inLanguage":"fr-FR","@id":"https:\/\/www.udc-chablais.ch\/#\/schema\/logo\/image\/","url":"https:\/\/www.udc-chablais.ch\/wp-content\/uploads\/udc_chablais_logo_new_travail.jpg","contentUrl":"https:\/\/www.udc-chablais.ch\/wp-content\/uploads\/udc_chablais_logo_new_travail.jpg","width":150,"height":150,"caption":"UDC Chablais"},"image":{"@id":"https:\/\/www.udc-chablais.ch\/#\/schema\/logo\/image\/"}},{"@type":"Person","@id":"https:\/\/www.udc-chablais.ch\/#\/schema\/person\/9a1331f9d3596d11e69de408ae6bd1b3","name":"dylankarlen","sameAs":["http:\/\/www.dylankarlen.ch"],"url":"https:\/\/www.udc-chablais.ch\/?author=4"}]}},"_links":{"self":[{"href":"https:\/\/www.udc-chablais.ch\/index.php?rest_route=\/wp\/v2\/posts\/602","targetHints":{"allow":["GET"]}}],"collection":[{"href":"https:\/\/www.udc-chablais.ch\/index.php?rest_route=\/wp\/v2\/posts"}],"about":[{"href":"https:\/\/www.udc-chablais.ch\/index.php?rest_route=\/wp\/v2\/types\/post"}],"author":[{"embeddable":true,"href":"https:\/\/www.udc-chablais.ch\/index.php?rest_route=\/wp\/v2\/users\/4"}],"replies":[{"embeddable":true,"href":"https:\/\/www.udc-chablais.ch\/index.php?rest_route=%2Fwp%2Fv2%2Fcomments&post=602"}],"version-history":[{"count":1,"href":"https:\/\/www.udc-chablais.ch\/index.php?rest_route=\/wp\/v2\/posts\/602\/revisions"}],"predecessor-version":[{"id":603,"href":"https:\/\/www.udc-chablais.ch\/index.php?rest_route=\/wp\/v2\/posts\/602\/revisions\/603"}],"wp:attachment":[{"href":"https:\/\/www.udc-chablais.ch\/index.php?rest_route=%2Fwp%2Fv2%2Fmedia&parent=602"}],"wp:term":[{"taxonomy":"category","embeddable":true,"href":"https:\/\/www.udc-chablais.ch\/index.php?rest_route=%2Fwp%2Fv2%2Fcategories&post=602"},{"taxonomy":"post_tag","embeddable":true,"href":"https:\/\/www.udc-chablais.ch\/index.php?rest_route=%2Fwp%2Fv2%2Ftags&post=602"}],"curies":[{"name":"wp","href":"https:\/\/api.w.org\/{rel}","templated":true}]}}