{"id":698,"date":"2013-02-08T10:46:03","date_gmt":"2013-02-08T09:46:03","guid":{"rendered":"http:\/\/www.udc-chablais.ch\/?p=698"},"modified":"2013-02-08T10:46:03","modified_gmt":"2013-02-08T09:46:03","slug":"interpellation-analyse-et-planification-financiere-de-la-commune-de-villeneuve","status":"publish","type":"post","link":"https:\/\/www.udc-chablais.ch\/?p=698","title":{"rendered":"Interpellation : analyse et planification financi\u00e8re de la commune de Villeneuve"},"content":{"rendered":"<p>Lors de la s\u00e9ance du Conseil communal de Villeneuve du 6 f\u00e9vrier dernier, le conseiller UDC Thierry Schwitzgu\u00e9bel a d\u00e9pos\u00e9 une interpellation concernant le manque de transparence de la Municipalit\u00e9 en termes d&rsquo;analyse financi\u00e8re :<\/p>\n<blockquote><p>Le 15 d\u00e9cembre 2012,\u00a0les membres de la commission des finances ont re\u00e7u une copie d&rsquo;un document intitul\u00e9, \u00ab\u00a0Analyse et planification financi\u00e8re de la commune de Villeneuve\u00a0 2012 &#8211; 2017\u00a0\u00bb.<\/p>\n<p>Ce document demand\u00e9 et attendu de longue date par la commission des finances a \u00e9t\u00e9 \u00e9tabli par la fiduciaire Pierre Busset \u00e0 la Tour-de-Peilz. Il est dat\u00e9 du 29 octobre 2012.<!--more--><\/p>\n<p>Les extraits et les conclusions suivantes sont particuli\u00e8rement importants pour les membres du Conseil communal.<\/p>\n<p><em>\u00ab\u00a0En consid\u00e9rant l&rsquo;\u00e9volution ann\u00e9e par ann\u00e9e, on remarque que l&rsquo;endettement net augmente chaque ann\u00e9e de 2012 \u00e0 2016, la progression \u00e9tant particuli\u00e8rement importante de 2012 \u00e0 2014. Les ratios de capacit\u00e9 de financement de l&rsquo;endettement et de degr\u00e9 d&rsquo;autofinancement sont insuffisants.\u00a0\u00bb<\/em><\/p>\n<p><em>\u00ab\u00a0Ces r\u00e9sultats tr\u00e8s modestes s&rsquo;expliquent par les hypoth\u00e8ses \u00e9mises sur l&rsquo;\u00e9volution du compte de fonctionnement, qui g\u00e9n\u00e8re d\u00e8s 2013 des marges d&rsquo;autofinancement pr\u00e9visionnelles inf\u00e9rieures \u00e0 celles des 10 derni\u00e8res ann\u00e9es, alors que dans le m\u00eame temps les investissements pr\u00e9vus sont tr\u00e8s importants.\u00a0\u00bb<\/em><\/p>\n<p><em>\u00ab\u00a0Cette projection montre que le plafond d&#8217;emprunts de la l\u00e9gislature 2011-2016 est largement d\u00e9pass\u00e9 \u00e0 partir de l&rsquo;exercice 2014. Il manque m\u00eame Fr. 5&rsquo;100&rsquo;000.- en 2016 pour faire face \u00e0 la situation.\u00a0\u00bb<\/em><\/p>\n<p>Pourquoi ce document n&rsquo;a-t-il pas \u00e9t\u00e9 transmis \u00e0 la commission des finances et aux conseillers communaux avant la s\u00e9ance du Conseil communal du 6 d\u00e9cembre 2012 et le vote sur le budget 2013 ?<\/p><\/blockquote>\n","protected":false},"excerpt":{"rendered":"<p>Lors de la s\u00e9ance du Conseil communal de Villeneuve du 6 f\u00e9vrier dernier, le conseiller UDC Thierry Schwitzgu\u00e9bel a d\u00e9pos\u00e9 une interpellation concernant le manque de transparence de la Municipalit\u00e9 en termes d&rsquo;analyse financi\u00e8re : Le 15 d\u00e9cembre 2012,\u00a0les membres de la commission des finances ont re\u00e7u une copie d&rsquo;un document intitul\u00e9, \u00ab\u00a0Analyse et planification [&hellip;]<\/p>\n","protected":false},"author":1,"featured_media":0,"comment_status":"closed","ping_status":"closed","sticky":false,"template":"","format":"standard","meta":{"footnotes":""},"categories":[9],"tags":[67,42,68],"class_list":["post-698","post","type-post","status-publish","format-standard","hentry","category-villeneuve","tag-budget","tag-conseil-communal","tag-finances"],"yoast_head":"<!-- This site is optimized with the Yoast SEO plugin v27.4 - https:\/\/yoast.com\/product\/yoast-seo-wordpress\/ -->\n<title>UDC Chablais &#8226; Interpellation : analyse et planification financi\u00e8re de la commune de Villeneuve<\/title>\n<meta name=\"robots\" content=\"index, follow, max-snippet:-1, max-image-preview:large, max-video-preview:-1\" \/>\n<link rel=\"canonical\" href=\"https:\/\/www.udc-chablais.ch\/?p=698\" \/>\n<meta property=\"og:locale\" content=\"fr_FR\" \/>\n<meta property=\"og:type\" content=\"article\" \/>\n<meta property=\"og:title\" content=\"UDC Chablais &#8226; Interpellation : analyse et planification financi\u00e8re de la commune de Villeneuve\" \/>\n<meta property=\"og:description\" content=\"Lors de la s\u00e9ance du Conseil communal de Villeneuve du 6 f\u00e9vrier dernier, le conseiller UDC Thierry Schwitzgu\u00e9bel a d\u00e9pos\u00e9 une interpellation concernant le manque de transparence de la Municipalit\u00e9 en termes d&rsquo;analyse financi\u00e8re : Le 15 d\u00e9cembre 2012,\u00a0les membres de la commission des finances ont re\u00e7u une copie d&rsquo;un document intitul\u00e9, \u00ab\u00a0Analyse et planification [&hellip;]\" \/>\n<meta property=\"og:url\" content=\"https:\/\/www.udc-chablais.ch\/?p=698\" \/>\n<meta property=\"og:site_name\" content=\"UDC Chablais\" \/>\n<meta property=\"article:published_time\" content=\"2013-02-08T09:46:03+00:00\" \/>\n<meta name=\"author\" content=\"webmaster\" \/>\n<meta name=\"twitter:card\" content=\"summary_large_image\" \/>\n<meta name=\"twitter:label1\" content=\"\u00c9crit par\" \/>\n\t<meta name=\"twitter:data1\" content=\"webmaster\" \/>\n\t<meta name=\"twitter:label2\" content=\"Dur\u00e9e de lecture estim\u00e9e\" \/>\n\t<meta name=\"twitter:data2\" content=\"1 minute\" \/>\n<script type=\"application\/ld+json\" class=\"yoast-schema-graph\">{\"@context\":\"https:\\\/\\\/schema.org\",\"@graph\":[{\"@type\":\"Article\",\"@id\":\"https:\\\/\\\/www.udc-chablais.ch\\\/?p=698#article\",\"isPartOf\":{\"@id\":\"https:\\\/\\\/www.udc-chablais.ch\\\/?p=698\"},\"author\":{\"name\":\"webmaster\",\"@id\":\"https:\\\/\\\/www.udc-chablais.ch\\\/#\\\/schema\\\/person\\\/b62eaf6c7a833297cce77dfb363e9fa3\"},\"headline\":\"Interpellation : analyse et planification financi\u00e8re de la commune de Villeneuve\",\"datePublished\":\"2013-02-08T09:46:03+00:00\",\"mainEntityOfPage\":{\"@id\":\"https:\\\/\\\/www.udc-chablais.ch\\\/?p=698\"},\"wordCount\":288,\"publisher\":{\"@id\":\"https:\\\/\\\/www.udc-chablais.ch\\\/#organization\"},\"keywords\":[\"budget\",\"conseil communal\",\"finances\"],\"articleSection\":[\"Villeneuve et Environs\"],\"inLanguage\":\"fr-FR\"},{\"@type\":\"WebPage\",\"@id\":\"https:\\\/\\\/www.udc-chablais.ch\\\/?p=698\",\"url\":\"https:\\\/\\\/www.udc-chablais.ch\\\/?p=698\",\"name\":\"UDC Chablais &#8226; Interpellation : analyse et planification financi\u00e8re de la commune de Villeneuve\",\"isPartOf\":{\"@id\":\"https:\\\/\\\/www.udc-chablais.ch\\\/#website\"},\"datePublished\":\"2013-02-08T09:46:03+00:00\",\"breadcrumb\":{\"@id\":\"https:\\\/\\\/www.udc-chablais.ch\\\/?p=698#breadcrumb\"},\"inLanguage\":\"fr-FR\",\"potentialAction\":[{\"@type\":\"ReadAction\",\"target\":[\"https:\\\/\\\/www.udc-chablais.ch\\\/?p=698\"]}]},{\"@type\":\"BreadcrumbList\",\"@id\":\"https:\\\/\\\/www.udc-chablais.ch\\\/?p=698#breadcrumb\",\"itemListElement\":[{\"@type\":\"ListItem\",\"position\":1,\"name\":\"Accueil\",\"item\":\"https:\\\/\\\/www.udc-chablais.ch\\\/\"},{\"@type\":\"ListItem\",\"position\":2,\"name\":\"Interpellation : analyse et planification financi\u00e8re de la commune de Villeneuve\"}]},{\"@type\":\"WebSite\",\"@id\":\"https:\\\/\\\/www.udc-chablais.ch\\\/#website\",\"url\":\"https:\\\/\\\/www.udc-chablais.ch\\\/\",\"name\":\"UDC Chablais\",\"description\":\"Une politique, la r\u00e9gion en plus\",\"publisher\":{\"@id\":\"https:\\\/\\\/www.udc-chablais.ch\\\/#organization\"},\"potentialAction\":[{\"@type\":\"SearchAction\",\"target\":{\"@type\":\"EntryPoint\",\"urlTemplate\":\"https:\\\/\\\/www.udc-chablais.ch\\\/?s={search_term_string}\"},\"query-input\":{\"@type\":\"PropertyValueSpecification\",\"valueRequired\":true,\"valueName\":\"search_term_string\"}}],\"inLanguage\":\"fr-FR\"},{\"@type\":\"Organization\",\"@id\":\"https:\\\/\\\/www.udc-chablais.ch\\\/#organization\",\"name\":\"UDC Chablais\",\"url\":\"https:\\\/\\\/www.udc-chablais.ch\\\/\",\"logo\":{\"@type\":\"ImageObject\",\"inLanguage\":\"fr-FR\",\"@id\":\"https:\\\/\\\/www.udc-chablais.ch\\\/#\\\/schema\\\/logo\\\/image\\\/\",\"url\":\"https:\\\/\\\/www.udc-chablais.ch\\\/wp-content\\\/uploads\\\/udc_chablais_logo_new_travail.jpg\",\"contentUrl\":\"https:\\\/\\\/www.udc-chablais.ch\\\/wp-content\\\/uploads\\\/udc_chablais_logo_new_travail.jpg\",\"width\":150,\"height\":150,\"caption\":\"UDC Chablais\"},\"image\":{\"@id\":\"https:\\\/\\\/www.udc-chablais.ch\\\/#\\\/schema\\\/logo\\\/image\\\/\"}},{\"@type\":\"Person\",\"@id\":\"https:\\\/\\\/www.udc-chablais.ch\\\/#\\\/schema\\\/person\\\/b62eaf6c7a833297cce77dfb363e9fa3\",\"name\":\"webmaster\",\"sameAs\":[\"http:\\\/\\\/www.dylankarlen.ch\"],\"url\":\"https:\\\/\\\/www.udc-chablais.ch\\\/?author=1\"}]}<\/script>\n<!-- \/ Yoast SEO plugin. -->","yoast_head_json":{"title":"UDC Chablais &#8226; Interpellation : analyse et planification financi\u00e8re de la commune de Villeneuve","robots":{"index":"index","follow":"follow","max-snippet":"max-snippet:-1","max-image-preview":"max-image-preview:large","max-video-preview":"max-video-preview:-1"},"canonical":"https:\/\/www.udc-chablais.ch\/?p=698","og_locale":"fr_FR","og_type":"article","og_title":"UDC Chablais &#8226; Interpellation : analyse et planification financi\u00e8re de la commune de Villeneuve","og_description":"Lors de la s\u00e9ance du Conseil communal de Villeneuve du 6 f\u00e9vrier dernier, le conseiller UDC Thierry Schwitzgu\u00e9bel a d\u00e9pos\u00e9 une interpellation concernant le manque de transparence de la Municipalit\u00e9 en termes d&rsquo;analyse financi\u00e8re : Le 15 d\u00e9cembre 2012,\u00a0les membres de la commission des finances ont re\u00e7u une copie d&rsquo;un document intitul\u00e9, \u00ab\u00a0Analyse et planification [&hellip;]","og_url":"https:\/\/www.udc-chablais.ch\/?p=698","og_site_name":"UDC Chablais","article_published_time":"2013-02-08T09:46:03+00:00","author":"webmaster","twitter_card":"summary_large_image","twitter_misc":{"\u00c9crit par":"webmaster","Dur\u00e9e de lecture estim\u00e9e":"1 minute"},"schema":{"@context":"https:\/\/schema.org","@graph":[{"@type":"Article","@id":"https:\/\/www.udc-chablais.ch\/?p=698#article","isPartOf":{"@id":"https:\/\/www.udc-chablais.ch\/?p=698"},"author":{"name":"webmaster","@id":"https:\/\/www.udc-chablais.ch\/#\/schema\/person\/b62eaf6c7a833297cce77dfb363e9fa3"},"headline":"Interpellation : analyse et planification financi\u00e8re de la commune de Villeneuve","datePublished":"2013-02-08T09:46:03+00:00","mainEntityOfPage":{"@id":"https:\/\/www.udc-chablais.ch\/?p=698"},"wordCount":288,"publisher":{"@id":"https:\/\/www.udc-chablais.ch\/#organization"},"keywords":["budget","conseil communal","finances"],"articleSection":["Villeneuve et Environs"],"inLanguage":"fr-FR"},{"@type":"WebPage","@id":"https:\/\/www.udc-chablais.ch\/?p=698","url":"https:\/\/www.udc-chablais.ch\/?p=698","name":"UDC Chablais &#8226; Interpellation : analyse et planification financi\u00e8re de la commune de Villeneuve","isPartOf":{"@id":"https:\/\/www.udc-chablais.ch\/#website"},"datePublished":"2013-02-08T09:46:03+00:00","breadcrumb":{"@id":"https:\/\/www.udc-chablais.ch\/?p=698#breadcrumb"},"inLanguage":"fr-FR","potentialAction":[{"@type":"ReadAction","target":["https:\/\/www.udc-chablais.ch\/?p=698"]}]},{"@type":"BreadcrumbList","@id":"https:\/\/www.udc-chablais.ch\/?p=698#breadcrumb","itemListElement":[{"@type":"ListItem","position":1,"name":"Accueil","item":"https:\/\/www.udc-chablais.ch\/"},{"@type":"ListItem","position":2,"name":"Interpellation : analyse et planification financi\u00e8re de la commune de Villeneuve"}]},{"@type":"WebSite","@id":"https:\/\/www.udc-chablais.ch\/#website","url":"https:\/\/www.udc-chablais.ch\/","name":"UDC Chablais","description":"Une politique, la r\u00e9gion en plus","publisher":{"@id":"https:\/\/www.udc-chablais.ch\/#organization"},"potentialAction":[{"@type":"SearchAction","target":{"@type":"EntryPoint","urlTemplate":"https:\/\/www.udc-chablais.ch\/?s={search_term_string}"},"query-input":{"@type":"PropertyValueSpecification","valueRequired":true,"valueName":"search_term_string"}}],"inLanguage":"fr-FR"},{"@type":"Organization","@id":"https:\/\/www.udc-chablais.ch\/#organization","name":"UDC Chablais","url":"https:\/\/www.udc-chablais.ch\/","logo":{"@type":"ImageObject","inLanguage":"fr-FR","@id":"https:\/\/www.udc-chablais.ch\/#\/schema\/logo\/image\/","url":"https:\/\/www.udc-chablais.ch\/wp-content\/uploads\/udc_chablais_logo_new_travail.jpg","contentUrl":"https:\/\/www.udc-chablais.ch\/wp-content\/uploads\/udc_chablais_logo_new_travail.jpg","width":150,"height":150,"caption":"UDC Chablais"},"image":{"@id":"https:\/\/www.udc-chablais.ch\/#\/schema\/logo\/image\/"}},{"@type":"Person","@id":"https:\/\/www.udc-chablais.ch\/#\/schema\/person\/b62eaf6c7a833297cce77dfb363e9fa3","name":"webmaster","sameAs":["http:\/\/www.dylankarlen.ch"],"url":"https:\/\/www.udc-chablais.ch\/?author=1"}]}},"_links":{"self":[{"href":"https:\/\/www.udc-chablais.ch\/index.php?rest_route=\/wp\/v2\/posts\/698","targetHints":{"allow":["GET"]}}],"collection":[{"href":"https:\/\/www.udc-chablais.ch\/index.php?rest_route=\/wp\/v2\/posts"}],"about":[{"href":"https:\/\/www.udc-chablais.ch\/index.php?rest_route=\/wp\/v2\/types\/post"}],"author":[{"embeddable":true,"href":"https:\/\/www.udc-chablais.ch\/index.php?rest_route=\/wp\/v2\/users\/1"}],"replies":[{"embeddable":true,"href":"https:\/\/www.udc-chablais.ch\/index.php?rest_route=%2Fwp%2Fv2%2Fcomments&post=698"}],"version-history":[{"count":2,"href":"https:\/\/www.udc-chablais.ch\/index.php?rest_route=\/wp\/v2\/posts\/698\/revisions"}],"predecessor-version":[{"id":700,"href":"https:\/\/www.udc-chablais.ch\/index.php?rest_route=\/wp\/v2\/posts\/698\/revisions\/700"}],"wp:attachment":[{"href":"https:\/\/www.udc-chablais.ch\/index.php?rest_route=%2Fwp%2Fv2%2Fmedia&parent=698"}],"wp:term":[{"taxonomy":"category","embeddable":true,"href":"https:\/\/www.udc-chablais.ch\/index.php?rest_route=%2Fwp%2Fv2%2Fcategories&post=698"},{"taxonomy":"post_tag","embeddable":true,"href":"https:\/\/www.udc-chablais.ch\/index.php?rest_route=%2Fwp%2Fv2%2Ftags&post=698"}],"curies":[{"name":"wp","href":"https:\/\/api.w.org\/{rel}","templated":true}]}}