{"id":83,"date":"2011-10-19T16:17:19","date_gmt":"2011-10-19T15:17:19","guid":{"rendered":"http:\/\/www.udc-chablais.ch\/?p=83"},"modified":"2013-07-29T11:16:44","modified_gmt":"2013-07-29T10:16:44","slug":"assemblee-generale-ordinaire-du-15-octobre-2011","status":"publish","type":"post","link":"https:\/\/www.udc-chablais.ch\/?p=83","title":{"rendered":"Assembl\u00e9e g\u00e9n\u00e9rale ordinaire du 15 octobre 2011"},"content":{"rendered":"<p>L&rsquo;Assembl\u00e9e g\u00e9n\u00e9rale ordinaire 2011 de la section s&rsquo;est d\u00e9roul\u00e9e le samedi 15 octobre. En matin\u00e9e, certains membres du parti et \u00e9lus communaux se sont retrouv\u00e9s sur la place de la gare pour un stand \u00e9lectoral, en pr\u00e9sence de nos deux candidats au Conseil national, <strong>Pierre-Alain Karlen<\/strong>, syndic de Noville (liste no 12) et <strong>Dylan Karlen<\/strong> (liste no 4).<!--more--><\/p>\n<p>L&rsquo;assembl\u00e9e a \u00e9t\u00e9 ouverte \u00e0 18h30 en compagnie de M. <strong>Guy Parmelin<\/strong>, conseiller national et candidat au Conseil des Etats, et de son \u00e9pouse. Durant la s\u00e9ance, le comit\u00e9 a \u00e9t\u00e9 renouvel\u00e9. On soulignera l&rsquo;\u00e9lection de deux nouveaux membres : Mme <strong>Brigitte Delugin<\/strong>, Conseill\u00e8re communale, au poste de secr\u00e9taire et M.<strong> Nicolas Riesen<\/strong>, en qualit\u00e9 de tr\u00e9sorier. <strong>Claudia Rithner<\/strong>, tout en restant membre du comit\u00e9, a c\u00e9d\u00e9 sa fonction de vice-pr\u00e9sidente \u00e0 <strong>Thierry Schwitzgu\u00e9bel<\/strong>.<\/p>\n<p>La soir\u00e9e s&rsquo;est poursuivie par un souper festif autour d&rsquo;une fondue chinoise. Le but \u00e9tait de f\u00eater les excellents r\u00e9sultats obtenus par notre parti aux \u00e9lections communales\u00a0 et de remercier par la m\u00eame occasion nos amis, supporters et donateurs.<\/p>\n","protected":false},"excerpt":{"rendered":"<p>L&rsquo;Assembl\u00e9e g\u00e9n\u00e9rale ordinaire 2011 de la section s&rsquo;est d\u00e9roul\u00e9e le samedi 15 octobre. En matin\u00e9e, certains membres du parti et \u00e9lus communaux se sont retrouv\u00e9s sur la place de la gare pour un stand \u00e9lectoral, en pr\u00e9sence de nos deux candidats au Conseil national, Pierre-Alain Karlen, syndic de Noville (liste no 12) et Dylan Karlen [&hellip;]<\/p>\n","protected":false},"author":1,"featured_media":0,"comment_status":"closed","ping_status":"closed","sticky":false,"template":"","format":"standard","meta":{"footnotes":""},"categories":[9],"tags":[23,16],"class_list":["post-83","post","type-post","status-publish","format-standard","hentry","category-villeneuve","tag-assemblee","tag-evenements"],"yoast_head":"<!-- This site is optimized with the Yoast SEO plugin v27.4 - https:\/\/yoast.com\/product\/yoast-seo-wordpress\/ -->\n<title>UDC Chablais &#8226; Assembl\u00e9e g\u00e9n\u00e9rale ordinaire du 15 octobre 2011<\/title>\n<meta name=\"robots\" content=\"index, follow, max-snippet:-1, max-image-preview:large, max-video-preview:-1\" \/>\n<link rel=\"canonical\" href=\"https:\/\/www.udc-chablais.ch\/?p=83\" \/>\n<meta property=\"og:locale\" content=\"fr_FR\" \/>\n<meta property=\"og:type\" content=\"article\" \/>\n<meta property=\"og:title\" content=\"UDC Chablais &#8226; Assembl\u00e9e g\u00e9n\u00e9rale ordinaire du 15 octobre 2011\" \/>\n<meta property=\"og:description\" content=\"L&rsquo;Assembl\u00e9e g\u00e9n\u00e9rale ordinaire 2011 de la section s&rsquo;est d\u00e9roul\u00e9e le samedi 15 octobre. En matin\u00e9e, certains membres du parti et \u00e9lus communaux se sont retrouv\u00e9s sur la place de la gare pour un stand \u00e9lectoral, en pr\u00e9sence de nos deux candidats au Conseil national, Pierre-Alain Karlen, syndic de Noville (liste no 12) et Dylan Karlen [&hellip;]\" \/>\n<meta property=\"og:url\" content=\"https:\/\/www.udc-chablais.ch\/?p=83\" \/>\n<meta property=\"og:site_name\" content=\"UDC Chablais\" \/>\n<meta property=\"article:published_time\" content=\"2011-10-19T15:17:19+00:00\" \/>\n<meta property=\"article:modified_time\" content=\"2013-07-29T10:16:44+00:00\" \/>\n<meta name=\"author\" content=\"webmaster\" \/>\n<meta name=\"twitter:card\" content=\"summary_large_image\" \/>\n<meta name=\"twitter:label1\" content=\"\u00c9crit par\" \/>\n\t<meta name=\"twitter:data1\" content=\"webmaster\" \/>\n\t<meta name=\"twitter:label2\" content=\"Dur\u00e9e de lecture estim\u00e9e\" \/>\n\t<meta name=\"twitter:data2\" content=\"1 minute\" \/>\n<script type=\"application\/ld+json\" class=\"yoast-schema-graph\">{\"@context\":\"https:\\\/\\\/schema.org\",\"@graph\":[{\"@type\":\"Article\",\"@id\":\"https:\\\/\\\/www.udc-chablais.ch\\\/?p=83#article\",\"isPartOf\":{\"@id\":\"https:\\\/\\\/www.udc-chablais.ch\\\/?p=83\"},\"author\":{\"name\":\"webmaster\",\"@id\":\"https:\\\/\\\/www.udc-chablais.ch\\\/#\\\/schema\\\/person\\\/b62eaf6c7a833297cce77dfb363e9fa3\"},\"headline\":\"Assembl\u00e9e g\u00e9n\u00e9rale ordinaire du 15 octobre 2011\",\"datePublished\":\"2011-10-19T15:17:19+00:00\",\"dateModified\":\"2013-07-29T10:16:44+00:00\",\"mainEntityOfPage\":{\"@id\":\"https:\\\/\\\/www.udc-chablais.ch\\\/?p=83\"},\"wordCount\":198,\"publisher\":{\"@id\":\"https:\\\/\\\/www.udc-chablais.ch\\\/#organization\"},\"keywords\":[\"assembl\u00e9e\",\"\u00e9v\u00e9nements\"],\"articleSection\":[\"Villeneuve et Environs\"],\"inLanguage\":\"fr-FR\"},{\"@type\":\"WebPage\",\"@id\":\"https:\\\/\\\/www.udc-chablais.ch\\\/?p=83\",\"url\":\"https:\\\/\\\/www.udc-chablais.ch\\\/?p=83\",\"name\":\"UDC Chablais &#8226; Assembl\u00e9e g\u00e9n\u00e9rale ordinaire du 15 octobre 2011\",\"isPartOf\":{\"@id\":\"https:\\\/\\\/www.udc-chablais.ch\\\/#website\"},\"datePublished\":\"2011-10-19T15:17:19+00:00\",\"dateModified\":\"2013-07-29T10:16:44+00:00\",\"breadcrumb\":{\"@id\":\"https:\\\/\\\/www.udc-chablais.ch\\\/?p=83#breadcrumb\"},\"inLanguage\":\"fr-FR\",\"potentialAction\":[{\"@type\":\"ReadAction\",\"target\":[\"https:\\\/\\\/www.udc-chablais.ch\\\/?p=83\"]}]},{\"@type\":\"BreadcrumbList\",\"@id\":\"https:\\\/\\\/www.udc-chablais.ch\\\/?p=83#breadcrumb\",\"itemListElement\":[{\"@type\":\"ListItem\",\"position\":1,\"name\":\"Accueil\",\"item\":\"https:\\\/\\\/www.udc-chablais.ch\\\/\"},{\"@type\":\"ListItem\",\"position\":2,\"name\":\"Assembl\u00e9e g\u00e9n\u00e9rale ordinaire du 15 octobre 2011\"}]},{\"@type\":\"WebSite\",\"@id\":\"https:\\\/\\\/www.udc-chablais.ch\\\/#website\",\"url\":\"https:\\\/\\\/www.udc-chablais.ch\\\/\",\"name\":\"UDC Chablais\",\"description\":\"Une politique, la r\u00e9gion en plus\",\"publisher\":{\"@id\":\"https:\\\/\\\/www.udc-chablais.ch\\\/#organization\"},\"potentialAction\":[{\"@type\":\"SearchAction\",\"target\":{\"@type\":\"EntryPoint\",\"urlTemplate\":\"https:\\\/\\\/www.udc-chablais.ch\\\/?s={search_term_string}\"},\"query-input\":{\"@type\":\"PropertyValueSpecification\",\"valueRequired\":true,\"valueName\":\"search_term_string\"}}],\"inLanguage\":\"fr-FR\"},{\"@type\":\"Organization\",\"@id\":\"https:\\\/\\\/www.udc-chablais.ch\\\/#organization\",\"name\":\"UDC Chablais\",\"url\":\"https:\\\/\\\/www.udc-chablais.ch\\\/\",\"logo\":{\"@type\":\"ImageObject\",\"inLanguage\":\"fr-FR\",\"@id\":\"https:\\\/\\\/www.udc-chablais.ch\\\/#\\\/schema\\\/logo\\\/image\\\/\",\"url\":\"https:\\\/\\\/www.udc-chablais.ch\\\/wp-content\\\/uploads\\\/udc_chablais_logo_new_travail.jpg\",\"contentUrl\":\"https:\\\/\\\/www.udc-chablais.ch\\\/wp-content\\\/uploads\\\/udc_chablais_logo_new_travail.jpg\",\"width\":150,\"height\":150,\"caption\":\"UDC Chablais\"},\"image\":{\"@id\":\"https:\\\/\\\/www.udc-chablais.ch\\\/#\\\/schema\\\/logo\\\/image\\\/\"}},{\"@type\":\"Person\",\"@id\":\"https:\\\/\\\/www.udc-chablais.ch\\\/#\\\/schema\\\/person\\\/b62eaf6c7a833297cce77dfb363e9fa3\",\"name\":\"webmaster\",\"sameAs\":[\"http:\\\/\\\/www.dylankarlen.ch\"],\"url\":\"https:\\\/\\\/www.udc-chablais.ch\\\/?author=1\"}]}<\/script>\n<!-- \/ Yoast SEO plugin. -->","yoast_head_json":{"title":"UDC Chablais &#8226; Assembl\u00e9e g\u00e9n\u00e9rale ordinaire du 15 octobre 2011","robots":{"index":"index","follow":"follow","max-snippet":"max-snippet:-1","max-image-preview":"max-image-preview:large","max-video-preview":"max-video-preview:-1"},"canonical":"https:\/\/www.udc-chablais.ch\/?p=83","og_locale":"fr_FR","og_type":"article","og_title":"UDC Chablais &#8226; Assembl\u00e9e g\u00e9n\u00e9rale ordinaire du 15 octobre 2011","og_description":"L&rsquo;Assembl\u00e9e g\u00e9n\u00e9rale ordinaire 2011 de la section s&rsquo;est d\u00e9roul\u00e9e le samedi 15 octobre. En matin\u00e9e, certains membres du parti et \u00e9lus communaux se sont retrouv\u00e9s sur la place de la gare pour un stand \u00e9lectoral, en pr\u00e9sence de nos deux candidats au Conseil national, Pierre-Alain Karlen, syndic de Noville (liste no 12) et Dylan Karlen [&hellip;]","og_url":"https:\/\/www.udc-chablais.ch\/?p=83","og_site_name":"UDC Chablais","article_published_time":"2011-10-19T15:17:19+00:00","article_modified_time":"2013-07-29T10:16:44+00:00","author":"webmaster","twitter_card":"summary_large_image","twitter_misc":{"\u00c9crit par":"webmaster","Dur\u00e9e de lecture estim\u00e9e":"1 minute"},"schema":{"@context":"https:\/\/schema.org","@graph":[{"@type":"Article","@id":"https:\/\/www.udc-chablais.ch\/?p=83#article","isPartOf":{"@id":"https:\/\/www.udc-chablais.ch\/?p=83"},"author":{"name":"webmaster","@id":"https:\/\/www.udc-chablais.ch\/#\/schema\/person\/b62eaf6c7a833297cce77dfb363e9fa3"},"headline":"Assembl\u00e9e g\u00e9n\u00e9rale ordinaire du 15 octobre 2011","datePublished":"2011-10-19T15:17:19+00:00","dateModified":"2013-07-29T10:16:44+00:00","mainEntityOfPage":{"@id":"https:\/\/www.udc-chablais.ch\/?p=83"},"wordCount":198,"publisher":{"@id":"https:\/\/www.udc-chablais.ch\/#organization"},"keywords":["assembl\u00e9e","\u00e9v\u00e9nements"],"articleSection":["Villeneuve et Environs"],"inLanguage":"fr-FR"},{"@type":"WebPage","@id":"https:\/\/www.udc-chablais.ch\/?p=83","url":"https:\/\/www.udc-chablais.ch\/?p=83","name":"UDC Chablais &#8226; Assembl\u00e9e g\u00e9n\u00e9rale ordinaire du 15 octobre 2011","isPartOf":{"@id":"https:\/\/www.udc-chablais.ch\/#website"},"datePublished":"2011-10-19T15:17:19+00:00","dateModified":"2013-07-29T10:16:44+00:00","breadcrumb":{"@id":"https:\/\/www.udc-chablais.ch\/?p=83#breadcrumb"},"inLanguage":"fr-FR","potentialAction":[{"@type":"ReadAction","target":["https:\/\/www.udc-chablais.ch\/?p=83"]}]},{"@type":"BreadcrumbList","@id":"https:\/\/www.udc-chablais.ch\/?p=83#breadcrumb","itemListElement":[{"@type":"ListItem","position":1,"name":"Accueil","item":"https:\/\/www.udc-chablais.ch\/"},{"@type":"ListItem","position":2,"name":"Assembl\u00e9e g\u00e9n\u00e9rale ordinaire du 15 octobre 2011"}]},{"@type":"WebSite","@id":"https:\/\/www.udc-chablais.ch\/#website","url":"https:\/\/www.udc-chablais.ch\/","name":"UDC Chablais","description":"Une politique, la r\u00e9gion en plus","publisher":{"@id":"https:\/\/www.udc-chablais.ch\/#organization"},"potentialAction":[{"@type":"SearchAction","target":{"@type":"EntryPoint","urlTemplate":"https:\/\/www.udc-chablais.ch\/?s={search_term_string}"},"query-input":{"@type":"PropertyValueSpecification","valueRequired":true,"valueName":"search_term_string"}}],"inLanguage":"fr-FR"},{"@type":"Organization","@id":"https:\/\/www.udc-chablais.ch\/#organization","name":"UDC Chablais","url":"https:\/\/www.udc-chablais.ch\/","logo":{"@type":"ImageObject","inLanguage":"fr-FR","@id":"https:\/\/www.udc-chablais.ch\/#\/schema\/logo\/image\/","url":"https:\/\/www.udc-chablais.ch\/wp-content\/uploads\/udc_chablais_logo_new_travail.jpg","contentUrl":"https:\/\/www.udc-chablais.ch\/wp-content\/uploads\/udc_chablais_logo_new_travail.jpg","width":150,"height":150,"caption":"UDC Chablais"},"image":{"@id":"https:\/\/www.udc-chablais.ch\/#\/schema\/logo\/image\/"}},{"@type":"Person","@id":"https:\/\/www.udc-chablais.ch\/#\/schema\/person\/b62eaf6c7a833297cce77dfb363e9fa3","name":"webmaster","sameAs":["http:\/\/www.dylankarlen.ch"],"url":"https:\/\/www.udc-chablais.ch\/?author=1"}]}},"_links":{"self":[{"href":"https:\/\/www.udc-chablais.ch\/index.php?rest_route=\/wp\/v2\/posts\/83","targetHints":{"allow":["GET"]}}],"collection":[{"href":"https:\/\/www.udc-chablais.ch\/index.php?rest_route=\/wp\/v2\/posts"}],"about":[{"href":"https:\/\/www.udc-chablais.ch\/index.php?rest_route=\/wp\/v2\/types\/post"}],"author":[{"embeddable":true,"href":"https:\/\/www.udc-chablais.ch\/index.php?rest_route=\/wp\/v2\/users\/1"}],"replies":[{"embeddable":true,"href":"https:\/\/www.udc-chablais.ch\/index.php?rest_route=%2Fwp%2Fv2%2Fcomments&post=83"}],"version-history":[{"count":7,"href":"https:\/\/www.udc-chablais.ch\/index.php?rest_route=\/wp\/v2\/posts\/83\/revisions"}],"predecessor-version":[{"id":947,"href":"https:\/\/www.udc-chablais.ch\/index.php?rest_route=\/wp\/v2\/posts\/83\/revisions\/947"}],"wp:attachment":[{"href":"https:\/\/www.udc-chablais.ch\/index.php?rest_route=%2Fwp%2Fv2%2Fmedia&parent=83"}],"wp:term":[{"taxonomy":"category","embeddable":true,"href":"https:\/\/www.udc-chablais.ch\/index.php?rest_route=%2Fwp%2Fv2%2Fcategories&post=83"},{"taxonomy":"post_tag","embeddable":true,"href":"https:\/\/www.udc-chablais.ch\/index.php?rest_route=%2Fwp%2Fv2%2Ftags&post=83"}],"curies":[{"name":"wp","href":"https:\/\/api.w.org\/{rel}","templated":true}]}}