{"id":874,"date":"2013-06-26T07:55:01","date_gmt":"2013-06-26T06:55:01","guid":{"rendered":"http:\/\/www.udc-chablais.ch\/?p=874"},"modified":"2013-06-26T08:00:15","modified_gmt":"2013-06-26T07:00:15","slug":"les-elus-au-contact-de-leurs-electeurs","status":"publish","type":"post","link":"https:\/\/www.udc-chablais.ch\/?p=874","title":{"rendered":"Les \u00e9lus au contact de leurs \u00e9lecteurs"},"content":{"rendered":"<div id='gallery-1' class='gallery galleryid-874 gallery-columns-3 gallery-size-thumbnail'><figure class='gallery-item'>\n\t\t\t<div class='gallery-icon landscape'>\n\t\t\t\t<a href='https:\/\/www.udc-chablais.ch\/?attachment_id=876'><img loading=\"lazy\" decoding=\"async\" width=\"150\" height=\"150\" src=\"https:\/\/www.udc-chablais.ch\/wp-content\/uploads\/2013\/06\/20130625_201323-150x150.jpg\" class=\"attachment-thumbnail size-thumbnail\" alt=\"\" \/><\/a>\n\t\t\t<\/div><\/figure><figure class='gallery-item'>\n\t\t\t<div class='gallery-icon landscape'>\n\t\t\t\t<a href='https:\/\/www.udc-chablais.ch\/?attachment_id=877'><img loading=\"lazy\" decoding=\"async\" width=\"150\" height=\"150\" src=\"https:\/\/www.udc-chablais.ch\/wp-content\/uploads\/2013\/06\/20130625_201335-150x150.jpg\" class=\"attachment-thumbnail size-thumbnail\" alt=\"\" \/><\/a>\n\t\t\t<\/div><\/figure><figure class='gallery-item'>\n\t\t\t<div class='gallery-icon landscape'>\n\t\t\t\t<a href='https:\/\/www.udc-chablais.ch\/?attachment_id=879'><img loading=\"lazy\" decoding=\"async\" width=\"150\" height=\"150\" src=\"https:\/\/www.udc-chablais.ch\/wp-content\/uploads\/2013\/06\/20130625_201411-150x150.jpg\" class=\"attachment-thumbnail size-thumbnail\" alt=\"\" \/><\/a>\n\t\t\t<\/div><\/figure><figure class='gallery-item'>\n\t\t\t<div class='gallery-icon landscape'>\n\t\t\t\t<a href='https:\/\/www.udc-chablais.ch\/?attachment_id=880'><img loading=\"lazy\" decoding=\"async\" width=\"150\" height=\"150\" src=\"https:\/\/www.udc-chablais.ch\/wp-content\/uploads\/2013\/06\/20130625_201421-150x150.jpg\" class=\"attachment-thumbnail size-thumbnail\" alt=\"\" \/><\/a>\n\t\t\t<\/div><\/figure><figure class='gallery-item'>\n\t\t\t<div class='gallery-icon landscape'>\n\t\t\t\t<a href='https:\/\/www.udc-chablais.ch\/?attachment_id=881'><img loading=\"lazy\" decoding=\"async\" width=\"150\" height=\"150\" src=\"https:\/\/www.udc-chablais.ch\/wp-content\/uploads\/2013\/06\/20130625_201654-150x150.jpg\" class=\"attachment-thumbnail size-thumbnail\" alt=\"\" \/><\/a>\n\t\t\t<\/div><\/figure><figure class='gallery-item'>\n\t\t\t<div class='gallery-icon landscape'>\n\t\t\t\t<a href='https:\/\/www.udc-chablais.ch\/?attachment_id=882'><img loading=\"lazy\" decoding=\"async\" width=\"150\" height=\"150\" src=\"https:\/\/www.udc-chablais.ch\/wp-content\/uploads\/2013\/06\/20130625_203656-150x150.jpg\" class=\"attachment-thumbnail size-thumbnail\" alt=\"\" \/><\/a>\n\t\t\t<\/div><\/figure><figure class='gallery-item'>\n\t\t\t<div class='gallery-icon landscape'>\n\t\t\t\t<a href='https:\/\/www.udc-chablais.ch\/?attachment_id=883'><img loading=\"lazy\" decoding=\"async\" width=\"150\" height=\"150\" src=\"https:\/\/www.udc-chablais.ch\/wp-content\/uploads\/2013\/06\/20130625_203712-150x150.jpg\" class=\"attachment-thumbnail size-thumbnail\" alt=\"\" \/><\/a>\n\t\t\t<\/div><\/figure><figure class='gallery-item'>\n\t\t\t<div class='gallery-icon landscape'>\n\t\t\t\t<a href='https:\/\/www.udc-chablais.ch\/?attachment_id=884'><img loading=\"lazy\" decoding=\"async\" width=\"150\" height=\"150\" src=\"https:\/\/www.udc-chablais.ch\/wp-content\/uploads\/2013\/06\/20130625_203740-150x150.jpg\" class=\"attachment-thumbnail size-thumbnail\" alt=\"\" \/><\/a>\n\t\t\t<\/div><\/figure><figure class='gallery-item'>\n\t\t\t<div class='gallery-icon landscape'>\n\t\t\t\t<a href='https:\/\/www.udc-chablais.ch\/?attachment_id=885'><img loading=\"lazy\" decoding=\"async\" width=\"150\" height=\"150\" src=\"https:\/\/www.udc-chablais.ch\/wp-content\/uploads\/2013\/06\/20130625_203818-150x150.jpg\" class=\"attachment-thumbnail size-thumbnail\" alt=\"\" \/><\/a>\n\t\t\t<\/div><\/figure><figure class='gallery-item'>\n\t\t\t<div class='gallery-icon landscape'>\n\t\t\t\t<a href='https:\/\/www.udc-chablais.ch\/?attachment_id=886'><img loading=\"lazy\" decoding=\"async\" width=\"150\" height=\"150\" src=\"https:\/\/www.udc-chablais.ch\/wp-content\/uploads\/2013\/06\/20130625_210737-150x150.jpg\" class=\"attachment-thumbnail size-thumbnail\" alt=\"\" \/><\/a>\n\t\t\t<\/div><\/figure><figure class='gallery-item'>\n\t\t\t<div class='gallery-icon landscape'>\n\t\t\t\t<a href='https:\/\/www.udc-chablais.ch\/?attachment_id=887'><img loading=\"lazy\" decoding=\"async\" width=\"150\" height=\"150\" src=\"https:\/\/www.udc-chablais.ch\/wp-content\/uploads\/2013\/06\/20130625_210937-150x150.jpg\" class=\"attachment-thumbnail size-thumbnail\" alt=\"\" \/><\/a>\n\t\t\t<\/div><\/figure><figure class='gallery-item'>\n\t\t\t<div class='gallery-icon landscape'>\n\t\t\t\t<a href='https:\/\/www.udc-chablais.ch\/?attachment_id=888'><img loading=\"lazy\" decoding=\"async\" width=\"150\" height=\"150\" src=\"https:\/\/www.udc-chablais.ch\/wp-content\/uploads\/2013\/06\/20130625_213026-150x150.jpg\" class=\"attachment-thumbnail size-thumbnail\" alt=\"\" \/><\/a>\n\t\t\t<\/div><\/figure><figure class='gallery-item'>\n\t\t\t<div class='gallery-icon landscape'>\n\t\t\t\t<a href='https:\/\/www.udc-chablais.ch\/?attachment_id=889'><img loading=\"lazy\" decoding=\"async\" width=\"150\" height=\"150\" src=\"https:\/\/www.udc-chablais.ch\/wp-content\/uploads\/2013\/06\/20130625_213032-150x150.jpg\" class=\"attachment-thumbnail size-thumbnail\" alt=\"\" \/><\/a>\n\t\t\t<\/div><\/figure><figure class='gallery-item'>\n\t\t\t<div class='gallery-icon landscape'>\n\t\t\t\t<a href='https:\/\/www.udc-chablais.ch\/?attachment_id=890'><img loading=\"lazy\" decoding=\"async\" width=\"150\" height=\"150\" src=\"https:\/\/www.udc-chablais.ch\/wp-content\/uploads\/2013\/06\/20130625_221028-150x150.jpg\" class=\"attachment-thumbnail size-thumbnail\" alt=\"\" \/><\/a>\n\t\t\t<\/div><\/figure>\n\t\t<\/div>\n\n<p>Mardi 25 juin dernier, les conseillers nationaux Guy Parmelin et Pierre-Fran\u00e7ois Veillon \u00e9taient pr\u00e9sents \u00e0 Villeneuve pour \u00e9voquer les d\u00e9cisions marquantes de la derni\u00e8re session des Chambres f\u00e9d\u00e9rales. M. Veillon a d\u00e9but\u00e9 la soir\u00e9e par un r\u00e9cit pr\u00e9cis et pertinent du vote sur la fameuse et n\u00e9anmoins controvers\u00e9e \u00ab\u00a0Lex USA\u00a0\u00bb. Le public a bien pu se rendre compte de la grave atteinte \u00e0 notre souverainet\u00e9 que l&rsquo;adoption d&rsquo;une telle loi aurait engendr\u00e9.<\/p>\n<p><a href=\"http:\/\/www.udc-chablais.ch.preview02.oxito.com\/wp-content\/uploads\/2013\/06\/flyer_25_juin_def.jpg\"><img loading=\"lazy\" decoding=\"async\" class=\"size-medium wp-image-823 alignleft\" title=\"flyer_25_juin_def\" src=\"http:\/\/www.udc-chablais.ch.preview02.oxito.com\/wp-content\/uploads\/2013\/06\/flyer_25_juin_def-212x300.jpg\" alt=\"\" width=\"212\" height=\"300\" srcset=\"https:\/\/www.udc-chablais.ch\/wp-content\/uploads\/2013\/06\/flyer_25_juin_def-212x300.jpg 212w, https:\/\/www.udc-chablais.ch\/wp-content\/uploads\/2013\/06\/flyer_25_juin_def-726x1024.jpg 726w, https:\/\/www.udc-chablais.ch\/wp-content\/uploads\/2013\/06\/flyer_25_juin_def.jpg 1241w\" sizes=\"auto, (max-width: 212px) 100vw, 212px\" \/><\/a><\/p>\n<p>Guy Parmelin a quant \u00e0 lui pr\u00e9sent\u00e9 dans les d\u00e9tails la r\u00e9vision de l&rsquo;AI qui a finalement \u00e9t\u00e9 enterr\u00e9e par les Chambres. Plusieurs auditeurs ont exprim\u00e9 leur inqui\u00e9tude par rapport aux perspectives de hausse de la TVA et de la fiscalit\u00e9 en g\u00e9n\u00e9ral. Les \u00e9lus ont bien pr\u00e9cis\u00e9 que fort heureusement, l&rsquo;UDC faisait figure de \u00ab\u00a0gardien du temple\u00a0\u00bb contre toute hausse de la fiscalit\u00e9. N\u00e9anmoins, la situation financi\u00e8re de l&rsquo;AI et de l&rsquo;AVS n\u00e9cessite de prendre des mesures d&rsquo;assainissement pour assurer la p\u00e9rennit\u00e9 des prestations.<\/p>\n<p>Mme Fabienne Despot, d\u00e9put\u00e9e de Vevey, a pr\u00e9sent\u00e9 \u00e0 l&rsquo;auditoire le th\u00e8me r\u00e9cemment discut\u00e9 au Grand Conseil de la caisse de pension de l&rsquo;Etat de Vaud et de sa recapitalisation. Le groupe UDC s&rsquo;est oppos\u00e9 \u00e0 ce projet, estimant que ce n&rsquo;\u00e9tait pas \u00e0 l&rsquo;ensemble des contribuables vaudois de renflouer cette caisse, destin\u00e9e aux employ\u00e9s de l&rsquo;Etat.<\/p>\n<p>Enfin, le conseiller communal villeneuvois Thierry Schwitzgu\u00e9bel a expliqu\u00e9 au public la situation urbanistique \u00e0 Villeneuve. Un cruel manque de vision globale et \u00e0 long terme pr\u00e9t\u00e9rite le d\u00e9veloppement de la commune, la mobilit\u00e9 et en d\u00e9finitive la qualit\u00e9 de vie des habitants. Le d\u00e9put\u00e9 de Vevey Bastien Schobinger a donn\u00e9 quelques informations sur la probl\u00e9matique de la mobilit\u00e9 dans la r\u00e9gion de Villeneuve.<\/p>\n","protected":false},"excerpt":{"rendered":"<p>Mardi 25 juin dernier, les conseillers nationaux Guy Parmelin et Pierre-Fran\u00e7ois Veillon \u00e9taient pr\u00e9sents \u00e0 Villeneuve pour \u00e9voquer les d\u00e9cisions marquantes de la derni\u00e8re session des Chambres f\u00e9d\u00e9rales. M. Veillon a d\u00e9but\u00e9 la soir\u00e9e par un r\u00e9cit pr\u00e9cis et pertinent du vote sur la fameuse et n\u00e9anmoins controvers\u00e9e \u00ab\u00a0Lex USA\u00a0\u00bb. Le public a bien pu [&hellip;]<\/p>\n","protected":false},"author":4,"featured_media":0,"comment_status":"closed","ping_status":"closed","sticky":false,"template":"","format":"standard","meta":{"footnotes":""},"categories":[13,9],"tags":[47,72,65,77],"class_list":["post-874","post","type-post","status-publish","format-standard","hentry","category-chablais","category-villeneuve","tag-debat","tag-police-des-constructions","tag-transports","tag-urbanisme"],"yoast_head":"<!-- This site is optimized with the Yoast SEO plugin v27.4 - https:\/\/yoast.com\/product\/yoast-seo-wordpress\/ -->\n<title>UDC Chablais &#8226; Les \u00e9lus au contact de leurs \u00e9lecteurs<\/title>\n<meta name=\"robots\" content=\"index, follow, max-snippet:-1, max-image-preview:large, max-video-preview:-1\" \/>\n<link rel=\"canonical\" href=\"https:\/\/www.udc-chablais.ch\/?p=874\" \/>\n<meta property=\"og:locale\" content=\"fr_FR\" \/>\n<meta property=\"og:type\" content=\"article\" \/>\n<meta property=\"og:title\" content=\"UDC Chablais &#8226; Les \u00e9lus au contact de leurs \u00e9lecteurs\" \/>\n<meta property=\"og:description\" content=\"Mardi 25 juin dernier, les conseillers nationaux Guy Parmelin et Pierre-Fran\u00e7ois Veillon \u00e9taient pr\u00e9sents \u00e0 Villeneuve pour \u00e9voquer les d\u00e9cisions marquantes de la derni\u00e8re session des Chambres f\u00e9d\u00e9rales. M. Veillon a d\u00e9but\u00e9 la soir\u00e9e par un r\u00e9cit pr\u00e9cis et pertinent du vote sur la fameuse et n\u00e9anmoins controvers\u00e9e \u00ab\u00a0Lex USA\u00a0\u00bb. Le public a bien pu [&hellip;]\" \/>\n<meta property=\"og:url\" content=\"https:\/\/www.udc-chablais.ch\/?p=874\" \/>\n<meta property=\"og:site_name\" content=\"UDC Chablais\" \/>\n<meta property=\"article:published_time\" content=\"2013-06-26T06:55:01+00:00\" \/>\n<meta property=\"article:modified_time\" content=\"2013-06-26T07:00:15+00:00\" \/>\n<meta property=\"og:image\" content=\"https:\/\/www.udc-chablais.ch\/wp-content\/uploads\/2013\/06\/20130625_201323-150x150.jpg\" \/>\n<meta name=\"author\" content=\"dylankarlen\" \/>\n<meta name=\"twitter:card\" content=\"summary_large_image\" \/>\n<meta name=\"twitter:label1\" content=\"\u00c9crit par\" \/>\n\t<meta name=\"twitter:data1\" content=\"dylankarlen\" \/>\n\t<meta name=\"twitter:label2\" content=\"Dur\u00e9e de lecture estim\u00e9e\" \/>\n\t<meta name=\"twitter:data2\" content=\"2 minutes\" \/>\n<script type=\"application\/ld+json\" class=\"yoast-schema-graph\">{\"@context\":\"https:\\\/\\\/schema.org\",\"@graph\":[{\"@type\":\"Article\",\"@id\":\"https:\\\/\\\/www.udc-chablais.ch\\\/?p=874#article\",\"isPartOf\":{\"@id\":\"https:\\\/\\\/www.udc-chablais.ch\\\/?p=874\"},\"author\":{\"name\":\"dylankarlen\",\"@id\":\"https:\\\/\\\/www.udc-chablais.ch\\\/#\\\/schema\\\/person\\\/9a1331f9d3596d11e69de408ae6bd1b3\"},\"headline\":\"Les \u00e9lus au contact de leurs \u00e9lecteurs\",\"datePublished\":\"2013-06-26T06:55:01+00:00\",\"dateModified\":\"2013-06-26T07:00:15+00:00\",\"mainEntityOfPage\":{\"@id\":\"https:\\\/\\\/www.udc-chablais.ch\\\/?p=874\"},\"wordCount\":329,\"publisher\":{\"@id\":\"https:\\\/\\\/www.udc-chablais.ch\\\/#organization\"},\"image\":{\"@id\":\"https:\\\/\\\/www.udc-chablais.ch\\\/?p=874#primaryimage\"},\"thumbnailUrl\":\"http:\\\/\\\/www.udc-chablais.ch.preview02.oxito.com\\\/wp-content\\\/uploads\\\/2013\\\/06\\\/flyer_25_juin_def-212x300.jpg\",\"keywords\":[\"d\u00e9bat\",\"police des constructions\",\"transports\",\"urbanisme\"],\"articleSection\":[\"Chablais\",\"Villeneuve et Environs\"],\"inLanguage\":\"fr-FR\"},{\"@type\":\"WebPage\",\"@id\":\"https:\\\/\\\/www.udc-chablais.ch\\\/?p=874\",\"url\":\"https:\\\/\\\/www.udc-chablais.ch\\\/?p=874\",\"name\":\"UDC Chablais &#8226; Les \u00e9lus au contact de leurs \u00e9lecteurs\",\"isPartOf\":{\"@id\":\"https:\\\/\\\/www.udc-chablais.ch\\\/#website\"},\"primaryImageOfPage\":{\"@id\":\"https:\\\/\\\/www.udc-chablais.ch\\\/?p=874#primaryimage\"},\"image\":{\"@id\":\"https:\\\/\\\/www.udc-chablais.ch\\\/?p=874#primaryimage\"},\"thumbnailUrl\":\"http:\\\/\\\/www.udc-chablais.ch.preview02.oxito.com\\\/wp-content\\\/uploads\\\/2013\\\/06\\\/flyer_25_juin_def-212x300.jpg\",\"datePublished\":\"2013-06-26T06:55:01+00:00\",\"dateModified\":\"2013-06-26T07:00:15+00:00\",\"breadcrumb\":{\"@id\":\"https:\\\/\\\/www.udc-chablais.ch\\\/?p=874#breadcrumb\"},\"inLanguage\":\"fr-FR\",\"potentialAction\":[{\"@type\":\"ReadAction\",\"target\":[\"https:\\\/\\\/www.udc-chablais.ch\\\/?p=874\"]}]},{\"@type\":\"ImageObject\",\"inLanguage\":\"fr-FR\",\"@id\":\"https:\\\/\\\/www.udc-chablais.ch\\\/?p=874#primaryimage\",\"url\":\"http:\\\/\\\/www.udc-chablais.ch.preview02.oxito.com\\\/wp-content\\\/uploads\\\/2013\\\/06\\\/flyer_25_juin_def-212x300.jpg\",\"contentUrl\":\"http:\\\/\\\/www.udc-chablais.ch.preview02.oxito.com\\\/wp-content\\\/uploads\\\/2013\\\/06\\\/flyer_25_juin_def-212x300.jpg\"},{\"@type\":\"BreadcrumbList\",\"@id\":\"https:\\\/\\\/www.udc-chablais.ch\\\/?p=874#breadcrumb\",\"itemListElement\":[{\"@type\":\"ListItem\",\"position\":1,\"name\":\"Accueil\",\"item\":\"https:\\\/\\\/www.udc-chablais.ch\\\/\"},{\"@type\":\"ListItem\",\"position\":2,\"name\":\"Les \u00e9lus au contact de leurs \u00e9lecteurs\"}]},{\"@type\":\"WebSite\",\"@id\":\"https:\\\/\\\/www.udc-chablais.ch\\\/#website\",\"url\":\"https:\\\/\\\/www.udc-chablais.ch\\\/\",\"name\":\"UDC Chablais\",\"description\":\"Une politique, la r\u00e9gion en plus\",\"publisher\":{\"@id\":\"https:\\\/\\\/www.udc-chablais.ch\\\/#organization\"},\"potentialAction\":[{\"@type\":\"SearchAction\",\"target\":{\"@type\":\"EntryPoint\",\"urlTemplate\":\"https:\\\/\\\/www.udc-chablais.ch\\\/?s={search_term_string}\"},\"query-input\":{\"@type\":\"PropertyValueSpecification\",\"valueRequired\":true,\"valueName\":\"search_term_string\"}}],\"inLanguage\":\"fr-FR\"},{\"@type\":\"Organization\",\"@id\":\"https:\\\/\\\/www.udc-chablais.ch\\\/#organization\",\"name\":\"UDC Chablais\",\"url\":\"https:\\\/\\\/www.udc-chablais.ch\\\/\",\"logo\":{\"@type\":\"ImageObject\",\"inLanguage\":\"fr-FR\",\"@id\":\"https:\\\/\\\/www.udc-chablais.ch\\\/#\\\/schema\\\/logo\\\/image\\\/\",\"url\":\"https:\\\/\\\/www.udc-chablais.ch\\\/wp-content\\\/uploads\\\/udc_chablais_logo_new_travail.jpg\",\"contentUrl\":\"https:\\\/\\\/www.udc-chablais.ch\\\/wp-content\\\/uploads\\\/udc_chablais_logo_new_travail.jpg\",\"width\":150,\"height\":150,\"caption\":\"UDC Chablais\"},\"image\":{\"@id\":\"https:\\\/\\\/www.udc-chablais.ch\\\/#\\\/schema\\\/logo\\\/image\\\/\"}},{\"@type\":\"Person\",\"@id\":\"https:\\\/\\\/www.udc-chablais.ch\\\/#\\\/schema\\\/person\\\/9a1331f9d3596d11e69de408ae6bd1b3\",\"name\":\"dylankarlen\",\"sameAs\":[\"http:\\\/\\\/www.dylankarlen.ch\"],\"url\":\"https:\\\/\\\/www.udc-chablais.ch\\\/?author=4\"}]}<\/script>\n<!-- \/ Yoast SEO plugin. -->","yoast_head_json":{"title":"UDC Chablais &#8226; Les \u00e9lus au contact de leurs \u00e9lecteurs","robots":{"index":"index","follow":"follow","max-snippet":"max-snippet:-1","max-image-preview":"max-image-preview:large","max-video-preview":"max-video-preview:-1"},"canonical":"https:\/\/www.udc-chablais.ch\/?p=874","og_locale":"fr_FR","og_type":"article","og_title":"UDC Chablais &#8226; Les \u00e9lus au contact de leurs \u00e9lecteurs","og_description":"Mardi 25 juin dernier, les conseillers nationaux Guy Parmelin et Pierre-Fran\u00e7ois Veillon \u00e9taient pr\u00e9sents \u00e0 Villeneuve pour \u00e9voquer les d\u00e9cisions marquantes de la derni\u00e8re session des Chambres f\u00e9d\u00e9rales. M. Veillon a d\u00e9but\u00e9 la soir\u00e9e par un r\u00e9cit pr\u00e9cis et pertinent du vote sur la fameuse et n\u00e9anmoins controvers\u00e9e \u00ab\u00a0Lex USA\u00a0\u00bb. Le public a bien pu [&hellip;]","og_url":"https:\/\/www.udc-chablais.ch\/?p=874","og_site_name":"UDC Chablais","article_published_time":"2013-06-26T06:55:01+00:00","article_modified_time":"2013-06-26T07:00:15+00:00","og_image":[{"url":"https:\/\/www.udc-chablais.ch\/wp-content\/uploads\/2013\/06\/20130625_201323-150x150.jpg","type":"","width":"","height":""}],"author":"dylankarlen","twitter_card":"summary_large_image","twitter_misc":{"\u00c9crit par":"dylankarlen","Dur\u00e9e de lecture estim\u00e9e":"2 minutes"},"schema":{"@context":"https:\/\/schema.org","@graph":[{"@type":"Article","@id":"https:\/\/www.udc-chablais.ch\/?p=874#article","isPartOf":{"@id":"https:\/\/www.udc-chablais.ch\/?p=874"},"author":{"name":"dylankarlen","@id":"https:\/\/www.udc-chablais.ch\/#\/schema\/person\/9a1331f9d3596d11e69de408ae6bd1b3"},"headline":"Les \u00e9lus au contact de leurs \u00e9lecteurs","datePublished":"2013-06-26T06:55:01+00:00","dateModified":"2013-06-26T07:00:15+00:00","mainEntityOfPage":{"@id":"https:\/\/www.udc-chablais.ch\/?p=874"},"wordCount":329,"publisher":{"@id":"https:\/\/www.udc-chablais.ch\/#organization"},"image":{"@id":"https:\/\/www.udc-chablais.ch\/?p=874#primaryimage"},"thumbnailUrl":"http:\/\/www.udc-chablais.ch.preview02.oxito.com\/wp-content\/uploads\/2013\/06\/flyer_25_juin_def-212x300.jpg","keywords":["d\u00e9bat","police des constructions","transports","urbanisme"],"articleSection":["Chablais","Villeneuve et Environs"],"inLanguage":"fr-FR"},{"@type":"WebPage","@id":"https:\/\/www.udc-chablais.ch\/?p=874","url":"https:\/\/www.udc-chablais.ch\/?p=874","name":"UDC Chablais &#8226; Les \u00e9lus au contact de leurs \u00e9lecteurs","isPartOf":{"@id":"https:\/\/www.udc-chablais.ch\/#website"},"primaryImageOfPage":{"@id":"https:\/\/www.udc-chablais.ch\/?p=874#primaryimage"},"image":{"@id":"https:\/\/www.udc-chablais.ch\/?p=874#primaryimage"},"thumbnailUrl":"http:\/\/www.udc-chablais.ch.preview02.oxito.com\/wp-content\/uploads\/2013\/06\/flyer_25_juin_def-212x300.jpg","datePublished":"2013-06-26T06:55:01+00:00","dateModified":"2013-06-26T07:00:15+00:00","breadcrumb":{"@id":"https:\/\/www.udc-chablais.ch\/?p=874#breadcrumb"},"inLanguage":"fr-FR","potentialAction":[{"@type":"ReadAction","target":["https:\/\/www.udc-chablais.ch\/?p=874"]}]},{"@type":"ImageObject","inLanguage":"fr-FR","@id":"https:\/\/www.udc-chablais.ch\/?p=874#primaryimage","url":"http:\/\/www.udc-chablais.ch.preview02.oxito.com\/wp-content\/uploads\/2013\/06\/flyer_25_juin_def-212x300.jpg","contentUrl":"http:\/\/www.udc-chablais.ch.preview02.oxito.com\/wp-content\/uploads\/2013\/06\/flyer_25_juin_def-212x300.jpg"},{"@type":"BreadcrumbList","@id":"https:\/\/www.udc-chablais.ch\/?p=874#breadcrumb","itemListElement":[{"@type":"ListItem","position":1,"name":"Accueil","item":"https:\/\/www.udc-chablais.ch\/"},{"@type":"ListItem","position":2,"name":"Les \u00e9lus au contact de leurs \u00e9lecteurs"}]},{"@type":"WebSite","@id":"https:\/\/www.udc-chablais.ch\/#website","url":"https:\/\/www.udc-chablais.ch\/","name":"UDC Chablais","description":"Une politique, la r\u00e9gion en plus","publisher":{"@id":"https:\/\/www.udc-chablais.ch\/#organization"},"potentialAction":[{"@type":"SearchAction","target":{"@type":"EntryPoint","urlTemplate":"https:\/\/www.udc-chablais.ch\/?s={search_term_string}"},"query-input":{"@type":"PropertyValueSpecification","valueRequired":true,"valueName":"search_term_string"}}],"inLanguage":"fr-FR"},{"@type":"Organization","@id":"https:\/\/www.udc-chablais.ch\/#organization","name":"UDC Chablais","url":"https:\/\/www.udc-chablais.ch\/","logo":{"@type":"ImageObject","inLanguage":"fr-FR","@id":"https:\/\/www.udc-chablais.ch\/#\/schema\/logo\/image\/","url":"https:\/\/www.udc-chablais.ch\/wp-content\/uploads\/udc_chablais_logo_new_travail.jpg","contentUrl":"https:\/\/www.udc-chablais.ch\/wp-content\/uploads\/udc_chablais_logo_new_travail.jpg","width":150,"height":150,"caption":"UDC Chablais"},"image":{"@id":"https:\/\/www.udc-chablais.ch\/#\/schema\/logo\/image\/"}},{"@type":"Person","@id":"https:\/\/www.udc-chablais.ch\/#\/schema\/person\/9a1331f9d3596d11e69de408ae6bd1b3","name":"dylankarlen","sameAs":["http:\/\/www.dylankarlen.ch"],"url":"https:\/\/www.udc-chablais.ch\/?author=4"}]}},"_links":{"self":[{"href":"https:\/\/www.udc-chablais.ch\/index.php?rest_route=\/wp\/v2\/posts\/874","targetHints":{"allow":["GET"]}}],"collection":[{"href":"https:\/\/www.udc-chablais.ch\/index.php?rest_route=\/wp\/v2\/posts"}],"about":[{"href":"https:\/\/www.udc-chablais.ch\/index.php?rest_route=\/wp\/v2\/types\/post"}],"author":[{"embeddable":true,"href":"https:\/\/www.udc-chablais.ch\/index.php?rest_route=\/wp\/v2\/users\/4"}],"replies":[{"embeddable":true,"href":"https:\/\/www.udc-chablais.ch\/index.php?rest_route=%2Fwp%2Fv2%2Fcomments&post=874"}],"version-history":[{"count":6,"href":"https:\/\/www.udc-chablais.ch\/index.php?rest_route=\/wp\/v2\/posts\/874\/revisions"}],"predecessor-version":[{"id":892,"href":"https:\/\/www.udc-chablais.ch\/index.php?rest_route=\/wp\/v2\/posts\/874\/revisions\/892"}],"wp:attachment":[{"href":"https:\/\/www.udc-chablais.ch\/index.php?rest_route=%2Fwp%2Fv2%2Fmedia&parent=874"}],"wp:term":[{"taxonomy":"category","embeddable":true,"href":"https:\/\/www.udc-chablais.ch\/index.php?rest_route=%2Fwp%2Fv2%2Fcategories&post=874"},{"taxonomy":"post_tag","embeddable":true,"href":"https:\/\/www.udc-chablais.ch\/index.php?rest_route=%2Fwp%2Fv2%2Ftags&post=874"}],"curies":[{"name":"wp","href":"https:\/\/api.w.org\/{rel}","templated":true}]}}