{"id":952,"date":"2013-09-13T08:57:53","date_gmt":"2013-09-13T07:57:53","guid":{"rendered":"http:\/\/www.udc-chablais.ch\/?p=952"},"modified":"2013-09-13T09:04:43","modified_gmt":"2013-09-13T08:04:43","slug":"udc-villeneuve-info-2013-01","status":"publish","type":"post","link":"https:\/\/www.udc-chablais.ch\/?p=952","title":{"rendered":"UDC VILLENEUVE INFO #2013-01"},"content":{"rendered":"<p><a href=\"http:\/\/www.udc-chablais.ch.preview02.oxito.com\/wp-content\/uploads\/2013\/09\/banner_newsletter.png\"><img loading=\"lazy\" decoding=\"async\" class=\"alignleft size-full wp-image-953\" title=\"banner_newsletter\" src=\"http:\/\/www.udc-chablais.ch.preview02.oxito.com\/wp-content\/uploads\/2013\/09\/banner_newsletter.png\" alt=\"\" width=\"600\" height=\"142\" srcset=\"https:\/\/www.udc-chablais.ch\/wp-content\/uploads\/2013\/09\/banner_newsletter.png 600w, https:\/\/www.udc-chablais.ch\/wp-content\/uploads\/2013\/09\/banner_newsletter-300x71.png 300w\" sizes=\"auto, (max-width: 600px) 100vw, 600px\" \/><\/a><\/p>\n<p style=\"text-align: left;\"><span style=\"color: #888888;\"><em>#2013-01 \/\/ Villeneuve, le 12 septembre 2013<\/em><\/span><\/p>\n<p><strong>Nouvelle lettre d&rsquo;information de l&rsquo;UDC Villeneuve et environs<\/strong><\/p>\n<p>Comme vous pouvez le constater, la section UDC Villeneuve et environs inaugure \u00e0 l&rsquo;instant son nouvel outil de communication. Cette lettre d&rsquo;information relatera les principaux d\u00e9bats men\u00e9s au Conseil communal de Villeneuve pour notre groupe politique ainsi que les principales actions organis\u00e9es par la section. N&rsquo;h\u00e9sitez \u00e9videmment pas \u00e0 faire circuler ces informations aupr\u00e8s de vos connaissances. &gt; <a href=\"http:\/\/www.udc-chablais.ch\/\" target=\"_blank\">http:\/\/www.udc-chablais.ch\/<\/a><\/p>\n<p><!--more--><\/p>\n<p>&nbsp;<\/p>\n<p><strong>Non \u00e0 l&rsquo;initiative du GSsA contre l&rsquo;obligation de servir !<\/strong><\/p>\n<p>L&rsquo;UDC Villeneuve et environs s&rsquo;engage fermement contre l&rsquo;initiative lanc\u00e9e par le Groupement pour une Suisse sans arm\u00e9e (GSsA) soumise au peuple le 22 septembre prochain. Plusieurs affiches ont \u00e9t\u00e9 pos\u00e9es sur le territoire communal villeneuvois. En outre, un stand d&rsquo;information est organis\u00e9 le <strong>samedi 14 septembre 2013, de 09h00 \u00e0 12h00, sur la Place de la Gare<\/strong><strong>, \u00e0 Villeneuve<\/strong> (devant le kiosque). De la documentation et des repr\u00e9sentants du comit\u00e9 r\u00e9gional contre cette initiative d\u00e9faste pour la s\u00e9curit\u00e9 nationale seront \u00e0 votre disposition. Le traditionnel verre de l&rsquo;amiti\u00e9 vous sera \u00e9galement offert. Venez nombreux. &gt; <a href=\"http:\/\/initiative-contre-securite-non.ch\/\" target=\"_blank\">http:\/\/initiative-contre-securite-non.ch\/<\/a><\/p>\n<p>&nbsp;<\/p>\n<p><strong>Villeneuve : nouveau r\u00e8glement sur les d\u00e9chets<\/strong><\/p>\n<p>Lors de la prochaine s\u00e9ance du Conseil communal de Villeneuve, le nouveau r\u00e8glement communal sur la gestion des d\u00e9chets sera soumis \u00e0 l&rsquo;examen des conseillers. Le groupe UDC va s&rsquo;engager pour le retour du ramassage des sacs au porte-\u00e0-porte, comme cela se faisait avant 2006. En outre, le parti \u00e9met de s\u00e9rieux doutes quant \u00e0 l&rsquo;adh\u00e9sion de la commune au syst\u00e8me de sacs r\u00e9gionalis\u00e9 (le fameux sac blanc). En effet, le manque de transparence et de contr\u00f4le politique sur cette organisation, ainsi que la perte de souverainet\u00e9 communale relative \u00e0 la fixation du prix des sacs, impos\u00e9 d&rsquo;en-haut, conduisent \u00e0 refuser cette aventure, alors que le syst\u00e8me actuel des sacs officiels orange a fait ses preuves. La suite au prochain \u00e9pisode&#8230;<\/p>\n<p>&nbsp;<\/p>\n<p><strong>Villeneuve : interminable d\u00e9bat sur les nouvelles chaises des conseillers communaux<\/strong><\/p>\n<p>Suite \u00e0 un postulat d\u00e9pos\u00e9 par un conseiller PLR demandant le remplacement des fauteuils du Conseil communal, la commission charg\u00e9e de rapporter n&rsquo;en finit pas de tergiverser sur les hypoth\u00e9tiques solutions afin de permettre aux \u00e9lus de pouvoir poser leurs documents ailleurs que sur leurs genoux. c&rsquo;est impressionnant de constater la quantit\u00e9 d&rsquo;\u00e9nergie d\u00e9pens\u00e9e inutilement pour ce sujet, alors que le Conseil ne si\u00e8ge que 7 fois par ann\u00e9e, pour des s\u00e9ances de 2 heures maximum, alors que les si\u00e8ges actuels sont beaux, se marient bien avec notre vieil h\u00f4tel de ville et demeurent malgr\u00e9 tout confortables. Le groupe UDC souhaite classer ce postulat au plus vite afin que le parlement s&rsquo;attaque \u00e0 des probl\u00e8mes plus importants que le confort de ses petites fesses&#8230;<\/p>\n<p>&nbsp;<\/p>\n<p><strong>Course anniversaire des 10 ans de la section<\/strong><\/p>\n<p>Rappel : Pour c\u00e9l\u00e9brer comme il se doit les 10 ans d\u2019existence de notre section UDC Villeneuve et environs, le comit\u00e9 a le plaisir de vous inviter \u00e0 sa sortie d\u2019anniversaire au Mus\u00e9e de l\u2019habitat rural de Ballenberg\u00a0: <strong>samedi 28 septembre 2013<\/strong>, d\u00e9part \u00e0 07h30 de la gare de Villeneuve, retour pr\u00e9vu \u00e0 18h00, prendre un pique-nique individuel sur place, Fr. 65.- par personne (couple Fr. 120.-). Il reste encore des places dans le bus ! Ambiance garantie !<\/p>\n<p>Inscription : <a href=\"mailto:villeneuve@udc-chablais.ch\" target=\"_blank\">villeneuve@udc-chablais.ch<\/a> jusqu&rsquo;au 25 septembre 2013.<\/p>\n","protected":false},"excerpt":{"rendered":"<p>#2013-01 \/\/ Villeneuve, le 12 septembre 2013 Nouvelle lettre d&rsquo;information de l&rsquo;UDC Villeneuve et environs Comme vous pouvez le constater, la section UDC Villeneuve et environs inaugure \u00e0 l&rsquo;instant son nouvel outil de communication. Cette lettre d&rsquo;information relatera les principaux d\u00e9bats men\u00e9s au Conseil communal de Villeneuve pour notre groupe politique ainsi que les principales [&hellip;]<\/p>\n","protected":false},"author":1,"featured_media":0,"comment_status":"closed","ping_status":"closed","sticky":false,"template":"","format":"standard","meta":{"footnotes":""},"categories":[9],"tags":[42,70,16,81],"class_list":["post-952","post","type-post","status-publish","format-standard","hentry","category-villeneuve","tag-conseil-communal","tag-dechets","tag-evenements","tag-lettre-dinformation"],"yoast_head":"<!-- This site is optimized with the Yoast SEO plugin v27.4 - https:\/\/yoast.com\/product\/yoast-seo-wordpress\/ -->\n<title>UDC Chablais &#8226; UDC VILLENEUVE INFO #2013-01<\/title>\n<meta name=\"robots\" content=\"index, follow, max-snippet:-1, max-image-preview:large, max-video-preview:-1\" \/>\n<link rel=\"canonical\" href=\"https:\/\/www.udc-chablais.ch\/?p=952\" \/>\n<meta property=\"og:locale\" content=\"fr_FR\" \/>\n<meta property=\"og:type\" content=\"article\" \/>\n<meta property=\"og:title\" content=\"UDC Chablais &#8226; UDC VILLENEUVE INFO #2013-01\" \/>\n<meta property=\"og:description\" content=\"#2013-01 \/\/ Villeneuve, le 12 septembre 2013 Nouvelle lettre d&rsquo;information de l&rsquo;UDC Villeneuve et environs Comme vous pouvez le constater, la section UDC Villeneuve et environs inaugure \u00e0 l&rsquo;instant son nouvel outil de communication. Cette lettre d&rsquo;information relatera les principaux d\u00e9bats men\u00e9s au Conseil communal de Villeneuve pour notre groupe politique ainsi que les principales [&hellip;]\" \/>\n<meta property=\"og:url\" content=\"https:\/\/www.udc-chablais.ch\/?p=952\" \/>\n<meta property=\"og:site_name\" content=\"UDC Chablais\" \/>\n<meta property=\"article:published_time\" content=\"2013-09-13T07:57:53+00:00\" \/>\n<meta property=\"article:modified_time\" content=\"2013-09-13T08:04:43+00:00\" \/>\n<meta property=\"og:image\" content=\"http:\/\/www.udc-chablais.ch.preview02.oxito.com\/wp-content\/uploads\/2013\/09\/banner_newsletter.png\" \/>\n<meta name=\"author\" content=\"webmaster\" \/>\n<meta name=\"twitter:card\" content=\"summary_large_image\" \/>\n<meta name=\"twitter:label1\" content=\"\u00c9crit par\" \/>\n\t<meta name=\"twitter:data1\" content=\"webmaster\" \/>\n\t<meta name=\"twitter:label2\" content=\"Dur\u00e9e de lecture estim\u00e9e\" \/>\n\t<meta name=\"twitter:data2\" content=\"3 minutes\" \/>\n<script type=\"application\/ld+json\" class=\"yoast-schema-graph\">{\"@context\":\"https:\\\/\\\/schema.org\",\"@graph\":[{\"@type\":\"Article\",\"@id\":\"https:\\\/\\\/www.udc-chablais.ch\\\/?p=952#article\",\"isPartOf\":{\"@id\":\"https:\\\/\\\/www.udc-chablais.ch\\\/?p=952\"},\"author\":{\"name\":\"webmaster\",\"@id\":\"https:\\\/\\\/www.udc-chablais.ch\\\/#\\\/schema\\\/person\\\/b62eaf6c7a833297cce77dfb363e9fa3\"},\"headline\":\"UDC VILLENEUVE INFO #2013-01\",\"datePublished\":\"2013-09-13T07:57:53+00:00\",\"dateModified\":\"2013-09-13T08:04:43+00:00\",\"mainEntityOfPage\":{\"@id\":\"https:\\\/\\\/www.udc-chablais.ch\\\/?p=952\"},\"wordCount\":580,\"publisher\":{\"@id\":\"https:\\\/\\\/www.udc-chablais.ch\\\/#organization\"},\"image\":{\"@id\":\"https:\\\/\\\/www.udc-chablais.ch\\\/?p=952#primaryimage\"},\"thumbnailUrl\":\"http:\\\/\\\/www.udc-chablais.ch.preview02.oxito.com\\\/wp-content\\\/uploads\\\/2013\\\/09\\\/banner_newsletter.png\",\"keywords\":[\"conseil communal\",\"d\u00e9chets\",\"\u00e9v\u00e9nements\",\"lettre d'information\"],\"articleSection\":[\"Villeneuve et Environs\"],\"inLanguage\":\"fr-FR\"},{\"@type\":\"WebPage\",\"@id\":\"https:\\\/\\\/www.udc-chablais.ch\\\/?p=952\",\"url\":\"https:\\\/\\\/www.udc-chablais.ch\\\/?p=952\",\"name\":\"UDC Chablais &#8226; UDC VILLENEUVE INFO #2013-01\",\"isPartOf\":{\"@id\":\"https:\\\/\\\/www.udc-chablais.ch\\\/#website\"},\"primaryImageOfPage\":{\"@id\":\"https:\\\/\\\/www.udc-chablais.ch\\\/?p=952#primaryimage\"},\"image\":{\"@id\":\"https:\\\/\\\/www.udc-chablais.ch\\\/?p=952#primaryimage\"},\"thumbnailUrl\":\"http:\\\/\\\/www.udc-chablais.ch.preview02.oxito.com\\\/wp-content\\\/uploads\\\/2013\\\/09\\\/banner_newsletter.png\",\"datePublished\":\"2013-09-13T07:57:53+00:00\",\"dateModified\":\"2013-09-13T08:04:43+00:00\",\"breadcrumb\":{\"@id\":\"https:\\\/\\\/www.udc-chablais.ch\\\/?p=952#breadcrumb\"},\"inLanguage\":\"fr-FR\",\"potentialAction\":[{\"@type\":\"ReadAction\",\"target\":[\"https:\\\/\\\/www.udc-chablais.ch\\\/?p=952\"]}]},{\"@type\":\"ImageObject\",\"inLanguage\":\"fr-FR\",\"@id\":\"https:\\\/\\\/www.udc-chablais.ch\\\/?p=952#primaryimage\",\"url\":\"http:\\\/\\\/www.udc-chablais.ch.preview02.oxito.com\\\/wp-content\\\/uploads\\\/2013\\\/09\\\/banner_newsletter.png\",\"contentUrl\":\"http:\\\/\\\/www.udc-chablais.ch.preview02.oxito.com\\\/wp-content\\\/uploads\\\/2013\\\/09\\\/banner_newsletter.png\"},{\"@type\":\"BreadcrumbList\",\"@id\":\"https:\\\/\\\/www.udc-chablais.ch\\\/?p=952#breadcrumb\",\"itemListElement\":[{\"@type\":\"ListItem\",\"position\":1,\"name\":\"Accueil\",\"item\":\"https:\\\/\\\/www.udc-chablais.ch\\\/\"},{\"@type\":\"ListItem\",\"position\":2,\"name\":\"UDC VILLENEUVE INFO #2013-01\"}]},{\"@type\":\"WebSite\",\"@id\":\"https:\\\/\\\/www.udc-chablais.ch\\\/#website\",\"url\":\"https:\\\/\\\/www.udc-chablais.ch\\\/\",\"name\":\"UDC Chablais\",\"description\":\"Une politique, la r\u00e9gion en plus\",\"publisher\":{\"@id\":\"https:\\\/\\\/www.udc-chablais.ch\\\/#organization\"},\"potentialAction\":[{\"@type\":\"SearchAction\",\"target\":{\"@type\":\"EntryPoint\",\"urlTemplate\":\"https:\\\/\\\/www.udc-chablais.ch\\\/?s={search_term_string}\"},\"query-input\":{\"@type\":\"PropertyValueSpecification\",\"valueRequired\":true,\"valueName\":\"search_term_string\"}}],\"inLanguage\":\"fr-FR\"},{\"@type\":\"Organization\",\"@id\":\"https:\\\/\\\/www.udc-chablais.ch\\\/#organization\",\"name\":\"UDC Chablais\",\"url\":\"https:\\\/\\\/www.udc-chablais.ch\\\/\",\"logo\":{\"@type\":\"ImageObject\",\"inLanguage\":\"fr-FR\",\"@id\":\"https:\\\/\\\/www.udc-chablais.ch\\\/#\\\/schema\\\/logo\\\/image\\\/\",\"url\":\"https:\\\/\\\/www.udc-chablais.ch\\\/wp-content\\\/uploads\\\/udc_chablais_logo_new_travail.jpg\",\"contentUrl\":\"https:\\\/\\\/www.udc-chablais.ch\\\/wp-content\\\/uploads\\\/udc_chablais_logo_new_travail.jpg\",\"width\":150,\"height\":150,\"caption\":\"UDC Chablais\"},\"image\":{\"@id\":\"https:\\\/\\\/www.udc-chablais.ch\\\/#\\\/schema\\\/logo\\\/image\\\/\"}},{\"@type\":\"Person\",\"@id\":\"https:\\\/\\\/www.udc-chablais.ch\\\/#\\\/schema\\\/person\\\/b62eaf6c7a833297cce77dfb363e9fa3\",\"name\":\"webmaster\",\"sameAs\":[\"http:\\\/\\\/www.dylankarlen.ch\"],\"url\":\"https:\\\/\\\/www.udc-chablais.ch\\\/?author=1\"}]}<\/script>\n<!-- \/ Yoast SEO plugin. -->","yoast_head_json":{"title":"UDC Chablais &#8226; UDC VILLENEUVE INFO #2013-01","robots":{"index":"index","follow":"follow","max-snippet":"max-snippet:-1","max-image-preview":"max-image-preview:large","max-video-preview":"max-video-preview:-1"},"canonical":"https:\/\/www.udc-chablais.ch\/?p=952","og_locale":"fr_FR","og_type":"article","og_title":"UDC Chablais &#8226; UDC VILLENEUVE INFO #2013-01","og_description":"#2013-01 \/\/ Villeneuve, le 12 septembre 2013 Nouvelle lettre d&rsquo;information de l&rsquo;UDC Villeneuve et environs Comme vous pouvez le constater, la section UDC Villeneuve et environs inaugure \u00e0 l&rsquo;instant son nouvel outil de communication. Cette lettre d&rsquo;information relatera les principaux d\u00e9bats men\u00e9s au Conseil communal de Villeneuve pour notre groupe politique ainsi que les principales [&hellip;]","og_url":"https:\/\/www.udc-chablais.ch\/?p=952","og_site_name":"UDC Chablais","article_published_time":"2013-09-13T07:57:53+00:00","article_modified_time":"2013-09-13T08:04:43+00:00","og_image":[{"url":"http:\/\/www.udc-chablais.ch.preview02.oxito.com\/wp-content\/uploads\/2013\/09\/banner_newsletter.png","type":"","width":"","height":""}],"author":"webmaster","twitter_card":"summary_large_image","twitter_misc":{"\u00c9crit par":"webmaster","Dur\u00e9e de lecture estim\u00e9e":"3 minutes"},"schema":{"@context":"https:\/\/schema.org","@graph":[{"@type":"Article","@id":"https:\/\/www.udc-chablais.ch\/?p=952#article","isPartOf":{"@id":"https:\/\/www.udc-chablais.ch\/?p=952"},"author":{"name":"webmaster","@id":"https:\/\/www.udc-chablais.ch\/#\/schema\/person\/b62eaf6c7a833297cce77dfb363e9fa3"},"headline":"UDC VILLENEUVE INFO #2013-01","datePublished":"2013-09-13T07:57:53+00:00","dateModified":"2013-09-13T08:04:43+00:00","mainEntityOfPage":{"@id":"https:\/\/www.udc-chablais.ch\/?p=952"},"wordCount":580,"publisher":{"@id":"https:\/\/www.udc-chablais.ch\/#organization"},"image":{"@id":"https:\/\/www.udc-chablais.ch\/?p=952#primaryimage"},"thumbnailUrl":"http:\/\/www.udc-chablais.ch.preview02.oxito.com\/wp-content\/uploads\/2013\/09\/banner_newsletter.png","keywords":["conseil communal","d\u00e9chets","\u00e9v\u00e9nements","lettre d'information"],"articleSection":["Villeneuve et Environs"],"inLanguage":"fr-FR"},{"@type":"WebPage","@id":"https:\/\/www.udc-chablais.ch\/?p=952","url":"https:\/\/www.udc-chablais.ch\/?p=952","name":"UDC Chablais &#8226; UDC VILLENEUVE INFO #2013-01","isPartOf":{"@id":"https:\/\/www.udc-chablais.ch\/#website"},"primaryImageOfPage":{"@id":"https:\/\/www.udc-chablais.ch\/?p=952#primaryimage"},"image":{"@id":"https:\/\/www.udc-chablais.ch\/?p=952#primaryimage"},"thumbnailUrl":"http:\/\/www.udc-chablais.ch.preview02.oxito.com\/wp-content\/uploads\/2013\/09\/banner_newsletter.png","datePublished":"2013-09-13T07:57:53+00:00","dateModified":"2013-09-13T08:04:43+00:00","breadcrumb":{"@id":"https:\/\/www.udc-chablais.ch\/?p=952#breadcrumb"},"inLanguage":"fr-FR","potentialAction":[{"@type":"ReadAction","target":["https:\/\/www.udc-chablais.ch\/?p=952"]}]},{"@type":"ImageObject","inLanguage":"fr-FR","@id":"https:\/\/www.udc-chablais.ch\/?p=952#primaryimage","url":"http:\/\/www.udc-chablais.ch.preview02.oxito.com\/wp-content\/uploads\/2013\/09\/banner_newsletter.png","contentUrl":"http:\/\/www.udc-chablais.ch.preview02.oxito.com\/wp-content\/uploads\/2013\/09\/banner_newsletter.png"},{"@type":"BreadcrumbList","@id":"https:\/\/www.udc-chablais.ch\/?p=952#breadcrumb","itemListElement":[{"@type":"ListItem","position":1,"name":"Accueil","item":"https:\/\/www.udc-chablais.ch\/"},{"@type":"ListItem","position":2,"name":"UDC VILLENEUVE INFO #2013-01"}]},{"@type":"WebSite","@id":"https:\/\/www.udc-chablais.ch\/#website","url":"https:\/\/www.udc-chablais.ch\/","name":"UDC Chablais","description":"Une politique, la r\u00e9gion en plus","publisher":{"@id":"https:\/\/www.udc-chablais.ch\/#organization"},"potentialAction":[{"@type":"SearchAction","target":{"@type":"EntryPoint","urlTemplate":"https:\/\/www.udc-chablais.ch\/?s={search_term_string}"},"query-input":{"@type":"PropertyValueSpecification","valueRequired":true,"valueName":"search_term_string"}}],"inLanguage":"fr-FR"},{"@type":"Organization","@id":"https:\/\/www.udc-chablais.ch\/#organization","name":"UDC Chablais","url":"https:\/\/www.udc-chablais.ch\/","logo":{"@type":"ImageObject","inLanguage":"fr-FR","@id":"https:\/\/www.udc-chablais.ch\/#\/schema\/logo\/image\/","url":"https:\/\/www.udc-chablais.ch\/wp-content\/uploads\/udc_chablais_logo_new_travail.jpg","contentUrl":"https:\/\/www.udc-chablais.ch\/wp-content\/uploads\/udc_chablais_logo_new_travail.jpg","width":150,"height":150,"caption":"UDC Chablais"},"image":{"@id":"https:\/\/www.udc-chablais.ch\/#\/schema\/logo\/image\/"}},{"@type":"Person","@id":"https:\/\/www.udc-chablais.ch\/#\/schema\/person\/b62eaf6c7a833297cce77dfb363e9fa3","name":"webmaster","sameAs":["http:\/\/www.dylankarlen.ch"],"url":"https:\/\/www.udc-chablais.ch\/?author=1"}]}},"_links":{"self":[{"href":"https:\/\/www.udc-chablais.ch\/index.php?rest_route=\/wp\/v2\/posts\/952","targetHints":{"allow":["GET"]}}],"collection":[{"href":"https:\/\/www.udc-chablais.ch\/index.php?rest_route=\/wp\/v2\/posts"}],"about":[{"href":"https:\/\/www.udc-chablais.ch\/index.php?rest_route=\/wp\/v2\/types\/post"}],"author":[{"embeddable":true,"href":"https:\/\/www.udc-chablais.ch\/index.php?rest_route=\/wp\/v2\/users\/1"}],"replies":[{"embeddable":true,"href":"https:\/\/www.udc-chablais.ch\/index.php?rest_route=%2Fwp%2Fv2%2Fcomments&post=952"}],"version-history":[{"count":4,"href":"https:\/\/www.udc-chablais.ch\/index.php?rest_route=\/wp\/v2\/posts\/952\/revisions"}],"predecessor-version":[{"id":955,"href":"https:\/\/www.udc-chablais.ch\/index.php?rest_route=\/wp\/v2\/posts\/952\/revisions\/955"}],"wp:attachment":[{"href":"https:\/\/www.udc-chablais.ch\/index.php?rest_route=%2Fwp%2Fv2%2Fmedia&parent=952"}],"wp:term":[{"taxonomy":"category","embeddable":true,"href":"https:\/\/www.udc-chablais.ch\/index.php?rest_route=%2Fwp%2Fv2%2Fcategories&post=952"},{"taxonomy":"post_tag","embeddable":true,"href":"https:\/\/www.udc-chablais.ch\/index.php?rest_route=%2Fwp%2Fv2%2Ftags&post=952"}],"curies":[{"name":"wp","href":"https:\/\/api.w.org\/{rel}","templated":true}]}}